{"id":4068,"date":"2019-07-01T12:29:22","date_gmt":"2019-07-01T10:29:22","guid":{"rendered":"https:\/\/nodusbarbera.cat\/convocada-una-nueva-edicion-de-los-premios-mujer-tic\/"},"modified":"2020-02-18T16:17:25","modified_gmt":"2020-02-18T14:17:25","slug":"convocada-una-nueva-edicion-de-los-premios-mujer-tic","status":"publish","type":"post","link":"https:\/\/nodusbarbera.cat\/es\/convocada-una-nueva-edicion-de-los-premios-mujer-tic\/","title":{"rendered":"Convocada una nueva edici\u00f3n de los Premios Mujer TIC"},"content":{"rendered":"<p>Destinados a impulsar y dar visibilidad a mujeres del \u00e1mbito tecnol\u00f3gico, estos premios en promueven el acceso, incrementan su presencia, reconocen el papel esencial de aquellas que ya pertenecen al mundo TIC y, en definitiva, fomentan la participaci\u00f3n en la construcci\u00f3n de la sociedad digital con criterios de igualdad. <!--more--><\/p>\n<p>Est\u00e1n organizados por el Departament de Pol\u00edtiques Digitals i Administraci\u00f3 P\u00fablica de la Generalitat de Catalunya, junto con el Observatori Dona, Empresa i Economia de la Cambra de Comer\u00e7 de Barcelona.<\/p>\n<p>Se entregar\u00e1n el D\u00eda de Ada Lovelace, el 8 de octubre, y <strong>puede presentar candidatura hasta el 16 de septiembre<\/strong>.<\/p>\n<p>M\u00e1s informaci\u00f3n sobre los <strong><a href=\"http:\/\/politiquesdigitals.gencat.cat\/ca\/tic\/premisdonatic\/\" target=\"_blank\" rel=\"noopener noreferrer\">premios Mujer TIC<\/a><\/strong><\/p>\n","protected":false},"excerpt":{"rendered":"<p>Destinados a impulsar y dar visibilidad a mujeres del \u00e1mbito tecnol\u00f3gico, estos premios en promueven el acceso, incrementan su presencia, reconocen el papel esencial de aquellas que ya pertenecen al mundo TIC y, en definitiva, fomentan la participaci\u00f3n en la construcci\u00f3n de la sociedad digital con criterios de igualdad.<\/p>\n","protected":false},"author":2,"featured_media":3309,"comment_status":"closed","ping_status":"closed","sticky":false,"template":"","format":"standard","meta":{"footnotes":""},"categories":[9],"tags":[],"class_list":["post-4068","post","type-post","status-publish","format-standard","has-post-thumbnail","hentry","category-noticias"],"yoast_head":"<!-- This site is optimized with the Yoast SEO plugin v27.5 - https:\/\/yoast.com\/product\/yoast-seo-wordpress\/ -->\n<title>Convocada una nueva edici\u00f3n de los Premios Mujer TIC - Nodus Barber\u00e0<\/title>\n<meta name=\"robots\" content=\"index, follow, max-snippet:-1, max-image-preview:large, max-video-preview:-1\" \/>\n<link rel=\"canonical\" href=\"https:\/\/nodusbarbera.cat\/es\/convocada-una-nueva-edicion-de-los-premios-mujer-tic\/\" \/>\n<meta property=\"og:locale\" content=\"es_ES\" \/>\n<meta property=\"og:type\" content=\"article\" \/>\n<meta property=\"og:title\" content=\"Convocada una nueva edici\u00f3n de los Premios Mujer TIC - Nodus Barber\u00e0\" \/>\n<meta property=\"og:description\" content=\"Destinados a impulsar y dar visibilidad a mujeres del \u00e1mbito tecnol\u00f3gico, estos premios en promueven el acceso, incrementan su presencia, reconocen el papel esencial de aquellas que ya pertenecen al mundo TIC y, en definitiva, fomentan la participaci\u00f3n en la construcci\u00f3n de la sociedad digital con criterios de igualdad.\" \/>\n<meta property=\"og:url\" content=\"https:\/\/nodusbarbera.cat\/es\/convocada-una-nueva-edicion-de-los-premios-mujer-tic\/\" \/>\n<meta property=\"og:site_name\" content=\"Nodus Barber\u00e0\" \/>\n<meta property=\"article:publisher\" content=\"https:\/\/www.facebook.com\/nodusbarbera\" \/>\n<meta property=\"article:published_time\" content=\"2019-07-01T10:29:22+00:00\" \/>\n<meta property=\"article:modified_time\" content=\"2020-02-18T14:17:25+00:00\" \/>\n<meta property=\"og:image\" content=\"https:\/\/i2.wp.com\/nodusbarbera.cat\/wp-content\/uploads\/premis-donaTIC-diputacio-de-barcelona.jpg?fit=1000%2C748&ssl=1\" \/>\n\t<meta property=\"og:image:width\" content=\"1000\" \/>\n\t<meta property=\"og:image:height\" content=\"748\" \/>\n\t<meta property=\"og:image:type\" content=\"image\/jpeg\" \/>\n<meta name=\"author\" content=\"webmaster\" \/>\n<meta name=\"twitter:card\" content=\"summary_large_image\" \/>\n<meta name=\"twitter:creator\" content=\"@nodusbarbera\" \/>\n<meta name=\"twitter:site\" content=\"@nodusbarbera\" \/>\n<meta name=\"twitter:label1\" content=\"Escrito por\" \/>\n\t<meta name=\"twitter:data1\" content=\"webmaster\" \/>\n\t<meta name=\"twitter:label2\" content=\"Tiempo de lectura\" \/>\n\t<meta name=\"twitter:data2\" content=\"1 minuto\" \/>\n<script type=\"application\/ld+json\" class=\"yoast-schema-graph\">{\"@context\":\"https:\\\/\\\/schema.org\",\"@graph\":[{\"@type\":\"Article\",\"@id\":\"https:\\\/\\\/nodusbarbera.cat\\\/es\\\/convocada-una-nueva-edicion-de-los-premios-mujer-tic\\\/#article\",\"isPartOf\":{\"@id\":\"https:\\\/\\\/nodusbarbera.cat\\\/es\\\/convocada-una-nueva-edicion-de-los-premios-mujer-tic\\\/\"},\"author\":{\"name\":\"webmaster\",\"@id\":\"https:\\\/\\\/nodusbarbera.cat\\\/#\\\/schema\\\/person\\\/f3356bf21f659e7e41d958bbb784cfe4\"},\"headline\":\"Convocada una nueva edici\u00f3n de los Premios Mujer TIC\",\"datePublished\":\"2019-07-01T10:29:22+00:00\",\"dateModified\":\"2020-02-18T14:17:25+00:00\",\"mainEntityOfPage\":{\"@id\":\"https:\\\/\\\/nodusbarbera.cat\\\/es\\\/convocada-una-nueva-edicion-de-los-premios-mujer-tic\\\/\"},\"wordCount\":125,\"publisher\":{\"@id\":\"https:\\\/\\\/nodusbarbera.cat\\\/#organization\"},\"image\":{\"@id\":\"https:\\\/\\\/nodusbarbera.cat\\\/es\\\/convocada-una-nueva-edicion-de-los-premios-mujer-tic\\\/#primaryimage\"},\"thumbnailUrl\":\"https:\\\/\\\/nodusbarbera.cat\\\/wp-content\\\/uploads\\\/premis-donaTIC-diputacio-de-barcelona.jpg\",\"articleSection\":[\"Noticias\"],\"inLanguage\":\"es\"},{\"@type\":\"WebPage\",\"@id\":\"https:\\\/\\\/nodusbarbera.cat\\\/es\\\/convocada-una-nueva-edicion-de-los-premios-mujer-tic\\\/\",\"url\":\"https:\\\/\\\/nodusbarbera.cat\\\/es\\\/convocada-una-nueva-edicion-de-los-premios-mujer-tic\\\/\",\"name\":\"Convocada una nueva edici\u00f3n de los Premios Mujer TIC - Nodus Barber\u00e0\",\"isPartOf\":{\"@id\":\"https:\\\/\\\/nodusbarbera.cat\\\/#website\"},\"primaryImageOfPage\":{\"@id\":\"https:\\\/\\\/nodusbarbera.cat\\\/es\\\/convocada-una-nueva-edicion-de-los-premios-mujer-tic\\\/#primaryimage\"},\"image\":{\"@id\":\"https:\\\/\\\/nodusbarbera.cat\\\/es\\\/convocada-una-nueva-edicion-de-los-premios-mujer-tic\\\/#primaryimage\"},\"thumbnailUrl\":\"https:\\\/\\\/nodusbarbera.cat\\\/wp-content\\\/uploads\\\/premis-donaTIC-diputacio-de-barcelona.jpg\",\"datePublished\":\"2019-07-01T10:29:22+00:00\",\"dateModified\":\"2020-02-18T14:17:25+00:00\",\"breadcrumb\":{\"@id\":\"https:\\\/\\\/nodusbarbera.cat\\\/es\\\/convocada-una-nueva-edicion-de-los-premios-mujer-tic\\\/#breadcrumb\"},\"inLanguage\":\"es\",\"potentialAction\":[{\"@type\":\"ReadAction\",\"target\":[\"https:\\\/\\\/nodusbarbera.cat\\\/es\\\/convocada-una-nueva-edicion-de-los-premios-mujer-tic\\\/\"]}]},{\"@type\":\"ImageObject\",\"inLanguage\":\"es\",\"@id\":\"https:\\\/\\\/nodusbarbera.cat\\\/es\\\/convocada-una-nueva-edicion-de-los-premios-mujer-tic\\\/#primaryimage\",\"url\":\"https:\\\/\\\/nodusbarbera.cat\\\/wp-content\\\/uploads\\\/premis-donaTIC-diputacio-de-barcelona.jpg\",\"contentUrl\":\"https:\\\/\\\/nodusbarbera.cat\\\/wp-content\\\/uploads\\\/premis-donaTIC-diputacio-de-barcelona.jpg\",\"width\":1000,\"height\":748,\"caption\":\"Premios MujerTIC diputaci\u00f3n de Barcelona\"},{\"@type\":\"BreadcrumbList\",\"@id\":\"https:\\\/\\\/nodusbarbera.cat\\\/es\\\/convocada-una-nueva-edicion-de-los-premios-mujer-tic\\\/#breadcrumb\",\"itemListElement\":[{\"@type\":\"ListItem\",\"position\":1,\"name\":\"Inici\",\"item\":\"https:\\\/\\\/nodusbarbera.cat\\\/\"},{\"@type\":\"ListItem\",\"position\":2,\"name\":\"Convocada una nueva edici\u00f3n de los Premios Mujer TIC\"}]},{\"@type\":\"WebSite\",\"@id\":\"https:\\\/\\\/nodusbarbera.cat\\\/#website\",\"url\":\"https:\\\/\\\/nodusbarbera.cat\\\/\",\"name\":\"Nodus Barber\u00e0\",\"description\":\"Lloguer d&#039;oficines i despatxos a Barber\u00e0 del Vall\u00e8s, Barcelona.\",\"publisher\":{\"@id\":\"https:\\\/\\\/nodusbarbera.cat\\\/#organization\"},\"potentialAction\":[{\"@type\":\"SearchAction\",\"target\":{\"@type\":\"EntryPoint\",\"urlTemplate\":\"https:\\\/\\\/nodusbarbera.cat\\\/?s={search_term_string}\"},\"query-input\":{\"@type\":\"PropertyValueSpecification\",\"valueRequired\":true,\"valueName\":\"search_term_string\"}}],\"inLanguage\":\"es\"},{\"@type\":\"Organization\",\"@id\":\"https:\\\/\\\/nodusbarbera.cat\\\/#organization\",\"name\":\"Nodus Barber\u00e0\",\"url\":\"https:\\\/\\\/nodusbarbera.cat\\\/\",\"logo\":{\"@type\":\"ImageObject\",\"inLanguage\":\"es\",\"@id\":\"https:\\\/\\\/nodusbarbera.cat\\\/#\\\/schema\\\/logo\\\/image\\\/\",\"url\":\"https:\\\/\\\/i0.wp.com\\\/nodusbarbera.cat\\\/wp-content\\\/uploads\\\/logo-footer-250.png?fit=250%2C231&ssl=1\",\"contentUrl\":\"https:\\\/\\\/i0.wp.com\\\/nodusbarbera.cat\\\/wp-content\\\/uploads\\\/logo-footer-250.png?fit=250%2C231&ssl=1\",\"width\":250,\"height\":231,\"caption\":\"Nodus Barber\u00e0\"},\"image\":{\"@id\":\"https:\\\/\\\/nodusbarbera.cat\\\/#\\\/schema\\\/logo\\\/image\\\/\"},\"sameAs\":[\"https:\\\/\\\/www.facebook.com\\\/nodusbarbera\",\"https:\\\/\\\/x.com\\\/nodusbarbera\",\"https:\\\/\\\/www.instagram.com\\\/nodusbarbera\\\/\",\"https:\\\/\\\/www.linkedin.com\\\/company\\\/nodus-barbera\\\/\",\"https:\\\/\\\/www.youtube.com\\\/channel\\\/UCLJYdjFDfFQP1aGYuzUFd6A\"]},{\"@type\":\"Person\",\"@id\":\"https:\\\/\\\/nodusbarbera.cat\\\/#\\\/schema\\\/person\\\/f3356bf21f659e7e41d958bbb784cfe4\",\"name\":\"webmaster\",\"image\":{\"@type\":\"ImageObject\",\"inLanguage\":\"es\",\"@id\":\"https:\\\/\\\/secure.gravatar.com\\\/avatar\\\/73641b46ed44db8f663f428fc279f909e9f48696e06a190b1e330f4634071610?s=96&d=mm&r=g\",\"url\":\"https:\\\/\\\/secure.gravatar.com\\\/avatar\\\/73641b46ed44db8f663f428fc279f909e9f48696e06a190b1e330f4634071610?s=96&d=mm&r=g\",\"contentUrl\":\"https:\\\/\\\/secure.gravatar.com\\\/avatar\\\/73641b46ed44db8f663f428fc279f909e9f48696e06a190b1e330f4634071610?s=96&d=mm&r=g\",\"caption\":\"webmaster\"}}]}<\/script>\n<!-- \/ Yoast SEO plugin. -->","yoast_head_json":{"title":"Convocada una nueva edici\u00f3n de los Premios Mujer TIC - Nodus Barber\u00e0","robots":{"index":"index","follow":"follow","max-snippet":"max-snippet:-1","max-image-preview":"max-image-preview:large","max-video-preview":"max-video-preview:-1"},"canonical":"https:\/\/nodusbarbera.cat\/es\/convocada-una-nueva-edicion-de-los-premios-mujer-tic\/","og_locale":"es_ES","og_type":"article","og_title":"Convocada una nueva edici\u00f3n de los Premios Mujer TIC - Nodus Barber\u00e0","og_description":"Destinados a impulsar y dar visibilidad a mujeres del \u00e1mbito tecnol\u00f3gico, estos premios en promueven el acceso, incrementan su presencia, reconocen el papel esencial de aquellas que ya pertenecen al mundo TIC y, en definitiva, fomentan la participaci\u00f3n en la construcci\u00f3n de la sociedad digital con criterios de igualdad.","og_url":"https:\/\/nodusbarbera.cat\/es\/convocada-una-nueva-edicion-de-los-premios-mujer-tic\/","og_site_name":"Nodus Barber\u00e0","article_publisher":"https:\/\/www.facebook.com\/nodusbarbera","article_published_time":"2019-07-01T10:29:22+00:00","article_modified_time":"2020-02-18T14:17:25+00:00","og_image":[{"width":1000,"height":748,"url":"https:\/\/i2.wp.com\/nodusbarbera.cat\/wp-content\/uploads\/premis-donaTIC-diputacio-de-barcelona.jpg?fit=1000%2C748&ssl=1","type":"image\/jpeg"}],"author":"webmaster","twitter_card":"summary_large_image","twitter_creator":"@nodusbarbera","twitter_site":"@nodusbarbera","twitter_misc":{"Escrito por":"webmaster","Tiempo de lectura":"1 minuto"},"schema":{"@context":"https:\/\/schema.org","@graph":[{"@type":"Article","@id":"https:\/\/nodusbarbera.cat\/es\/convocada-una-nueva-edicion-de-los-premios-mujer-tic\/#article","isPartOf":{"@id":"https:\/\/nodusbarbera.cat\/es\/convocada-una-nueva-edicion-de-los-premios-mujer-tic\/"},"author":{"name":"webmaster","@id":"https:\/\/nodusbarbera.cat\/#\/schema\/person\/f3356bf21f659e7e41d958bbb784cfe4"},"headline":"Convocada una nueva edici\u00f3n de los Premios Mujer TIC","datePublished":"2019-07-01T10:29:22+00:00","dateModified":"2020-02-18T14:17:25+00:00","mainEntityOfPage":{"@id":"https:\/\/nodusbarbera.cat\/es\/convocada-una-nueva-edicion-de-los-premios-mujer-tic\/"},"wordCount":125,"publisher":{"@id":"https:\/\/nodusbarbera.cat\/#organization"},"image":{"@id":"https:\/\/nodusbarbera.cat\/es\/convocada-una-nueva-edicion-de-los-premios-mujer-tic\/#primaryimage"},"thumbnailUrl":"https:\/\/nodusbarbera.cat\/wp-content\/uploads\/premis-donaTIC-diputacio-de-barcelona.jpg","articleSection":["Noticias"],"inLanguage":"es"},{"@type":"WebPage","@id":"https:\/\/nodusbarbera.cat\/es\/convocada-una-nueva-edicion-de-los-premios-mujer-tic\/","url":"https:\/\/nodusbarbera.cat\/es\/convocada-una-nueva-edicion-de-los-premios-mujer-tic\/","name":"Convocada una nueva edici\u00f3n de los Premios Mujer TIC - Nodus Barber\u00e0","isPartOf":{"@id":"https:\/\/nodusbarbera.cat\/#website"},"primaryImageOfPage":{"@id":"https:\/\/nodusbarbera.cat\/es\/convocada-una-nueva-edicion-de-los-premios-mujer-tic\/#primaryimage"},"image":{"@id":"https:\/\/nodusbarbera.cat\/es\/convocada-una-nueva-edicion-de-los-premios-mujer-tic\/#primaryimage"},"thumbnailUrl":"https:\/\/nodusbarbera.cat\/wp-content\/uploads\/premis-donaTIC-diputacio-de-barcelona.jpg","datePublished":"2019-07-01T10:29:22+00:00","dateModified":"2020-02-18T14:17:25+00:00","breadcrumb":{"@id":"https:\/\/nodusbarbera.cat\/es\/convocada-una-nueva-edicion-de-los-premios-mujer-tic\/#breadcrumb"},"inLanguage":"es","potentialAction":[{"@type":"ReadAction","target":["https:\/\/nodusbarbera.cat\/es\/convocada-una-nueva-edicion-de-los-premios-mujer-tic\/"]}]},{"@type":"ImageObject","inLanguage":"es","@id":"https:\/\/nodusbarbera.cat\/es\/convocada-una-nueva-edicion-de-los-premios-mujer-tic\/#primaryimage","url":"https:\/\/nodusbarbera.cat\/wp-content\/uploads\/premis-donaTIC-diputacio-de-barcelona.jpg","contentUrl":"https:\/\/nodusbarbera.cat\/wp-content\/uploads\/premis-donaTIC-diputacio-de-barcelona.jpg","width":1000,"height":748,"caption":"Premios MujerTIC diputaci\u00f3n de Barcelona"},{"@type":"BreadcrumbList","@id":"https:\/\/nodusbarbera.cat\/es\/convocada-una-nueva-edicion-de-los-premios-mujer-tic\/#breadcrumb","itemListElement":[{"@type":"ListItem","position":1,"name":"Inici","item":"https:\/\/nodusbarbera.cat\/"},{"@type":"ListItem","position":2,"name":"Convocada una nueva edici\u00f3n de los Premios Mujer TIC"}]},{"@type":"WebSite","@id":"https:\/\/nodusbarbera.cat\/#website","url":"https:\/\/nodusbarbera.cat\/","name":"Nodus Barber\u00e0","description":"Lloguer d&#039;oficines i despatxos a Barber\u00e0 del Vall\u00e8s, Barcelona.","publisher":{"@id":"https:\/\/nodusbarbera.cat\/#organization"},"potentialAction":[{"@type":"SearchAction","target":{"@type":"EntryPoint","urlTemplate":"https:\/\/nodusbarbera.cat\/?s={search_term_string}"},"query-input":{"@type":"PropertyValueSpecification","valueRequired":true,"valueName":"search_term_string"}}],"inLanguage":"es"},{"@type":"Organization","@id":"https:\/\/nodusbarbera.cat\/#organization","name":"Nodus Barber\u00e0","url":"https:\/\/nodusbarbera.cat\/","logo":{"@type":"ImageObject","inLanguage":"es","@id":"https:\/\/nodusbarbera.cat\/#\/schema\/logo\/image\/","url":"https:\/\/i0.wp.com\/nodusbarbera.cat\/wp-content\/uploads\/logo-footer-250.png?fit=250%2C231&ssl=1","contentUrl":"https:\/\/i0.wp.com\/nodusbarbera.cat\/wp-content\/uploads\/logo-footer-250.png?fit=250%2C231&ssl=1","width":250,"height":231,"caption":"Nodus Barber\u00e0"},"image":{"@id":"https:\/\/nodusbarbera.cat\/#\/schema\/logo\/image\/"},"sameAs":["https:\/\/www.facebook.com\/nodusbarbera","https:\/\/x.com\/nodusbarbera","https:\/\/www.instagram.com\/nodusbarbera\/","https:\/\/www.linkedin.com\/company\/nodus-barbera\/","https:\/\/www.youtube.com\/channel\/UCLJYdjFDfFQP1aGYuzUFd6A"]},{"@type":"Person","@id":"https:\/\/nodusbarbera.cat\/#\/schema\/person\/f3356bf21f659e7e41d958bbb784cfe4","name":"webmaster","image":{"@type":"ImageObject","inLanguage":"es","@id":"https:\/\/secure.gravatar.com\/avatar\/73641b46ed44db8f663f428fc279f909e9f48696e06a190b1e330f4634071610?s=96&d=mm&r=g","url":"https:\/\/secure.gravatar.com\/avatar\/73641b46ed44db8f663f428fc279f909e9f48696e06a190b1e330f4634071610?s=96&d=mm&r=g","contentUrl":"https:\/\/secure.gravatar.com\/avatar\/73641b46ed44db8f663f428fc279f909e9f48696e06a190b1e330f4634071610?s=96&d=mm&r=g","caption":"webmaster"}}]}},"_links":{"self":[{"href":"https:\/\/nodusbarbera.cat\/es\/wp-json\/wp\/v2\/posts\/4068","targetHints":{"allow":["GET"]}}],"collection":[{"href":"https:\/\/nodusbarbera.cat\/es\/wp-json\/wp\/v2\/posts"}],"about":[{"href":"https:\/\/nodusbarbera.cat\/es\/wp-json\/wp\/v2\/types\/post"}],"author":[{"embeddable":true,"href":"https:\/\/nodusbarbera.cat\/es\/wp-json\/wp\/v2\/users\/2"}],"replies":[{"embeddable":true,"href":"https:\/\/nodusbarbera.cat\/es\/wp-json\/wp\/v2\/comments?post=4068"}],"version-history":[{"count":1,"href":"https:\/\/nodusbarbera.cat\/es\/wp-json\/wp\/v2\/posts\/4068\/revisions"}],"predecessor-version":[{"id":4285,"href":"https:\/\/nodusbarbera.cat\/es\/wp-json\/wp\/v2\/posts\/4068\/revisions\/4285"}],"wp:featuredmedia":[{"embeddable":true,"href":"https:\/\/nodusbarbera.cat\/es\/wp-json\/wp\/v2\/media\/3309"}],"wp:attachment":[{"href":"https:\/\/nodusbarbera.cat\/es\/wp-json\/wp\/v2\/media?parent=4068"}],"wp:term":[{"taxonomy":"category","embeddable":true,"href":"https:\/\/nodusbarbera.cat\/es\/wp-json\/wp\/v2\/categories?post=4068"},{"taxonomy":"post_tag","embeddable":true,"href":"https:\/\/nodusbarbera.cat\/es\/wp-json\/wp\/v2\/tags?post=4068"}],"curies":[{"name":"wp","href":"https:\/\/api.w.org\/{rel}","templated":true}]}}