{"id":4095,"date":"2014-04-02T15:09:00","date_gmt":"2014-04-02T13:09:00","guid":{"rendered":"https:\/\/nodusbarbera.cat\/seguridad-y-gestion-medioambiental-temas-que-preocupan-mas\/"},"modified":"2020-02-18T15:59:33","modified_gmt":"2020-02-18T13:59:33","slug":"seguridad-y-gestion-medioambiental-temas-que-preocupan-mas","status":"publish","type":"post","link":"https:\/\/nodusbarbera.cat\/es\/seguridad-y-gestion-medioambiental-temas-que-preocupan-mas\/","title":{"rendered":"Seguridad y Gesti\u00f3n Medioambiental: temas que preocupan m\u00e1s"},"content":{"rendered":"<p>Se ha constatado que los pol\u00edgonos bien constituidos atraen flujo de inversiones y creaci\u00f3n de puestos de trabajo por encima de aquellos pol\u00edgonos que presentan algunas carencias graves.<\/p>\n<p><!--more--><\/p>\n<p>Los pol\u00edgonos de Barber\u00e0 del Vall\u00e8s se encuentran estrat\u00e9gicamente bien situados en el eje econ\u00f3mico de la B-30, pero el Acceso, la seguridad, el medio ambiente son temas estrat\u00e9gicos a gestionar para reforzar la competitividad de estas \u00e1reas industriales.<\/p>\n<p>El empresariado de Barber\u00e0 del Vall\u00e8s celebr\u00f3 un encuentro para reflexionar sobre los pol\u00edgonos industriales del municipio. El encuentro se enmarca en la campa\u00f1a \u00abBarber\u00e0 pol\u00edgonos din\u00e1micos\u00bb que promueve el Ayuntamiento de Barber\u00e0 del Vall\u00e8s en apoyo a la iniciativa de la Asociaci\u00f3n del pol\u00edgono A de crear una asociaci\u00f3n que englobe los 4 pol\u00edgonos del municipio.<\/p>\n<p>Cerca de 30 empresas se reunieron el pasado 26 de abril en el centro de Negocios Nodus Barber\u00e0 para trabajar en clave de pol\u00edgonos industriales aquellos aspectos que preocupan m\u00e1s y valoran como estrat\u00e9gicos para el buen funcionamiento de estas \u00e1reas industriales. La sesi\u00f3n fue presentada por el concejal de promoci\u00f3n econ\u00f3mica y teniente de alcalde de Barber\u00e0 sr. Xavier Garc\u00e9s y por el presidente de la asociaci\u00f3n del pol\u00edgono A.<\/p>\n<p style=\"text-align: center;\"><img loading=\"lazy\" decoding=\"async\" class=\"alignnone size-full wp-image-2017\" src=\"http:\/\/nodusbarbera.cat\/wp-content\/uploads\/poligons-a-barbera-valles-seguretat-medi-ambient.jpg\" alt=\"poligons a barbera valles seguretat medi ambient\" width=\"700\" height=\"525\" srcset=\"https:\/\/nodusbarbera.cat\/wp-content\/uploads\/poligons-a-barbera-valles-seguretat-medi-ambient.jpg 700w, https:\/\/nodusbarbera.cat\/wp-content\/uploads\/poligons-a-barbera-valles-seguretat-medi-ambient-300x225.jpg 300w\" sizes=\"(max-width: 700px) 100vw, 700px\" \/><\/p>\n<p>Dirigida por SummaSystem consultora en asociacionismo empresarial, el empresariado pudo reflexionar y trabajar puntos de mejora y nuevas propuestas en peque\u00f1os grupos de trabajo. Estos grupos se formaron teniendo en cuenta los resultados de las encuestas realizadas en la primera fase de la campa\u00f1a Barber\u00e0 pol\u00edgonos din\u00e1micos, impulsada por el \u00e1rea de dinamizaci\u00f3n empresarial del Ajuntament de Barber\u00e0 del Vall\u00e8s. Las principales preocupaciones que se\u00f1al\u00f3 la encuesta giran en torno a temas de seguridad, la se\u00f1alizaci\u00f3n y la promoci\u00f3n de los pol\u00edgonos, y la gesti\u00f3n del medio ambiente (limpieza). La encuesta tambi\u00e9n revelaba que el 97% de los empresarios est\u00e1n satisfechos de la ubicaci\u00f3n de los pol\u00edgonos y que la mayor\u00eda de relaciones entre empresas es por amistad, lo que demuestra que no hay un conocimiento profesional entre ellas.<\/p>\n<p>Previo al trabajo que realizaron los tres grupos se realiz\u00f3 una ponencia sobre el fomento del asociacionismo. Como representante de la asociaci\u00f3n del pol\u00edgono A intervino su presidente Pere Puig quien present\u00f3 la iniciativa afirmando que \u00abes importante disponer de un interlocutor v\u00e1lido ante la administraci\u00f3n\u00bb.<\/p>\n<p>Los grupos de trabajo se\u00f1alaron que el hecho de pertenecer al eje econ\u00f3mico de la B-30 y el centro del viejo es positivo. Tambi\u00e9n comentaron que el Centro de Negocios Nodus Barber\u00e0 aporta servicios en el pol\u00edgono y la aproximaci\u00f3n con la universidad es bueno para las empresas. Sin la se\u00f1alizaci\u00f3n y el conocimiento de las empresas entre ellas as\u00ed como el transporte p\u00fablico y la conexi\u00f3n de los pol\u00edgonos con el casco urbano son temas que necesitan una revisi\u00f3n a medio plazo. Los grupos de trabajo pusieron sobre la mesa aquellos aspectos que necesitan una revisi\u00f3n urgente, como por ejemplo la seguridad aunque \u00abno hay un conocimiento profundo del problema\u00bb con palabras de Pere Puig. La reuni\u00f3n de trabajo manifest\u00f3 los objetivos a largo plazo y se propuso desarrollar una marca territorial y disponer de un plan de marketing que promocione el pol\u00edgono para atraer m\u00e1s inversiones.<\/p>\n<p>Todo este trabajo realizado en el encuentro desembocar\u00e1 en una Asociaci\u00f3n empresarial que agrupe los 4 pol\u00edgonos del municipio si la iniciativa empresarial lo considera de inter\u00e9s. El \u00e1rea de dinamizaci\u00f3n empresarial ha colaborado abonando el terreno y poniendo puesto los elementos necesarios para el fomento del asociacionismo. La futura asociaci\u00f3n debe ser un organismo totalmente independiente y dotado del reconocimiento necesario para convertirse en un \u00abinterlocutor v\u00e1lido con la administraci\u00f3n\u00bb tal y como manifest\u00f3 Pedro Puig.<\/p>\n","protected":false},"excerpt":{"rendered":"<p>Se ha constatado que los pol\u00edgonos bien constituidos atraen flujo de inversiones y creaci\u00f3n de puestos de trabajo por encima de aquellos pol\u00edgonos que presentan algunas carencias graves.<\/p>\n","protected":false},"author":2,"featured_media":3219,"comment_status":"closed","ping_status":"closed","sticky":false,"template":"","format":"standard","meta":{"footnotes":""},"categories":[9],"tags":[],"class_list":["post-4095","post","type-post","status-publish","format-standard","has-post-thumbnail","hentry","category-noticias"],"yoast_head":"<!-- This site is optimized with the Yoast SEO plugin v27.5 - https:\/\/yoast.com\/product\/yoast-seo-wordpress\/ -->\n<title>Seguridad y Gesti\u00f3n Medioambiental: temas que preocupan m\u00e1s - Nodus Barber\u00e0<\/title>\n<meta name=\"robots\" content=\"index, follow, max-snippet:-1, max-image-preview:large, max-video-preview:-1\" \/>\n<link rel=\"canonical\" href=\"https:\/\/nodusbarbera.cat\/es\/seguridad-y-gestion-medioambiental-temas-que-preocupan-mas\/\" \/>\n<meta property=\"og:locale\" content=\"es_ES\" \/>\n<meta property=\"og:type\" content=\"article\" \/>\n<meta property=\"og:title\" content=\"Seguridad y Gesti\u00f3n Medioambiental: temas que preocupan m\u00e1s - Nodus Barber\u00e0\" \/>\n<meta property=\"og:description\" content=\"Se ha constatado que los pol\u00edgonos bien constituidos atraen flujo de inversiones y creaci\u00f3n de puestos de trabajo por encima de aquellos pol\u00edgonos que presentan algunas carencias graves.\" \/>\n<meta property=\"og:url\" content=\"https:\/\/nodusbarbera.cat\/es\/seguridad-y-gestion-medioambiental-temas-que-preocupan-mas\/\" \/>\n<meta property=\"og:site_name\" content=\"Nodus Barber\u00e0\" \/>\n<meta property=\"article:publisher\" content=\"https:\/\/www.facebook.com\/nodusbarbera\" \/>\n<meta property=\"article:published_time\" content=\"2014-04-02T13:09:00+00:00\" \/>\n<meta property=\"article:modified_time\" content=\"2020-02-18T13:59:33+00:00\" \/>\n<meta property=\"og:image\" content=\"https:\/\/i0.wp.com\/nodusbarbera.cat\/wp-content\/uploads\/poligons-industrials-seguretat-medi-ambient.jpg?fit=1100%2C690&ssl=1\" \/>\n\t<meta property=\"og:image:width\" content=\"1100\" \/>\n\t<meta property=\"og:image:height\" content=\"690\" \/>\n\t<meta property=\"og:image:type\" content=\"image\/jpeg\" \/>\n<meta name=\"author\" content=\"webmaster\" \/>\n<meta name=\"twitter:card\" content=\"summary_large_image\" \/>\n<meta name=\"twitter:creator\" content=\"@nodusbarbera\" \/>\n<meta name=\"twitter:site\" content=\"@nodusbarbera\" \/>\n<meta name=\"twitter:label1\" content=\"Escrito por\" \/>\n\t<meta name=\"twitter:data1\" content=\"webmaster\" \/>\n\t<meta name=\"twitter:label2\" content=\"Tiempo de lectura\" \/>\n\t<meta name=\"twitter:data2\" content=\"3 minutos\" \/>\n<script type=\"application\/ld+json\" class=\"yoast-schema-graph\">{\"@context\":\"https:\\\/\\\/schema.org\",\"@graph\":[{\"@type\":\"Article\",\"@id\":\"https:\\\/\\\/nodusbarbera.cat\\\/es\\\/seguridad-y-gestion-medioambiental-temas-que-preocupan-mas\\\/#article\",\"isPartOf\":{\"@id\":\"https:\\\/\\\/nodusbarbera.cat\\\/es\\\/seguridad-y-gestion-medioambiental-temas-que-preocupan-mas\\\/\"},\"author\":{\"name\":\"webmaster\",\"@id\":\"https:\\\/\\\/nodusbarbera.cat\\\/#\\\/schema\\\/person\\\/f3356bf21f659e7e41d958bbb784cfe4\"},\"headline\":\"Seguridad y Gesti\u00f3n Medioambiental: temas que preocupan m\u00e1s\",\"datePublished\":\"2014-04-02T13:09:00+00:00\",\"dateModified\":\"2020-02-18T13:59:33+00:00\",\"mainEntityOfPage\":{\"@id\":\"https:\\\/\\\/nodusbarbera.cat\\\/es\\\/seguridad-y-gestion-medioambiental-temas-que-preocupan-mas\\\/\"},\"wordCount\":670,\"publisher\":{\"@id\":\"https:\\\/\\\/nodusbarbera.cat\\\/#organization\"},\"image\":{\"@id\":\"https:\\\/\\\/nodusbarbera.cat\\\/es\\\/seguridad-y-gestion-medioambiental-temas-que-preocupan-mas\\\/#primaryimage\"},\"thumbnailUrl\":\"https:\\\/\\\/nodusbarbera.cat\\\/wp-content\\\/uploads\\\/poligons-industrials-seguretat-medi-ambient.jpg\",\"articleSection\":[\"Noticias\"],\"inLanguage\":\"es\"},{\"@type\":\"WebPage\",\"@id\":\"https:\\\/\\\/nodusbarbera.cat\\\/es\\\/seguridad-y-gestion-medioambiental-temas-que-preocupan-mas\\\/\",\"url\":\"https:\\\/\\\/nodusbarbera.cat\\\/es\\\/seguridad-y-gestion-medioambiental-temas-que-preocupan-mas\\\/\",\"name\":\"Seguridad y Gesti\u00f3n Medioambiental: temas que preocupan m\u00e1s - Nodus Barber\u00e0\",\"isPartOf\":{\"@id\":\"https:\\\/\\\/nodusbarbera.cat\\\/#website\"},\"primaryImageOfPage\":{\"@id\":\"https:\\\/\\\/nodusbarbera.cat\\\/es\\\/seguridad-y-gestion-medioambiental-temas-que-preocupan-mas\\\/#primaryimage\"},\"image\":{\"@id\":\"https:\\\/\\\/nodusbarbera.cat\\\/es\\\/seguridad-y-gestion-medioambiental-temas-que-preocupan-mas\\\/#primaryimage\"},\"thumbnailUrl\":\"https:\\\/\\\/nodusbarbera.cat\\\/wp-content\\\/uploads\\\/poligons-industrials-seguretat-medi-ambient.jpg\",\"datePublished\":\"2014-04-02T13:09:00+00:00\",\"dateModified\":\"2020-02-18T13:59:33+00:00\",\"breadcrumb\":{\"@id\":\"https:\\\/\\\/nodusbarbera.cat\\\/es\\\/seguridad-y-gestion-medioambiental-temas-que-preocupan-mas\\\/#breadcrumb\"},\"inLanguage\":\"es\",\"potentialAction\":[{\"@type\":\"ReadAction\",\"target\":[\"https:\\\/\\\/nodusbarbera.cat\\\/es\\\/seguridad-y-gestion-medioambiental-temas-que-preocupan-mas\\\/\"]}]},{\"@type\":\"ImageObject\",\"inLanguage\":\"es\",\"@id\":\"https:\\\/\\\/nodusbarbera.cat\\\/es\\\/seguridad-y-gestion-medioambiental-temas-que-preocupan-mas\\\/#primaryimage\",\"url\":\"https:\\\/\\\/nodusbarbera.cat\\\/wp-content\\\/uploads\\\/poligons-industrials-seguretat-medi-ambient.jpg\",\"contentUrl\":\"https:\\\/\\\/nodusbarbera.cat\\\/wp-content\\\/uploads\\\/poligons-industrials-seguretat-medi-ambient.jpg\",\"width\":1100,\"height\":690,\"caption\":\"pol\u00edgonos industriales seguridad medio ambiente\"},{\"@type\":\"BreadcrumbList\",\"@id\":\"https:\\\/\\\/nodusbarbera.cat\\\/es\\\/seguridad-y-gestion-medioambiental-temas-que-preocupan-mas\\\/#breadcrumb\",\"itemListElement\":[{\"@type\":\"ListItem\",\"position\":1,\"name\":\"Inici\",\"item\":\"https:\\\/\\\/nodusbarbera.cat\\\/\"},{\"@type\":\"ListItem\",\"position\":2,\"name\":\"Seguridad y Gesti\u00f3n Medioambiental: temas que preocupan m\u00e1s\"}]},{\"@type\":\"WebSite\",\"@id\":\"https:\\\/\\\/nodusbarbera.cat\\\/#website\",\"url\":\"https:\\\/\\\/nodusbarbera.cat\\\/\",\"name\":\"Nodus Barber\u00e0\",\"description\":\"Lloguer d&#039;oficines i despatxos a Barber\u00e0 del Vall\u00e8s, Barcelona.\",\"publisher\":{\"@id\":\"https:\\\/\\\/nodusbarbera.cat\\\/#organization\"},\"potentialAction\":[{\"@type\":\"SearchAction\",\"target\":{\"@type\":\"EntryPoint\",\"urlTemplate\":\"https:\\\/\\\/nodusbarbera.cat\\\/?s={search_term_string}\"},\"query-input\":{\"@type\":\"PropertyValueSpecification\",\"valueRequired\":true,\"valueName\":\"search_term_string\"}}],\"inLanguage\":\"es\"},{\"@type\":\"Organization\",\"@id\":\"https:\\\/\\\/nodusbarbera.cat\\\/#organization\",\"name\":\"Nodus Barber\u00e0\",\"url\":\"https:\\\/\\\/nodusbarbera.cat\\\/\",\"logo\":{\"@type\":\"ImageObject\",\"inLanguage\":\"es\",\"@id\":\"https:\\\/\\\/nodusbarbera.cat\\\/#\\\/schema\\\/logo\\\/image\\\/\",\"url\":\"https:\\\/\\\/i0.wp.com\\\/nodusbarbera.cat\\\/wp-content\\\/uploads\\\/logo-footer-250.png?fit=250%2C231&ssl=1\",\"contentUrl\":\"https:\\\/\\\/i0.wp.com\\\/nodusbarbera.cat\\\/wp-content\\\/uploads\\\/logo-footer-250.png?fit=250%2C231&ssl=1\",\"width\":250,\"height\":231,\"caption\":\"Nodus Barber\u00e0\"},\"image\":{\"@id\":\"https:\\\/\\\/nodusbarbera.cat\\\/#\\\/schema\\\/logo\\\/image\\\/\"},\"sameAs\":[\"https:\\\/\\\/www.facebook.com\\\/nodusbarbera\",\"https:\\\/\\\/x.com\\\/nodusbarbera\",\"https:\\\/\\\/www.instagram.com\\\/nodusbarbera\\\/\",\"https:\\\/\\\/www.linkedin.com\\\/company\\\/nodus-barbera\\\/\",\"https:\\\/\\\/www.youtube.com\\\/channel\\\/UCLJYdjFDfFQP1aGYuzUFd6A\"]},{\"@type\":\"Person\",\"@id\":\"https:\\\/\\\/nodusbarbera.cat\\\/#\\\/schema\\\/person\\\/f3356bf21f659e7e41d958bbb784cfe4\",\"name\":\"webmaster\",\"image\":{\"@type\":\"ImageObject\",\"inLanguage\":\"es\",\"@id\":\"https:\\\/\\\/secure.gravatar.com\\\/avatar\\\/73641b46ed44db8f663f428fc279f909e9f48696e06a190b1e330f4634071610?s=96&d=mm&r=g\",\"url\":\"https:\\\/\\\/secure.gravatar.com\\\/avatar\\\/73641b46ed44db8f663f428fc279f909e9f48696e06a190b1e330f4634071610?s=96&d=mm&r=g\",\"contentUrl\":\"https:\\\/\\\/secure.gravatar.com\\\/avatar\\\/73641b46ed44db8f663f428fc279f909e9f48696e06a190b1e330f4634071610?s=96&d=mm&r=g\",\"caption\":\"webmaster\"}}]}<\/script>\n<!-- \/ Yoast SEO plugin. -->","yoast_head_json":{"title":"Seguridad y Gesti\u00f3n Medioambiental: temas que preocupan m\u00e1s - Nodus Barber\u00e0","robots":{"index":"index","follow":"follow","max-snippet":"max-snippet:-1","max-image-preview":"max-image-preview:large","max-video-preview":"max-video-preview:-1"},"canonical":"https:\/\/nodusbarbera.cat\/es\/seguridad-y-gestion-medioambiental-temas-que-preocupan-mas\/","og_locale":"es_ES","og_type":"article","og_title":"Seguridad y Gesti\u00f3n Medioambiental: temas que preocupan m\u00e1s - Nodus Barber\u00e0","og_description":"Se ha constatado que los pol\u00edgonos bien constituidos atraen flujo de inversiones y creaci\u00f3n de puestos de trabajo por encima de aquellos pol\u00edgonos que presentan algunas carencias graves.","og_url":"https:\/\/nodusbarbera.cat\/es\/seguridad-y-gestion-medioambiental-temas-que-preocupan-mas\/","og_site_name":"Nodus Barber\u00e0","article_publisher":"https:\/\/www.facebook.com\/nodusbarbera","article_published_time":"2014-04-02T13:09:00+00:00","article_modified_time":"2020-02-18T13:59:33+00:00","og_image":[{"width":1100,"height":690,"url":"https:\/\/i0.wp.com\/nodusbarbera.cat\/wp-content\/uploads\/poligons-industrials-seguretat-medi-ambient.jpg?fit=1100%2C690&ssl=1","type":"image\/jpeg"}],"author":"webmaster","twitter_card":"summary_large_image","twitter_creator":"@nodusbarbera","twitter_site":"@nodusbarbera","twitter_misc":{"Escrito por":"webmaster","Tiempo de lectura":"3 minutos"},"schema":{"@context":"https:\/\/schema.org","@graph":[{"@type":"Article","@id":"https:\/\/nodusbarbera.cat\/es\/seguridad-y-gestion-medioambiental-temas-que-preocupan-mas\/#article","isPartOf":{"@id":"https:\/\/nodusbarbera.cat\/es\/seguridad-y-gestion-medioambiental-temas-que-preocupan-mas\/"},"author":{"name":"webmaster","@id":"https:\/\/nodusbarbera.cat\/#\/schema\/person\/f3356bf21f659e7e41d958bbb784cfe4"},"headline":"Seguridad y Gesti\u00f3n Medioambiental: temas que preocupan m\u00e1s","datePublished":"2014-04-02T13:09:00+00:00","dateModified":"2020-02-18T13:59:33+00:00","mainEntityOfPage":{"@id":"https:\/\/nodusbarbera.cat\/es\/seguridad-y-gestion-medioambiental-temas-que-preocupan-mas\/"},"wordCount":670,"publisher":{"@id":"https:\/\/nodusbarbera.cat\/#organization"},"image":{"@id":"https:\/\/nodusbarbera.cat\/es\/seguridad-y-gestion-medioambiental-temas-que-preocupan-mas\/#primaryimage"},"thumbnailUrl":"https:\/\/nodusbarbera.cat\/wp-content\/uploads\/poligons-industrials-seguretat-medi-ambient.jpg","articleSection":["Noticias"],"inLanguage":"es"},{"@type":"WebPage","@id":"https:\/\/nodusbarbera.cat\/es\/seguridad-y-gestion-medioambiental-temas-que-preocupan-mas\/","url":"https:\/\/nodusbarbera.cat\/es\/seguridad-y-gestion-medioambiental-temas-que-preocupan-mas\/","name":"Seguridad y Gesti\u00f3n Medioambiental: temas que preocupan m\u00e1s - Nodus Barber\u00e0","isPartOf":{"@id":"https:\/\/nodusbarbera.cat\/#website"},"primaryImageOfPage":{"@id":"https:\/\/nodusbarbera.cat\/es\/seguridad-y-gestion-medioambiental-temas-que-preocupan-mas\/#primaryimage"},"image":{"@id":"https:\/\/nodusbarbera.cat\/es\/seguridad-y-gestion-medioambiental-temas-que-preocupan-mas\/#primaryimage"},"thumbnailUrl":"https:\/\/nodusbarbera.cat\/wp-content\/uploads\/poligons-industrials-seguretat-medi-ambient.jpg","datePublished":"2014-04-02T13:09:00+00:00","dateModified":"2020-02-18T13:59:33+00:00","breadcrumb":{"@id":"https:\/\/nodusbarbera.cat\/es\/seguridad-y-gestion-medioambiental-temas-que-preocupan-mas\/#breadcrumb"},"inLanguage":"es","potentialAction":[{"@type":"ReadAction","target":["https:\/\/nodusbarbera.cat\/es\/seguridad-y-gestion-medioambiental-temas-que-preocupan-mas\/"]}]},{"@type":"ImageObject","inLanguage":"es","@id":"https:\/\/nodusbarbera.cat\/es\/seguridad-y-gestion-medioambiental-temas-que-preocupan-mas\/#primaryimage","url":"https:\/\/nodusbarbera.cat\/wp-content\/uploads\/poligons-industrials-seguretat-medi-ambient.jpg","contentUrl":"https:\/\/nodusbarbera.cat\/wp-content\/uploads\/poligons-industrials-seguretat-medi-ambient.jpg","width":1100,"height":690,"caption":"pol\u00edgonos industriales seguridad medio ambiente"},{"@type":"BreadcrumbList","@id":"https:\/\/nodusbarbera.cat\/es\/seguridad-y-gestion-medioambiental-temas-que-preocupan-mas\/#breadcrumb","itemListElement":[{"@type":"ListItem","position":1,"name":"Inici","item":"https:\/\/nodusbarbera.cat\/"},{"@type":"ListItem","position":2,"name":"Seguridad y Gesti\u00f3n Medioambiental: temas que preocupan m\u00e1s"}]},{"@type":"WebSite","@id":"https:\/\/nodusbarbera.cat\/#website","url":"https:\/\/nodusbarbera.cat\/","name":"Nodus Barber\u00e0","description":"Lloguer d&#039;oficines i despatxos a Barber\u00e0 del Vall\u00e8s, Barcelona.","publisher":{"@id":"https:\/\/nodusbarbera.cat\/#organization"},"potentialAction":[{"@type":"SearchAction","target":{"@type":"EntryPoint","urlTemplate":"https:\/\/nodusbarbera.cat\/?s={search_term_string}"},"query-input":{"@type":"PropertyValueSpecification","valueRequired":true,"valueName":"search_term_string"}}],"inLanguage":"es"},{"@type":"Organization","@id":"https:\/\/nodusbarbera.cat\/#organization","name":"Nodus Barber\u00e0","url":"https:\/\/nodusbarbera.cat\/","logo":{"@type":"ImageObject","inLanguage":"es","@id":"https:\/\/nodusbarbera.cat\/#\/schema\/logo\/image\/","url":"https:\/\/i0.wp.com\/nodusbarbera.cat\/wp-content\/uploads\/logo-footer-250.png?fit=250%2C231&ssl=1","contentUrl":"https:\/\/i0.wp.com\/nodusbarbera.cat\/wp-content\/uploads\/logo-footer-250.png?fit=250%2C231&ssl=1","width":250,"height":231,"caption":"Nodus Barber\u00e0"},"image":{"@id":"https:\/\/nodusbarbera.cat\/#\/schema\/logo\/image\/"},"sameAs":["https:\/\/www.facebook.com\/nodusbarbera","https:\/\/x.com\/nodusbarbera","https:\/\/www.instagram.com\/nodusbarbera\/","https:\/\/www.linkedin.com\/company\/nodus-barbera\/","https:\/\/www.youtube.com\/channel\/UCLJYdjFDfFQP1aGYuzUFd6A"]},{"@type":"Person","@id":"https:\/\/nodusbarbera.cat\/#\/schema\/person\/f3356bf21f659e7e41d958bbb784cfe4","name":"webmaster","image":{"@type":"ImageObject","inLanguage":"es","@id":"https:\/\/secure.gravatar.com\/avatar\/73641b46ed44db8f663f428fc279f909e9f48696e06a190b1e330f4634071610?s=96&d=mm&r=g","url":"https:\/\/secure.gravatar.com\/avatar\/73641b46ed44db8f663f428fc279f909e9f48696e06a190b1e330f4634071610?s=96&d=mm&r=g","contentUrl":"https:\/\/secure.gravatar.com\/avatar\/73641b46ed44db8f663f428fc279f909e9f48696e06a190b1e330f4634071610?s=96&d=mm&r=g","caption":"webmaster"}}]}},"_links":{"self":[{"href":"https:\/\/nodusbarbera.cat\/es\/wp-json\/wp\/v2\/posts\/4095","targetHints":{"allow":["GET"]}}],"collection":[{"href":"https:\/\/nodusbarbera.cat\/es\/wp-json\/wp\/v2\/posts"}],"about":[{"href":"https:\/\/nodusbarbera.cat\/es\/wp-json\/wp\/v2\/types\/post"}],"author":[{"embeddable":true,"href":"https:\/\/nodusbarbera.cat\/es\/wp-json\/wp\/v2\/users\/2"}],"replies":[{"embeddable":true,"href":"https:\/\/nodusbarbera.cat\/es\/wp-json\/wp\/v2\/comments?post=4095"}],"version-history":[{"count":1,"href":"https:\/\/nodusbarbera.cat\/es\/wp-json\/wp\/v2\/posts\/4095\/revisions"}],"predecessor-version":[{"id":4275,"href":"https:\/\/nodusbarbera.cat\/es\/wp-json\/wp\/v2\/posts\/4095\/revisions\/4275"}],"wp:featuredmedia":[{"embeddable":true,"href":"https:\/\/nodusbarbera.cat\/es\/wp-json\/wp\/v2\/media\/3219"}],"wp:attachment":[{"href":"https:\/\/nodusbarbera.cat\/es\/wp-json\/wp\/v2\/media?parent=4095"}],"wp:term":[{"taxonomy":"category","embeddable":true,"href":"https:\/\/nodusbarbera.cat\/es\/wp-json\/wp\/v2\/categories?post=4095"},{"taxonomy":"post_tag","embeddable":true,"href":"https:\/\/nodusbarbera.cat\/es\/wp-json\/wp\/v2\/tags?post=4095"}],"curies":[{"name":"wp","href":"https:\/\/api.w.org\/{rel}","templated":true}]}}