{"id":4099,"date":"2014-04-07T15:29:06","date_gmt":"2014-04-07T13:29:06","guid":{"rendered":"https:\/\/nodusbarbera.cat\/made-in-barbera-del-valles\/"},"modified":"2020-02-18T15:58:34","modified_gmt":"2020-02-18T13:58:34","slug":"made-in-barbera-del-valles","status":"publish","type":"post","link":"https:\/\/nodusbarbera.cat\/es\/made-in-barbera-del-valles\/","title":{"rendered":"Made in <\/br>Barber\u00e0 del Vall\u00e8s"},"content":{"rendered":"<p>Las empresas de la ciudad miran al exterior para crecer. Ya han pasado algunos a\u00f1os desde que la dif\u00edcil situaci\u00f3n econ\u00f3mica mundial lleg\u00f3 a nuestro pa\u00eds.<\/p>\n<p><!--more--><\/p>\n<p>Desde entonces, muchas empresas trabajan para buscar recetas para resistir y, incluso, salir airosos de esta crisis. Es el caso de muchas empresas barberenques que no s\u00f3lo sobreviven, sino que incluso crecen.<\/p>\n<p>En Barber\u00e0 hay empresas con perfiles variados pero que fabrican productos \u00fanicos aportando un gran valor a\u00f1adido, y deseados en todo el mundo, lo que les ha permitido abrirse a mercados internacionales que presentan buenas expectativas de crecimiento.<span id=\"more-1089\"><\/span><\/p>\n<p>Competitividad en el precio, pero sobre todo eficacia en el servicio, calidad e innovaci\u00f3n, han sido alguno de los ingredientes que les ha permitido competir a escala global, una situaci\u00f3n que radica debido a varios fen\u00f3menos. El primero de ellos es que el Vall\u00e8s es el motor econ\u00f3mico de Catalunya. Los pol\u00edgonos industriales de Barber\u00e0 del Vall\u00e8s inscriben en una comarca a la altura de cualquier gran concentraci\u00f3n industrial. Esta posici\u00f3n se explica b\u00e1sicamente por la gran importancia que alcanza la actividad transformadora en el \u00e1rea del Vall\u00e8s, que, desde hace tiempo, se ha configurado como la primera concentraci\u00f3n industrial del pa\u00eds, y ha reforzado esta situaci\u00f3n en los \u00faltimos a\u00f1os . El territorio genera el 17% del PIB catal\u00e1n y concentra el 26% de las empresas catalanas, cinco puntos por encima del Barcelon\u00e8s y dobla el porcentaje del Baix Llobregat. El segundo fen\u00f3meno es el elevado grado en investigaci\u00f3n y en innovaci\u00f3n. Crear actividad y valor a\u00f1adido, m\u00e1s que ser puro transmisor de conocimiento ha sido la clave de muchos productos de referencia creados en Barber\u00e0 del Vall\u00e8s.<\/p>\n<p>Es el caso de las plantillas inteligentes que fabrica flexor, S.A. desde hace m\u00e1s de 50 a\u00f1os presentes en la ciudad. Actualmente fabrican 20 millones de pares de plantillas al a\u00f1o y exporta el 75% de la producci\u00f3n b\u00e1sicamente en Europa. Alex Granero, director ejecutivo de la compa\u00f1\u00eda desvela su voluntad \u00abde entrar en el mercado asi\u00e1tico con un producto innovador de unas plantillas medicinales\u00bb. Buena parte de su producto es de alta gama y provee a fabricantes de calzado de lujo como las m\u00edticas zapatos alemanas Lloyd, o las americanas Mephisto.<\/p>\n<p>Otra empresa de Barber\u00e0 es ENGEL AXIL, S.A. Con una fuerte labor en I + D + I la compa\u00f1\u00eda lider\u00f3 el cambio de la tv anal\u00f3gica a la digital. Millones de hogares espa\u00f1oles incorporaron un receptor de TDT fabricado en Barber\u00e0. Esto se debe a que son especialistas desde hace 10 a\u00f1os en el campo de los receptores de se\u00f1al digital. Actualmente Engel Axil fabrica software que aporta un valor a\u00f1adido a los dispositivos que comercializan: televisiones, tablets y los smartphones. El responsable de I + D + I, Eduard Torn\u00e9, manifiesta que tienen tecnolog\u00eda patentada de sistemas de pago utilizados en los hospitales y hoteles, y que esta trabajando con empuje para abrirse un espacio propio y de referencia como el indio.<\/p>\n<p>Quien tambi\u00e9n se abre paso en el mundo es la empresa BOSSAR PACKAGING, S.A que ha celebrado 20 a\u00f1os de historia y es referente para sus m\u00e1quinas de ensobrar productos de alimentaci\u00f3n. N\u00faria Font, directora de Marketing, se lamenta de la \u00abfuerte capacidad de copiar, incluso el propio nombre\u00bb de la competencia asi\u00e1tica. \u00abEsto se debe a la alta calidad que ofrece nuestra marca\u00bb explica Font. Con una facturaci\u00f3n de 17 millones de euros, el 94% de la producci\u00f3n se vende en el exterior, en especial en el mercado ruso. Fuente tambi\u00e9n explica que pr\u00f3ximamente tendr\u00e1n representaci\u00f3n en Pek\u00edn para estar \u00abm\u00e1s cerca de los chinos\u00bb.<\/p>\n<p>Tambi\u00e9n hay empresas que vienen de lejos. La ubicaci\u00f3n estrat\u00e9gica y su tejido industrial es el que llam\u00f3 la atenci\u00f3n al grupo vasco Bultzakigroup, que desde hace 3 a\u00f1os han abierto al municipio la filial MUELLES espirales, S.A. David Borrella, responsable de Calidad, explica que pueden fabricar \u00abdesde un muelle de un bol\u00edgrafo hasta un componente de autom\u00f3vil\u00bb y pese a que la empresa se mueve en un sector fuertemente castigado por la crisis como el de la automoci\u00f3n y electr\u00f3nico, se muestra satisfecho por los buenos resultados obtenidos en la facturaci\u00f3n. \u00abHemos hecho un esfuerzo importante en incorporar tecnolog\u00eda. Somos la planta de fabricaci\u00f3n de moldes industriales con los ratios de rentabilidad m\u00e1s elevados de Espa\u00f1a \u00ab. Miles de usuarios de los autom\u00f3viles Ford disfrutan de mejoras en seguridad de sus asientos gracias a una pieza clave de sujeci\u00f3n fabricada y dise\u00f1ada en Barber\u00e0.<\/p>\n<p>Estas empresas son un peque\u00f1o reflejo de la capacidad transformadora del tejido empresarial de Barber\u00e0 del Vall\u00e8s. En el mes de julio, Nodus recibieron la visita del chino Gao Wei y del indio Surp Bose, responsables de promocionar los negocios y la econom\u00eda catalana en el extranjero. El inter\u00e9s de su visita era conocer y evaluar proyectos colaborativos con la agencia de apoyo empresarial de la Generalidad de Catalunya ACCI\u00d3. La Regidoria de Promoci\u00f3 Econ\u00f2mica de Barber\u00e0 del Vall\u00e8s, en su labor de apoyo a la internacionalizaci\u00f3n de la empresa, coordina estas visitas entre ACCI\u00d3 y las empresas de nuestro municipio con proyectos de abrirse al mundo.<\/p>\n","protected":false},"excerpt":{"rendered":"<p>Las empresas de la ciudad miran al exterior para crecer. Ya han pasado algunos a\u00f1os desde que la dif\u00edcil situaci\u00f3n econ\u00f3mica mundial lleg\u00f3 a nuestro pa\u00eds.<\/p>\n","protected":false},"author":2,"featured_media":3214,"comment_status":"closed","ping_status":"closed","sticky":false,"template":"","format":"standard","meta":{"footnotes":""},"categories":[9],"tags":[],"class_list":["post-4099","post","type-post","status-publish","format-standard","has-post-thumbnail","hentry","category-noticias"],"yoast_head":"<!-- This site is optimized with the Yoast SEO plugin v27.5 - https:\/\/yoast.com\/product\/yoast-seo-wordpress\/ -->\n<title>Made in Barber\u00e0 del Vall\u00e8s - Nodus Barber\u00e0<\/title>\n<meta name=\"robots\" content=\"index, follow, max-snippet:-1, max-image-preview:large, max-video-preview:-1\" \/>\n<link rel=\"canonical\" href=\"https:\/\/nodusbarbera.cat\/es\/made-in-barbera-del-valles\/\" \/>\n<meta property=\"og:locale\" content=\"es_ES\" \/>\n<meta property=\"og:type\" content=\"article\" \/>\n<meta property=\"og:title\" content=\"Made in Barber\u00e0 del Vall\u00e8s - Nodus Barber\u00e0\" \/>\n<meta property=\"og:description\" content=\"Las empresas de la ciudad miran al exterior para crecer. Ya han pasado algunos a\u00f1os desde que la dif\u00edcil situaci\u00f3n econ\u00f3mica mundial lleg\u00f3 a nuestro pa\u00eds.\" \/>\n<meta property=\"og:url\" content=\"https:\/\/nodusbarbera.cat\/es\/made-in-barbera-del-valles\/\" \/>\n<meta property=\"og:site_name\" content=\"Nodus Barber\u00e0\" \/>\n<meta property=\"article:publisher\" content=\"https:\/\/www.facebook.com\/nodusbarbera\" \/>\n<meta property=\"article:published_time\" content=\"2014-04-07T13:29:06+00:00\" \/>\n<meta property=\"article:modified_time\" content=\"2020-02-18T13:58:34+00:00\" \/>\n<meta property=\"og:image\" content=\"https:\/\/i2.wp.com\/nodusbarbera.cat\/wp-content\/uploads\/made-in-barbera-valles.jpg?fit=1100%2C690&ssl=1\" \/>\n\t<meta property=\"og:image:width\" content=\"1100\" \/>\n\t<meta property=\"og:image:height\" content=\"690\" \/>\n\t<meta property=\"og:image:type\" content=\"image\/jpeg\" \/>\n<meta name=\"author\" content=\"webmaster\" \/>\n<meta name=\"twitter:card\" content=\"summary_large_image\" \/>\n<meta name=\"twitter:creator\" content=\"@nodusbarbera\" \/>\n<meta name=\"twitter:site\" content=\"@nodusbarbera\" \/>\n<meta name=\"twitter:label1\" content=\"Escrito por\" \/>\n\t<meta name=\"twitter:data1\" content=\"webmaster\" \/>\n\t<meta name=\"twitter:label2\" content=\"Tiempo de lectura\" \/>\n\t<meta name=\"twitter:data2\" content=\"5 minutos\" \/>\n<script type=\"application\/ld+json\" class=\"yoast-schema-graph\">{\"@context\":\"https:\\\/\\\/schema.org\",\"@graph\":[{\"@type\":\"Article\",\"@id\":\"https:\\\/\\\/nodusbarbera.cat\\\/es\\\/made-in-barbera-del-valles\\\/#article\",\"isPartOf\":{\"@id\":\"https:\\\/\\\/nodusbarbera.cat\\\/es\\\/made-in-barbera-del-valles\\\/\"},\"author\":{\"name\":\"webmaster\",\"@id\":\"https:\\\/\\\/nodusbarbera.cat\\\/#\\\/schema\\\/person\\\/f3356bf21f659e7e41d958bbb784cfe4\"},\"headline\":\"Made in Barber\u00e0 del Vall\u00e8s\",\"datePublished\":\"2014-04-07T13:29:06+00:00\",\"dateModified\":\"2020-02-18T13:58:34+00:00\",\"mainEntityOfPage\":{\"@id\":\"https:\\\/\\\/nodusbarbera.cat\\\/es\\\/made-in-barbera-del-valles\\\/\"},\"wordCount\":926,\"publisher\":{\"@id\":\"https:\\\/\\\/nodusbarbera.cat\\\/#organization\"},\"image\":{\"@id\":\"https:\\\/\\\/nodusbarbera.cat\\\/es\\\/made-in-barbera-del-valles\\\/#primaryimage\"},\"thumbnailUrl\":\"https:\\\/\\\/nodusbarbera.cat\\\/wp-content\\\/uploads\\\/made-in-barbera-valles.jpg\",\"articleSection\":[\"Noticias\"],\"inLanguage\":\"es\"},{\"@type\":\"WebPage\",\"@id\":\"https:\\\/\\\/nodusbarbera.cat\\\/es\\\/made-in-barbera-del-valles\\\/\",\"url\":\"https:\\\/\\\/nodusbarbera.cat\\\/es\\\/made-in-barbera-del-valles\\\/\",\"name\":\"Made in Barber\u00e0 del Vall\u00e8s - Nodus Barber\u00e0\",\"isPartOf\":{\"@id\":\"https:\\\/\\\/nodusbarbera.cat\\\/#website\"},\"primaryImageOfPage\":{\"@id\":\"https:\\\/\\\/nodusbarbera.cat\\\/es\\\/made-in-barbera-del-valles\\\/#primaryimage\"},\"image\":{\"@id\":\"https:\\\/\\\/nodusbarbera.cat\\\/es\\\/made-in-barbera-del-valles\\\/#primaryimage\"},\"thumbnailUrl\":\"https:\\\/\\\/nodusbarbera.cat\\\/wp-content\\\/uploads\\\/made-in-barbera-valles.jpg\",\"datePublished\":\"2014-04-07T13:29:06+00:00\",\"dateModified\":\"2020-02-18T13:58:34+00:00\",\"breadcrumb\":{\"@id\":\"https:\\\/\\\/nodusbarbera.cat\\\/es\\\/made-in-barbera-del-valles\\\/#breadcrumb\"},\"inLanguage\":\"es\",\"potentialAction\":[{\"@type\":\"ReadAction\",\"target\":[\"https:\\\/\\\/nodusbarbera.cat\\\/es\\\/made-in-barbera-del-valles\\\/\"]}]},{\"@type\":\"ImageObject\",\"inLanguage\":\"es\",\"@id\":\"https:\\\/\\\/nodusbarbera.cat\\\/es\\\/made-in-barbera-del-valles\\\/#primaryimage\",\"url\":\"https:\\\/\\\/nodusbarbera.cat\\\/wp-content\\\/uploads\\\/made-in-barbera-valles.jpg\",\"contentUrl\":\"https:\\\/\\\/nodusbarbera.cat\\\/wp-content\\\/uploads\\\/made-in-barbera-valles.jpg\",\"width\":1100,\"height\":690,\"caption\":\"made-in-barbera-valles\"},{\"@type\":\"BreadcrumbList\",\"@id\":\"https:\\\/\\\/nodusbarbera.cat\\\/es\\\/made-in-barbera-del-valles\\\/#breadcrumb\",\"itemListElement\":[{\"@type\":\"ListItem\",\"position\":1,\"name\":\"Inici\",\"item\":\"https:\\\/\\\/nodusbarbera.cat\\\/\"},{\"@type\":\"ListItem\",\"position\":2,\"name\":\"Made in Barber\u00e0 del Vall\u00e8s\"}]},{\"@type\":\"WebSite\",\"@id\":\"https:\\\/\\\/nodusbarbera.cat\\\/#website\",\"url\":\"https:\\\/\\\/nodusbarbera.cat\\\/\",\"name\":\"Nodus Barber\u00e0\",\"description\":\"Lloguer d&#039;oficines i despatxos a Barber\u00e0 del Vall\u00e8s, Barcelona.\",\"publisher\":{\"@id\":\"https:\\\/\\\/nodusbarbera.cat\\\/#organization\"},\"potentialAction\":[{\"@type\":\"SearchAction\",\"target\":{\"@type\":\"EntryPoint\",\"urlTemplate\":\"https:\\\/\\\/nodusbarbera.cat\\\/?s={search_term_string}\"},\"query-input\":{\"@type\":\"PropertyValueSpecification\",\"valueRequired\":true,\"valueName\":\"search_term_string\"}}],\"inLanguage\":\"es\"},{\"@type\":\"Organization\",\"@id\":\"https:\\\/\\\/nodusbarbera.cat\\\/#organization\",\"name\":\"Nodus Barber\u00e0\",\"url\":\"https:\\\/\\\/nodusbarbera.cat\\\/\",\"logo\":{\"@type\":\"ImageObject\",\"inLanguage\":\"es\",\"@id\":\"https:\\\/\\\/nodusbarbera.cat\\\/#\\\/schema\\\/logo\\\/image\\\/\",\"url\":\"https:\\\/\\\/i0.wp.com\\\/nodusbarbera.cat\\\/wp-content\\\/uploads\\\/logo-footer-250.png?fit=250%2C231&ssl=1\",\"contentUrl\":\"https:\\\/\\\/i0.wp.com\\\/nodusbarbera.cat\\\/wp-content\\\/uploads\\\/logo-footer-250.png?fit=250%2C231&ssl=1\",\"width\":250,\"height\":231,\"caption\":\"Nodus Barber\u00e0\"},\"image\":{\"@id\":\"https:\\\/\\\/nodusbarbera.cat\\\/#\\\/schema\\\/logo\\\/image\\\/\"},\"sameAs\":[\"https:\\\/\\\/www.facebook.com\\\/nodusbarbera\",\"https:\\\/\\\/x.com\\\/nodusbarbera\",\"https:\\\/\\\/www.instagram.com\\\/nodusbarbera\\\/\",\"https:\\\/\\\/www.linkedin.com\\\/company\\\/nodus-barbera\\\/\",\"https:\\\/\\\/www.youtube.com\\\/channel\\\/UCLJYdjFDfFQP1aGYuzUFd6A\"]},{\"@type\":\"Person\",\"@id\":\"https:\\\/\\\/nodusbarbera.cat\\\/#\\\/schema\\\/person\\\/f3356bf21f659e7e41d958bbb784cfe4\",\"name\":\"webmaster\",\"image\":{\"@type\":\"ImageObject\",\"inLanguage\":\"es\",\"@id\":\"https:\\\/\\\/secure.gravatar.com\\\/avatar\\\/73641b46ed44db8f663f428fc279f909e9f48696e06a190b1e330f4634071610?s=96&d=mm&r=g\",\"url\":\"https:\\\/\\\/secure.gravatar.com\\\/avatar\\\/73641b46ed44db8f663f428fc279f909e9f48696e06a190b1e330f4634071610?s=96&d=mm&r=g\",\"contentUrl\":\"https:\\\/\\\/secure.gravatar.com\\\/avatar\\\/73641b46ed44db8f663f428fc279f909e9f48696e06a190b1e330f4634071610?s=96&d=mm&r=g\",\"caption\":\"webmaster\"}}]}<\/script>\n<!-- \/ Yoast SEO plugin. -->","yoast_head_json":{"title":"Made in Barber\u00e0 del Vall\u00e8s - Nodus Barber\u00e0","robots":{"index":"index","follow":"follow","max-snippet":"max-snippet:-1","max-image-preview":"max-image-preview:large","max-video-preview":"max-video-preview:-1"},"canonical":"https:\/\/nodusbarbera.cat\/es\/made-in-barbera-del-valles\/","og_locale":"es_ES","og_type":"article","og_title":"Made in Barber\u00e0 del Vall\u00e8s - Nodus Barber\u00e0","og_description":"Las empresas de la ciudad miran al exterior para crecer. Ya han pasado algunos a\u00f1os desde que la dif\u00edcil situaci\u00f3n econ\u00f3mica mundial lleg\u00f3 a nuestro pa\u00eds.","og_url":"https:\/\/nodusbarbera.cat\/es\/made-in-barbera-del-valles\/","og_site_name":"Nodus Barber\u00e0","article_publisher":"https:\/\/www.facebook.com\/nodusbarbera","article_published_time":"2014-04-07T13:29:06+00:00","article_modified_time":"2020-02-18T13:58:34+00:00","og_image":[{"width":1100,"height":690,"url":"https:\/\/i2.wp.com\/nodusbarbera.cat\/wp-content\/uploads\/made-in-barbera-valles.jpg?fit=1100%2C690&ssl=1","type":"image\/jpeg"}],"author":"webmaster","twitter_card":"summary_large_image","twitter_creator":"@nodusbarbera","twitter_site":"@nodusbarbera","twitter_misc":{"Escrito por":"webmaster","Tiempo de lectura":"5 minutos"},"schema":{"@context":"https:\/\/schema.org","@graph":[{"@type":"Article","@id":"https:\/\/nodusbarbera.cat\/es\/made-in-barbera-del-valles\/#article","isPartOf":{"@id":"https:\/\/nodusbarbera.cat\/es\/made-in-barbera-del-valles\/"},"author":{"name":"webmaster","@id":"https:\/\/nodusbarbera.cat\/#\/schema\/person\/f3356bf21f659e7e41d958bbb784cfe4"},"headline":"Made in Barber\u00e0 del Vall\u00e8s","datePublished":"2014-04-07T13:29:06+00:00","dateModified":"2020-02-18T13:58:34+00:00","mainEntityOfPage":{"@id":"https:\/\/nodusbarbera.cat\/es\/made-in-barbera-del-valles\/"},"wordCount":926,"publisher":{"@id":"https:\/\/nodusbarbera.cat\/#organization"},"image":{"@id":"https:\/\/nodusbarbera.cat\/es\/made-in-barbera-del-valles\/#primaryimage"},"thumbnailUrl":"https:\/\/nodusbarbera.cat\/wp-content\/uploads\/made-in-barbera-valles.jpg","articleSection":["Noticias"],"inLanguage":"es"},{"@type":"WebPage","@id":"https:\/\/nodusbarbera.cat\/es\/made-in-barbera-del-valles\/","url":"https:\/\/nodusbarbera.cat\/es\/made-in-barbera-del-valles\/","name":"Made in Barber\u00e0 del Vall\u00e8s - Nodus Barber\u00e0","isPartOf":{"@id":"https:\/\/nodusbarbera.cat\/#website"},"primaryImageOfPage":{"@id":"https:\/\/nodusbarbera.cat\/es\/made-in-barbera-del-valles\/#primaryimage"},"image":{"@id":"https:\/\/nodusbarbera.cat\/es\/made-in-barbera-del-valles\/#primaryimage"},"thumbnailUrl":"https:\/\/nodusbarbera.cat\/wp-content\/uploads\/made-in-barbera-valles.jpg","datePublished":"2014-04-07T13:29:06+00:00","dateModified":"2020-02-18T13:58:34+00:00","breadcrumb":{"@id":"https:\/\/nodusbarbera.cat\/es\/made-in-barbera-del-valles\/#breadcrumb"},"inLanguage":"es","potentialAction":[{"@type":"ReadAction","target":["https:\/\/nodusbarbera.cat\/es\/made-in-barbera-del-valles\/"]}]},{"@type":"ImageObject","inLanguage":"es","@id":"https:\/\/nodusbarbera.cat\/es\/made-in-barbera-del-valles\/#primaryimage","url":"https:\/\/nodusbarbera.cat\/wp-content\/uploads\/made-in-barbera-valles.jpg","contentUrl":"https:\/\/nodusbarbera.cat\/wp-content\/uploads\/made-in-barbera-valles.jpg","width":1100,"height":690,"caption":"made-in-barbera-valles"},{"@type":"BreadcrumbList","@id":"https:\/\/nodusbarbera.cat\/es\/made-in-barbera-del-valles\/#breadcrumb","itemListElement":[{"@type":"ListItem","position":1,"name":"Inici","item":"https:\/\/nodusbarbera.cat\/"},{"@type":"ListItem","position":2,"name":"Made in Barber\u00e0 del Vall\u00e8s"}]},{"@type":"WebSite","@id":"https:\/\/nodusbarbera.cat\/#website","url":"https:\/\/nodusbarbera.cat\/","name":"Nodus Barber\u00e0","description":"Lloguer d&#039;oficines i despatxos a Barber\u00e0 del Vall\u00e8s, Barcelona.","publisher":{"@id":"https:\/\/nodusbarbera.cat\/#organization"},"potentialAction":[{"@type":"SearchAction","target":{"@type":"EntryPoint","urlTemplate":"https:\/\/nodusbarbera.cat\/?s={search_term_string}"},"query-input":{"@type":"PropertyValueSpecification","valueRequired":true,"valueName":"search_term_string"}}],"inLanguage":"es"},{"@type":"Organization","@id":"https:\/\/nodusbarbera.cat\/#organization","name":"Nodus Barber\u00e0","url":"https:\/\/nodusbarbera.cat\/","logo":{"@type":"ImageObject","inLanguage":"es","@id":"https:\/\/nodusbarbera.cat\/#\/schema\/logo\/image\/","url":"https:\/\/i0.wp.com\/nodusbarbera.cat\/wp-content\/uploads\/logo-footer-250.png?fit=250%2C231&ssl=1","contentUrl":"https:\/\/i0.wp.com\/nodusbarbera.cat\/wp-content\/uploads\/logo-footer-250.png?fit=250%2C231&ssl=1","width":250,"height":231,"caption":"Nodus Barber\u00e0"},"image":{"@id":"https:\/\/nodusbarbera.cat\/#\/schema\/logo\/image\/"},"sameAs":["https:\/\/www.facebook.com\/nodusbarbera","https:\/\/x.com\/nodusbarbera","https:\/\/www.instagram.com\/nodusbarbera\/","https:\/\/www.linkedin.com\/company\/nodus-barbera\/","https:\/\/www.youtube.com\/channel\/UCLJYdjFDfFQP1aGYuzUFd6A"]},{"@type":"Person","@id":"https:\/\/nodusbarbera.cat\/#\/schema\/person\/f3356bf21f659e7e41d958bbb784cfe4","name":"webmaster","image":{"@type":"ImageObject","inLanguage":"es","@id":"https:\/\/secure.gravatar.com\/avatar\/73641b46ed44db8f663f428fc279f909e9f48696e06a190b1e330f4634071610?s=96&d=mm&r=g","url":"https:\/\/secure.gravatar.com\/avatar\/73641b46ed44db8f663f428fc279f909e9f48696e06a190b1e330f4634071610?s=96&d=mm&r=g","contentUrl":"https:\/\/secure.gravatar.com\/avatar\/73641b46ed44db8f663f428fc279f909e9f48696e06a190b1e330f4634071610?s=96&d=mm&r=g","caption":"webmaster"}}]}},"_links":{"self":[{"href":"https:\/\/nodusbarbera.cat\/es\/wp-json\/wp\/v2\/posts\/4099","targetHints":{"allow":["GET"]}}],"collection":[{"href":"https:\/\/nodusbarbera.cat\/es\/wp-json\/wp\/v2\/posts"}],"about":[{"href":"https:\/\/nodusbarbera.cat\/es\/wp-json\/wp\/v2\/types\/post"}],"author":[{"embeddable":true,"href":"https:\/\/nodusbarbera.cat\/es\/wp-json\/wp\/v2\/users\/2"}],"replies":[{"embeddable":true,"href":"https:\/\/nodusbarbera.cat\/es\/wp-json\/wp\/v2\/comments?post=4099"}],"version-history":[{"count":1,"href":"https:\/\/nodusbarbera.cat\/es\/wp-json\/wp\/v2\/posts\/4099\/revisions"}],"predecessor-version":[{"id":4271,"href":"https:\/\/nodusbarbera.cat\/es\/wp-json\/wp\/v2\/posts\/4099\/revisions\/4271"}],"wp:featuredmedia":[{"embeddable":true,"href":"https:\/\/nodusbarbera.cat\/es\/wp-json\/wp\/v2\/media\/3214"}],"wp:attachment":[{"href":"https:\/\/nodusbarbera.cat\/es\/wp-json\/wp\/v2\/media?parent=4099"}],"wp:term":[{"taxonomy":"category","embeddable":true,"href":"https:\/\/nodusbarbera.cat\/es\/wp-json\/wp\/v2\/categories?post=4099"},{"taxonomy":"post_tag","embeddable":true,"href":"https:\/\/nodusbarbera.cat\/es\/wp-json\/wp\/v2\/tags?post=4099"}],"curies":[{"name":"wp","href":"https:\/\/api.w.org\/{rel}","templated":true}]}}