{"id":4110,"date":"2019-06-03T15:33:29","date_gmt":"2019-06-03T13:33:29","guid":{"rendered":"https:\/\/nodusbarbera.cat\/la-certificacion-de-poligonos-empresariales-de-calidad\/"},"modified":"2020-02-18T15:57:40","modified_gmt":"2020-02-18T13:57:40","slug":"la-certificacion-de-poligonos-empresariales-de-calidad","status":"publish","type":"post","link":"https:\/\/nodusbarbera.cat\/es\/la-certificacion-de-poligonos-empresariales-de-calidad\/","title":{"rendered":"La Certificaci\u00f3n de Pol\u00edgonos Empresariales de Calidad"},"content":{"rendered":"<p>PIMEC y la Diputaci\u00f3n de Barcelona presentan la marca \u00abPol\u00edgono de Calidad\u00bb.<\/p>\n<p><!--more--><\/p>\n<p>Estos organismos, en colaboraci\u00f3n con CEPE y AENOR, analizaron en una jornada en Barcelona el pasado 9 de mayo el procedimiento para obtener la certificaci\u00f3n de \u00abPol\u00edgono de Calidad\u00bb. Esta es la \u00fanica especificaci\u00f3n de calidad que se ha creado para certificar los pol\u00edgonos empresariales. Se pretende que esta sea reconocimiento de valor y una garant\u00eda de rigor.<\/p>\n<p>Podemos destacar algunas caracter\u00edsticas de esta marca:<\/p>\n<ul>\n<li>Va dirigida a cualquier sector empresarial independientemente de la actividad principal, las dimensiones el n\u00famero de empresas, etc.<\/li>\n<li>Se centra en el cumplimiento de un grupo de factores de calidad que son esenciales para considerar un pol\u00edgono industrial de calidad. Estos factores van desde aspectos urban\u00edsticos, pasando por la influencia social en el territorio y hasta la prestaci\u00f3n de servicios de valor.<\/li>\n<li>Se trata de un procedimiento de certificaci\u00f3n homog\u00e9neo y din\u00e1mico, ya que no se centra en un m\u00e9todo estricto y cerrado.<\/li>\n<\/ul>\n<p style=\"text-align: center;\"><img loading=\"lazy\" decoding=\"async\" class=\"aligncenter wp-image-1833 size-full\" title=\"poligons industrials de qualitat\" src=\"http:\/\/nodusbarbera.cat\/wp-content\/uploads\/poligons-industrials-de-qualitat.jpg\" alt=\"poligons industrials de qualitat\" width=\"590\" height=\"597\" srcset=\"https:\/\/nodusbarbera.cat\/wp-content\/uploads\/poligons-industrials-de-qualitat.jpg 590w, https:\/\/nodusbarbera.cat\/wp-content\/uploads\/poligons-industrials-de-qualitat-296x300.jpg 296w\" sizes=\"(max-width: 590px) 100vw, 590px\" \/><\/p>\n<p>Puede obtener toda la informaci\u00f3n <a href=\"http:\/\/poligonoempresarialdecalidad.es\/ca\/el-model\/\" target=\"_blank\" rel=\"noopener noreferrer\">aqu\u00ed<\/a>.<\/p>\n","protected":false},"excerpt":{"rendered":"<p>PIMEC y la Diputaci\u00f3n de Barcelona presentan la marca \u00abPol\u00edgono de Calidad\u00bb.<\/p>\n","protected":false},"author":2,"featured_media":3185,"comment_status":"closed","ping_status":"closed","sticky":false,"template":"","format":"standard","meta":{"footnotes":""},"categories":[9],"tags":[],"class_list":["post-4110","post","type-post","status-publish","format-standard","has-post-thumbnail","hentry","category-noticias"],"yoast_head":"<!-- This site is optimized with the Yoast SEO plugin v27.5 - https:\/\/yoast.com\/product\/yoast-seo-wordpress\/ -->\n<title>La Certificaci\u00f3n de Pol\u00edgonos Empresariales de Calidad - Nodus Barber\u00e0<\/title>\n<meta name=\"robots\" content=\"index, follow, max-snippet:-1, max-image-preview:large, max-video-preview:-1\" \/>\n<link rel=\"canonical\" href=\"https:\/\/nodusbarbera.cat\/es\/la-certificacion-de-poligonos-empresariales-de-calidad\/\" \/>\n<meta property=\"og:locale\" content=\"es_ES\" \/>\n<meta property=\"og:type\" content=\"article\" \/>\n<meta property=\"og:title\" content=\"La Certificaci\u00f3n de Pol\u00edgonos Empresariales de Calidad - Nodus Barber\u00e0\" \/>\n<meta property=\"og:description\" content=\"PIMEC y la Diputaci\u00f3n de Barcelona presentan la marca \u00abPol\u00edgono de Calidad\u00bb.\" \/>\n<meta property=\"og:url\" content=\"https:\/\/nodusbarbera.cat\/es\/la-certificacion-de-poligonos-empresariales-de-calidad\/\" \/>\n<meta property=\"og:site_name\" content=\"Nodus Barber\u00e0\" \/>\n<meta property=\"article:publisher\" content=\"https:\/\/www.facebook.com\/nodusbarbera\" \/>\n<meta property=\"article:published_time\" content=\"2019-06-03T13:33:29+00:00\" \/>\n<meta property=\"article:modified_time\" content=\"2020-02-18T13:57:40+00:00\" \/>\n<meta property=\"og:image\" content=\"https:\/\/i0.wp.com\/nodusbarbera.cat\/wp-content\/uploads\/certificacio-qualitat-poligons-industrials.jpg?fit=638%2C624&ssl=1\" \/>\n\t<meta property=\"og:image:width\" content=\"638\" \/>\n\t<meta property=\"og:image:height\" content=\"624\" \/>\n\t<meta property=\"og:image:type\" content=\"image\/jpeg\" \/>\n<meta name=\"author\" content=\"webmaster\" \/>\n<meta name=\"twitter:card\" content=\"summary_large_image\" \/>\n<meta name=\"twitter:creator\" content=\"@nodusbarbera\" \/>\n<meta name=\"twitter:site\" content=\"@nodusbarbera\" \/>\n<meta name=\"twitter:label1\" content=\"Escrito por\" \/>\n\t<meta name=\"twitter:data1\" content=\"webmaster\" \/>\n\t<meta name=\"twitter:label2\" content=\"Tiempo de lectura\" \/>\n\t<meta name=\"twitter:data2\" content=\"1 minuto\" \/>\n<script type=\"application\/ld+json\" class=\"yoast-schema-graph\">{\"@context\":\"https:\\\/\\\/schema.org\",\"@graph\":[{\"@type\":\"Article\",\"@id\":\"https:\\\/\\\/nodusbarbera.cat\\\/es\\\/la-certificacion-de-poligonos-empresariales-de-calidad\\\/#article\",\"isPartOf\":{\"@id\":\"https:\\\/\\\/nodusbarbera.cat\\\/es\\\/la-certificacion-de-poligonos-empresariales-de-calidad\\\/\"},\"author\":{\"name\":\"webmaster\",\"@id\":\"https:\\\/\\\/nodusbarbera.cat\\\/#\\\/schema\\\/person\\\/f3356bf21f659e7e41d958bbb784cfe4\"},\"headline\":\"La Certificaci\u00f3n de Pol\u00edgonos Empresariales de Calidad\",\"datePublished\":\"2019-06-03T13:33:29+00:00\",\"dateModified\":\"2020-02-18T13:57:40+00:00\",\"mainEntityOfPage\":{\"@id\":\"https:\\\/\\\/nodusbarbera.cat\\\/es\\\/la-certificacion-de-poligonos-empresariales-de-calidad\\\/\"},\"wordCount\":192,\"publisher\":{\"@id\":\"https:\\\/\\\/nodusbarbera.cat\\\/#organization\"},\"image\":{\"@id\":\"https:\\\/\\\/nodusbarbera.cat\\\/es\\\/la-certificacion-de-poligonos-empresariales-de-calidad\\\/#primaryimage\"},\"thumbnailUrl\":\"https:\\\/\\\/nodusbarbera.cat\\\/wp-content\\\/uploads\\\/certificacio-qualitat-poligons-industrials.jpg\",\"articleSection\":[\"Noticias\"],\"inLanguage\":\"es\"},{\"@type\":\"WebPage\",\"@id\":\"https:\\\/\\\/nodusbarbera.cat\\\/es\\\/la-certificacion-de-poligonos-empresariales-de-calidad\\\/\",\"url\":\"https:\\\/\\\/nodusbarbera.cat\\\/es\\\/la-certificacion-de-poligonos-empresariales-de-calidad\\\/\",\"name\":\"La Certificaci\u00f3n de Pol\u00edgonos Empresariales de Calidad - Nodus Barber\u00e0\",\"isPartOf\":{\"@id\":\"https:\\\/\\\/nodusbarbera.cat\\\/#website\"},\"primaryImageOfPage\":{\"@id\":\"https:\\\/\\\/nodusbarbera.cat\\\/es\\\/la-certificacion-de-poligonos-empresariales-de-calidad\\\/#primaryimage\"},\"image\":{\"@id\":\"https:\\\/\\\/nodusbarbera.cat\\\/es\\\/la-certificacion-de-poligonos-empresariales-de-calidad\\\/#primaryimage\"},\"thumbnailUrl\":\"https:\\\/\\\/nodusbarbera.cat\\\/wp-content\\\/uploads\\\/certificacio-qualitat-poligons-industrials.jpg\",\"datePublished\":\"2019-06-03T13:33:29+00:00\",\"dateModified\":\"2020-02-18T13:57:40+00:00\",\"breadcrumb\":{\"@id\":\"https:\\\/\\\/nodusbarbera.cat\\\/es\\\/la-certificacion-de-poligonos-empresariales-de-calidad\\\/#breadcrumb\"},\"inLanguage\":\"es\",\"potentialAction\":[{\"@type\":\"ReadAction\",\"target\":[\"https:\\\/\\\/nodusbarbera.cat\\\/es\\\/la-certificacion-de-poligonos-empresariales-de-calidad\\\/\"]}]},{\"@type\":\"ImageObject\",\"inLanguage\":\"es\",\"@id\":\"https:\\\/\\\/nodusbarbera.cat\\\/es\\\/la-certificacion-de-poligonos-empresariales-de-calidad\\\/#primaryimage\",\"url\":\"https:\\\/\\\/nodusbarbera.cat\\\/wp-content\\\/uploads\\\/certificacio-qualitat-poligons-industrials.jpg\",\"contentUrl\":\"https:\\\/\\\/nodusbarbera.cat\\\/wp-content\\\/uploads\\\/certificacio-qualitat-poligons-industrials.jpg\",\"width\":638,\"height\":624,\"caption\":\"certificacion pol\u00edgonos industriales de calidad\"},{\"@type\":\"BreadcrumbList\",\"@id\":\"https:\\\/\\\/nodusbarbera.cat\\\/es\\\/la-certificacion-de-poligonos-empresariales-de-calidad\\\/#breadcrumb\",\"itemListElement\":[{\"@type\":\"ListItem\",\"position\":1,\"name\":\"Inici\",\"item\":\"https:\\\/\\\/nodusbarbera.cat\\\/\"},{\"@type\":\"ListItem\",\"position\":2,\"name\":\"La Certificaci\u00f3n de Pol\u00edgonos Empresariales de Calidad\"}]},{\"@type\":\"WebSite\",\"@id\":\"https:\\\/\\\/nodusbarbera.cat\\\/#website\",\"url\":\"https:\\\/\\\/nodusbarbera.cat\\\/\",\"name\":\"Nodus Barber\u00e0\",\"description\":\"Lloguer d&#039;oficines i despatxos a Barber\u00e0 del Vall\u00e8s, Barcelona.\",\"publisher\":{\"@id\":\"https:\\\/\\\/nodusbarbera.cat\\\/#organization\"},\"potentialAction\":[{\"@type\":\"SearchAction\",\"target\":{\"@type\":\"EntryPoint\",\"urlTemplate\":\"https:\\\/\\\/nodusbarbera.cat\\\/?s={search_term_string}\"},\"query-input\":{\"@type\":\"PropertyValueSpecification\",\"valueRequired\":true,\"valueName\":\"search_term_string\"}}],\"inLanguage\":\"es\"},{\"@type\":\"Organization\",\"@id\":\"https:\\\/\\\/nodusbarbera.cat\\\/#organization\",\"name\":\"Nodus Barber\u00e0\",\"url\":\"https:\\\/\\\/nodusbarbera.cat\\\/\",\"logo\":{\"@type\":\"ImageObject\",\"inLanguage\":\"es\",\"@id\":\"https:\\\/\\\/nodusbarbera.cat\\\/#\\\/schema\\\/logo\\\/image\\\/\",\"url\":\"https:\\\/\\\/i0.wp.com\\\/nodusbarbera.cat\\\/wp-content\\\/uploads\\\/logo-footer-250.png?fit=250%2C231&ssl=1\",\"contentUrl\":\"https:\\\/\\\/i0.wp.com\\\/nodusbarbera.cat\\\/wp-content\\\/uploads\\\/logo-footer-250.png?fit=250%2C231&ssl=1\",\"width\":250,\"height\":231,\"caption\":\"Nodus Barber\u00e0\"},\"image\":{\"@id\":\"https:\\\/\\\/nodusbarbera.cat\\\/#\\\/schema\\\/logo\\\/image\\\/\"},\"sameAs\":[\"https:\\\/\\\/www.facebook.com\\\/nodusbarbera\",\"https:\\\/\\\/x.com\\\/nodusbarbera\",\"https:\\\/\\\/www.instagram.com\\\/nodusbarbera\\\/\",\"https:\\\/\\\/www.linkedin.com\\\/company\\\/nodus-barbera\\\/\",\"https:\\\/\\\/www.youtube.com\\\/channel\\\/UCLJYdjFDfFQP1aGYuzUFd6A\"]},{\"@type\":\"Person\",\"@id\":\"https:\\\/\\\/nodusbarbera.cat\\\/#\\\/schema\\\/person\\\/f3356bf21f659e7e41d958bbb784cfe4\",\"name\":\"webmaster\",\"image\":{\"@type\":\"ImageObject\",\"inLanguage\":\"es\",\"@id\":\"https:\\\/\\\/secure.gravatar.com\\\/avatar\\\/73641b46ed44db8f663f428fc279f909e9f48696e06a190b1e330f4634071610?s=96&d=mm&r=g\",\"url\":\"https:\\\/\\\/secure.gravatar.com\\\/avatar\\\/73641b46ed44db8f663f428fc279f909e9f48696e06a190b1e330f4634071610?s=96&d=mm&r=g\",\"contentUrl\":\"https:\\\/\\\/secure.gravatar.com\\\/avatar\\\/73641b46ed44db8f663f428fc279f909e9f48696e06a190b1e330f4634071610?s=96&d=mm&r=g\",\"caption\":\"webmaster\"}}]}<\/script>\n<!-- \/ Yoast SEO plugin. -->","yoast_head_json":{"title":"La Certificaci\u00f3n de Pol\u00edgonos Empresariales de Calidad - Nodus Barber\u00e0","robots":{"index":"index","follow":"follow","max-snippet":"max-snippet:-1","max-image-preview":"max-image-preview:large","max-video-preview":"max-video-preview:-1"},"canonical":"https:\/\/nodusbarbera.cat\/es\/la-certificacion-de-poligonos-empresariales-de-calidad\/","og_locale":"es_ES","og_type":"article","og_title":"La Certificaci\u00f3n de Pol\u00edgonos Empresariales de Calidad - Nodus Barber\u00e0","og_description":"PIMEC y la Diputaci\u00f3n de Barcelona presentan la marca \u00abPol\u00edgono de Calidad\u00bb.","og_url":"https:\/\/nodusbarbera.cat\/es\/la-certificacion-de-poligonos-empresariales-de-calidad\/","og_site_name":"Nodus Barber\u00e0","article_publisher":"https:\/\/www.facebook.com\/nodusbarbera","article_published_time":"2019-06-03T13:33:29+00:00","article_modified_time":"2020-02-18T13:57:40+00:00","og_image":[{"width":638,"height":624,"url":"https:\/\/i0.wp.com\/nodusbarbera.cat\/wp-content\/uploads\/certificacio-qualitat-poligons-industrials.jpg?fit=638%2C624&ssl=1","type":"image\/jpeg"}],"author":"webmaster","twitter_card":"summary_large_image","twitter_creator":"@nodusbarbera","twitter_site":"@nodusbarbera","twitter_misc":{"Escrito por":"webmaster","Tiempo de lectura":"1 minuto"},"schema":{"@context":"https:\/\/schema.org","@graph":[{"@type":"Article","@id":"https:\/\/nodusbarbera.cat\/es\/la-certificacion-de-poligonos-empresariales-de-calidad\/#article","isPartOf":{"@id":"https:\/\/nodusbarbera.cat\/es\/la-certificacion-de-poligonos-empresariales-de-calidad\/"},"author":{"name":"webmaster","@id":"https:\/\/nodusbarbera.cat\/#\/schema\/person\/f3356bf21f659e7e41d958bbb784cfe4"},"headline":"La Certificaci\u00f3n de Pol\u00edgonos Empresariales de Calidad","datePublished":"2019-06-03T13:33:29+00:00","dateModified":"2020-02-18T13:57:40+00:00","mainEntityOfPage":{"@id":"https:\/\/nodusbarbera.cat\/es\/la-certificacion-de-poligonos-empresariales-de-calidad\/"},"wordCount":192,"publisher":{"@id":"https:\/\/nodusbarbera.cat\/#organization"},"image":{"@id":"https:\/\/nodusbarbera.cat\/es\/la-certificacion-de-poligonos-empresariales-de-calidad\/#primaryimage"},"thumbnailUrl":"https:\/\/nodusbarbera.cat\/wp-content\/uploads\/certificacio-qualitat-poligons-industrials.jpg","articleSection":["Noticias"],"inLanguage":"es"},{"@type":"WebPage","@id":"https:\/\/nodusbarbera.cat\/es\/la-certificacion-de-poligonos-empresariales-de-calidad\/","url":"https:\/\/nodusbarbera.cat\/es\/la-certificacion-de-poligonos-empresariales-de-calidad\/","name":"La Certificaci\u00f3n de Pol\u00edgonos Empresariales de Calidad - Nodus Barber\u00e0","isPartOf":{"@id":"https:\/\/nodusbarbera.cat\/#website"},"primaryImageOfPage":{"@id":"https:\/\/nodusbarbera.cat\/es\/la-certificacion-de-poligonos-empresariales-de-calidad\/#primaryimage"},"image":{"@id":"https:\/\/nodusbarbera.cat\/es\/la-certificacion-de-poligonos-empresariales-de-calidad\/#primaryimage"},"thumbnailUrl":"https:\/\/nodusbarbera.cat\/wp-content\/uploads\/certificacio-qualitat-poligons-industrials.jpg","datePublished":"2019-06-03T13:33:29+00:00","dateModified":"2020-02-18T13:57:40+00:00","breadcrumb":{"@id":"https:\/\/nodusbarbera.cat\/es\/la-certificacion-de-poligonos-empresariales-de-calidad\/#breadcrumb"},"inLanguage":"es","potentialAction":[{"@type":"ReadAction","target":["https:\/\/nodusbarbera.cat\/es\/la-certificacion-de-poligonos-empresariales-de-calidad\/"]}]},{"@type":"ImageObject","inLanguage":"es","@id":"https:\/\/nodusbarbera.cat\/es\/la-certificacion-de-poligonos-empresariales-de-calidad\/#primaryimage","url":"https:\/\/nodusbarbera.cat\/wp-content\/uploads\/certificacio-qualitat-poligons-industrials.jpg","contentUrl":"https:\/\/nodusbarbera.cat\/wp-content\/uploads\/certificacio-qualitat-poligons-industrials.jpg","width":638,"height":624,"caption":"certificacion pol\u00edgonos industriales de calidad"},{"@type":"BreadcrumbList","@id":"https:\/\/nodusbarbera.cat\/es\/la-certificacion-de-poligonos-empresariales-de-calidad\/#breadcrumb","itemListElement":[{"@type":"ListItem","position":1,"name":"Inici","item":"https:\/\/nodusbarbera.cat\/"},{"@type":"ListItem","position":2,"name":"La Certificaci\u00f3n de Pol\u00edgonos Empresariales de Calidad"}]},{"@type":"WebSite","@id":"https:\/\/nodusbarbera.cat\/#website","url":"https:\/\/nodusbarbera.cat\/","name":"Nodus Barber\u00e0","description":"Lloguer d&#039;oficines i despatxos a Barber\u00e0 del Vall\u00e8s, Barcelona.","publisher":{"@id":"https:\/\/nodusbarbera.cat\/#organization"},"potentialAction":[{"@type":"SearchAction","target":{"@type":"EntryPoint","urlTemplate":"https:\/\/nodusbarbera.cat\/?s={search_term_string}"},"query-input":{"@type":"PropertyValueSpecification","valueRequired":true,"valueName":"search_term_string"}}],"inLanguage":"es"},{"@type":"Organization","@id":"https:\/\/nodusbarbera.cat\/#organization","name":"Nodus Barber\u00e0","url":"https:\/\/nodusbarbera.cat\/","logo":{"@type":"ImageObject","inLanguage":"es","@id":"https:\/\/nodusbarbera.cat\/#\/schema\/logo\/image\/","url":"https:\/\/i0.wp.com\/nodusbarbera.cat\/wp-content\/uploads\/logo-footer-250.png?fit=250%2C231&ssl=1","contentUrl":"https:\/\/i0.wp.com\/nodusbarbera.cat\/wp-content\/uploads\/logo-footer-250.png?fit=250%2C231&ssl=1","width":250,"height":231,"caption":"Nodus Barber\u00e0"},"image":{"@id":"https:\/\/nodusbarbera.cat\/#\/schema\/logo\/image\/"},"sameAs":["https:\/\/www.facebook.com\/nodusbarbera","https:\/\/x.com\/nodusbarbera","https:\/\/www.instagram.com\/nodusbarbera\/","https:\/\/www.linkedin.com\/company\/nodus-barbera\/","https:\/\/www.youtube.com\/channel\/UCLJYdjFDfFQP1aGYuzUFd6A"]},{"@type":"Person","@id":"https:\/\/nodusbarbera.cat\/#\/schema\/person\/f3356bf21f659e7e41d958bbb784cfe4","name":"webmaster","image":{"@type":"ImageObject","inLanguage":"es","@id":"https:\/\/secure.gravatar.com\/avatar\/73641b46ed44db8f663f428fc279f909e9f48696e06a190b1e330f4634071610?s=96&d=mm&r=g","url":"https:\/\/secure.gravatar.com\/avatar\/73641b46ed44db8f663f428fc279f909e9f48696e06a190b1e330f4634071610?s=96&d=mm&r=g","contentUrl":"https:\/\/secure.gravatar.com\/avatar\/73641b46ed44db8f663f428fc279f909e9f48696e06a190b1e330f4634071610?s=96&d=mm&r=g","caption":"webmaster"}}]}},"_links":{"self":[{"href":"https:\/\/nodusbarbera.cat\/es\/wp-json\/wp\/v2\/posts\/4110","targetHints":{"allow":["GET"]}}],"collection":[{"href":"https:\/\/nodusbarbera.cat\/es\/wp-json\/wp\/v2\/posts"}],"about":[{"href":"https:\/\/nodusbarbera.cat\/es\/wp-json\/wp\/v2\/types\/post"}],"author":[{"embeddable":true,"href":"https:\/\/nodusbarbera.cat\/es\/wp-json\/wp\/v2\/users\/2"}],"replies":[{"embeddable":true,"href":"https:\/\/nodusbarbera.cat\/es\/wp-json\/wp\/v2\/comments?post=4110"}],"version-history":[{"count":1,"href":"https:\/\/nodusbarbera.cat\/es\/wp-json\/wp\/v2\/posts\/4110\/revisions"}],"predecessor-version":[{"id":4268,"href":"https:\/\/nodusbarbera.cat\/es\/wp-json\/wp\/v2\/posts\/4110\/revisions\/4268"}],"wp:featuredmedia":[{"embeddable":true,"href":"https:\/\/nodusbarbera.cat\/es\/wp-json\/wp\/v2\/media\/3185"}],"wp:attachment":[{"href":"https:\/\/nodusbarbera.cat\/es\/wp-json\/wp\/v2\/media?parent=4110"}],"wp:term":[{"taxonomy":"category","embeddable":true,"href":"https:\/\/nodusbarbera.cat\/es\/wp-json\/wp\/v2\/categories?post=4110"},{"taxonomy":"post_tag","embeddable":true,"href":"https:\/\/nodusbarbera.cat\/es\/wp-json\/wp\/v2\/tags?post=4110"}],"curies":[{"name":"wp","href":"https:\/\/api.w.org\/{rel}","templated":true}]}}