{"id":5240,"date":"2020-03-23T10:22:23","date_gmt":"2020-03-23T08:22:23","guid":{"rendered":"https:\/\/nodusbarbera.cat\/?p=5240"},"modified":"2020-04-01T08:07:48","modified_gmt":"2020-04-01T06:07:48","slug":"el-ministerio-lanza-el-criterio-de-medidas-urgentes-para-hacer-frente-al-impacto-economico","status":"publish","type":"post","link":"https:\/\/nodusbarbera.cat\/es\/el-ministerio-lanza-el-criterio-de-medidas-urgentes-para-hacer-frente-al-impacto-economico\/","title":{"rendered":"El Ministerio lanza el criterio de medidas urgentes para aut\u00f3nomos"},"content":{"rendered":"\n<p>Con objeto de evitar las dudas de la aplicaci\u00f3n del art\u00edculo 17 del Real Decreto-ley 8\/2020 relativo a la prestaci\u00f3n extraordinaria por cese de actividad para los aut\u00f3nomos, la Direcci\u00f3n General adopta los siguientes criterios.<\/p>\n\n\n\n<!--more-->\n\n\n\n<ul class=\"wp-block-list\"><li>\u00c1mbito subjetivo de aplicaci\u00f3n.<\/li><li>Requisitos.<\/li><li>Documentaci\u00f3n.<\/li><li>Cuant\u00eda de la prestaci\u00f3n.<\/li><li>Alta y cotizaci\u00f3n.<\/li><li>Duraci\u00f3n.<\/li><li>Beneficios de su concesi\u00f3n.<\/li><li>Incompatibilidades.<\/li><li>Concurrencia con los expedientes de suspensi\u00f3n de contratos y reducci\u00f3n de jornada por causa de vinculada al COVID-19.<\/li><\/ul>\n\n\n\n<p>Desc\u00e1rgate el criterio con las respuestas&nbsp;<a href=\"https:\/\/nodusbarbera.cat\/wp-content\/uploads\/criterio-5-2020.pdf\" target=\"_blank\" rel=\"noreferrer noopener\" aria-label=\" (s'obre en una nova pestanya)\">aqu\u00ed.<\/a><\/p>\n","protected":false},"excerpt":{"rendered":"<p>Con objeto de evitar las dudas de la aplicaci\u00f3n del art\u00edculo 17 del Real Decreto-ley 8\/2020 relativo a la prestaci\u00f3n extraordinaria por cese de actividad para los aut\u00f3nomos, la Direcci\u00f3n General adopta los siguientes criterios.<\/p>\n","protected":false},"author":2,"featured_media":5242,"comment_status":"closed","ping_status":"closed","sticky":false,"template":"","format":"standard","meta":{"footnotes":""},"categories":[24,25,9],"tags":[],"class_list":["post-5240","post","type-post","status-publish","format-standard","has-post-thumbnail","hentry","category-covid-19-es","category-covid-19-es-2","category-noticias"],"yoast_head":"<!-- This site is optimized with the Yoast SEO plugin v27.5 - https:\/\/yoast.com\/product\/yoast-seo-wordpress\/ -->\n<title>El Ministerio lanza el criterio de medidas urgentes para aut\u00f3nomos - Nodus Barber\u00e0<\/title>\n<meta name=\"robots\" content=\"index, follow, max-snippet:-1, max-image-preview:large, max-video-preview:-1\" \/>\n<link rel=\"canonical\" href=\"https:\/\/nodusbarbera.cat\/es\/el-ministerio-lanza-el-criterio-de-medidas-urgentes-para-hacer-frente-al-impacto-economico\/\" \/>\n<meta property=\"og:locale\" content=\"es_ES\" \/>\n<meta property=\"og:type\" content=\"article\" \/>\n<meta property=\"og:title\" content=\"El Ministerio lanza el criterio de medidas urgentes para aut\u00f3nomos - Nodus Barber\u00e0\" \/>\n<meta property=\"og:description\" content=\"Con objeto de evitar las dudas de la aplicaci\u00f3n del art\u00edculo 17 del Real Decreto-ley 8\/2020 relativo a la prestaci\u00f3n extraordinaria por cese de actividad para los aut\u00f3nomos, la Direcci\u00f3n General adopta los siguientes criterios.\" \/>\n<meta property=\"og:url\" content=\"https:\/\/nodusbarbera.cat\/es\/el-ministerio-lanza-el-criterio-de-medidas-urgentes-para-hacer-frente-al-impacto-economico\/\" \/>\n<meta property=\"og:site_name\" content=\"Nodus Barber\u00e0\" \/>\n<meta property=\"article:publisher\" content=\"https:\/\/www.facebook.com\/nodusbarbera\" \/>\n<meta property=\"article:published_time\" content=\"2020-03-23T08:22:23+00:00\" \/>\n<meta property=\"article:modified_time\" content=\"2020-04-01T06:07:48+00:00\" \/>\n<meta property=\"og:image\" content=\"https:\/\/i2.wp.com\/nodusbarbera.cat\/wp-content\/uploads\/noticia-criterio.jpg?fit=1600%2C990&ssl=1\" \/>\n\t<meta property=\"og:image:width\" content=\"1600\" \/>\n\t<meta property=\"og:image:height\" content=\"990\" \/>\n\t<meta property=\"og:image:type\" content=\"image\/jpeg\" \/>\n<meta name=\"author\" content=\"webmaster\" \/>\n<meta name=\"twitter:card\" content=\"summary_large_image\" \/>\n<meta name=\"twitter:creator\" content=\"@nodusbarbera\" \/>\n<meta name=\"twitter:site\" content=\"@nodusbarbera\" \/>\n<meta name=\"twitter:label1\" content=\"Escrito por\" \/>\n\t<meta name=\"twitter:data1\" content=\"webmaster\" \/>\n<script type=\"application\/ld+json\" class=\"yoast-schema-graph\">{\"@context\":\"https:\\\/\\\/schema.org\",\"@graph\":[{\"@type\":\"Article\",\"@id\":\"https:\\\/\\\/nodusbarbera.cat\\\/es\\\/el-ministerio-lanza-el-criterio-de-medidas-urgentes-para-hacer-frente-al-impacto-economico\\\/#article\",\"isPartOf\":{\"@id\":\"https:\\\/\\\/nodusbarbera.cat\\\/es\\\/el-ministerio-lanza-el-criterio-de-medidas-urgentes-para-hacer-frente-al-impacto-economico\\\/\"},\"author\":{\"name\":\"webmaster\",\"@id\":\"https:\\\/\\\/nodusbarbera.cat\\\/#\\\/schema\\\/person\\\/f3356bf21f659e7e41d958bbb784cfe4\"},\"headline\":\"El Ministerio lanza el criterio de medidas urgentes para aut\u00f3nomos\",\"datePublished\":\"2020-03-23T08:22:23+00:00\",\"dateModified\":\"2020-04-01T06:07:48+00:00\",\"mainEntityOfPage\":{\"@id\":\"https:\\\/\\\/nodusbarbera.cat\\\/es\\\/el-ministerio-lanza-el-criterio-de-medidas-urgentes-para-hacer-frente-al-impacto-economico\\\/\"},\"wordCount\":104,\"publisher\":{\"@id\":\"https:\\\/\\\/nodusbarbera.cat\\\/#organization\"},\"image\":{\"@id\":\"https:\\\/\\\/nodusbarbera.cat\\\/es\\\/el-ministerio-lanza-el-criterio-de-medidas-urgentes-para-hacer-frente-al-impacto-economico\\\/#primaryimage\"},\"thumbnailUrl\":\"https:\\\/\\\/nodusbarbera.cat\\\/wp-content\\\/uploads\\\/noticia-criterio.jpg\",\"articleSection\":[\"Covid-19\",\"Covid-19\",\"Noticias\"],\"inLanguage\":\"es\"},{\"@type\":\"WebPage\",\"@id\":\"https:\\\/\\\/nodusbarbera.cat\\\/es\\\/el-ministerio-lanza-el-criterio-de-medidas-urgentes-para-hacer-frente-al-impacto-economico\\\/\",\"url\":\"https:\\\/\\\/nodusbarbera.cat\\\/es\\\/el-ministerio-lanza-el-criterio-de-medidas-urgentes-para-hacer-frente-al-impacto-economico\\\/\",\"name\":\"El Ministerio lanza el criterio de medidas urgentes para aut\u00f3nomos - Nodus Barber\u00e0\",\"isPartOf\":{\"@id\":\"https:\\\/\\\/nodusbarbera.cat\\\/#website\"},\"primaryImageOfPage\":{\"@id\":\"https:\\\/\\\/nodusbarbera.cat\\\/es\\\/el-ministerio-lanza-el-criterio-de-medidas-urgentes-para-hacer-frente-al-impacto-economico\\\/#primaryimage\"},\"image\":{\"@id\":\"https:\\\/\\\/nodusbarbera.cat\\\/es\\\/el-ministerio-lanza-el-criterio-de-medidas-urgentes-para-hacer-frente-al-impacto-economico\\\/#primaryimage\"},\"thumbnailUrl\":\"https:\\\/\\\/nodusbarbera.cat\\\/wp-content\\\/uploads\\\/noticia-criterio.jpg\",\"datePublished\":\"2020-03-23T08:22:23+00:00\",\"dateModified\":\"2020-04-01T06:07:48+00:00\",\"breadcrumb\":{\"@id\":\"https:\\\/\\\/nodusbarbera.cat\\\/es\\\/el-ministerio-lanza-el-criterio-de-medidas-urgentes-para-hacer-frente-al-impacto-economico\\\/#breadcrumb\"},\"inLanguage\":\"es\",\"potentialAction\":[{\"@type\":\"ReadAction\",\"target\":[\"https:\\\/\\\/nodusbarbera.cat\\\/es\\\/el-ministerio-lanza-el-criterio-de-medidas-urgentes-para-hacer-frente-al-impacto-economico\\\/\"]}]},{\"@type\":\"ImageObject\",\"inLanguage\":\"es\",\"@id\":\"https:\\\/\\\/nodusbarbera.cat\\\/es\\\/el-ministerio-lanza-el-criterio-de-medidas-urgentes-para-hacer-frente-al-impacto-economico\\\/#primaryimage\",\"url\":\"https:\\\/\\\/nodusbarbera.cat\\\/wp-content\\\/uploads\\\/noticia-criterio.jpg\",\"contentUrl\":\"https:\\\/\\\/nodusbarbera.cat\\\/wp-content\\\/uploads\\\/noticia-criterio.jpg\",\"width\":1600,\"height\":990},{\"@type\":\"BreadcrumbList\",\"@id\":\"https:\\\/\\\/nodusbarbera.cat\\\/es\\\/el-ministerio-lanza-el-criterio-de-medidas-urgentes-para-hacer-frente-al-impacto-economico\\\/#breadcrumb\",\"itemListElement\":[{\"@type\":\"ListItem\",\"position\":1,\"name\":\"Inici\",\"item\":\"https:\\\/\\\/nodusbarbera.cat\\\/\"},{\"@type\":\"ListItem\",\"position\":2,\"name\":\"El Ministerio lanza el criterio de medidas urgentes para aut\u00f3nomos\"}]},{\"@type\":\"WebSite\",\"@id\":\"https:\\\/\\\/nodusbarbera.cat\\\/#website\",\"url\":\"https:\\\/\\\/nodusbarbera.cat\\\/\",\"name\":\"Nodus Barber\u00e0\",\"description\":\"Lloguer d&#039;oficines i despatxos a Barber\u00e0 del Vall\u00e8s, Barcelona.\",\"publisher\":{\"@id\":\"https:\\\/\\\/nodusbarbera.cat\\\/#organization\"},\"potentialAction\":[{\"@type\":\"SearchAction\",\"target\":{\"@type\":\"EntryPoint\",\"urlTemplate\":\"https:\\\/\\\/nodusbarbera.cat\\\/?s={search_term_string}\"},\"query-input\":{\"@type\":\"PropertyValueSpecification\",\"valueRequired\":true,\"valueName\":\"search_term_string\"}}],\"inLanguage\":\"es\"},{\"@type\":\"Organization\",\"@id\":\"https:\\\/\\\/nodusbarbera.cat\\\/#organization\",\"name\":\"Nodus Barber\u00e0\",\"url\":\"https:\\\/\\\/nodusbarbera.cat\\\/\",\"logo\":{\"@type\":\"ImageObject\",\"inLanguage\":\"es\",\"@id\":\"https:\\\/\\\/nodusbarbera.cat\\\/#\\\/schema\\\/logo\\\/image\\\/\",\"url\":\"https:\\\/\\\/i0.wp.com\\\/nodusbarbera.cat\\\/wp-content\\\/uploads\\\/logo-footer-250.png?fit=250%2C231&ssl=1\",\"contentUrl\":\"https:\\\/\\\/i0.wp.com\\\/nodusbarbera.cat\\\/wp-content\\\/uploads\\\/logo-footer-250.png?fit=250%2C231&ssl=1\",\"width\":250,\"height\":231,\"caption\":\"Nodus Barber\u00e0\"},\"image\":{\"@id\":\"https:\\\/\\\/nodusbarbera.cat\\\/#\\\/schema\\\/logo\\\/image\\\/\"},\"sameAs\":[\"https:\\\/\\\/www.facebook.com\\\/nodusbarbera\",\"https:\\\/\\\/x.com\\\/nodusbarbera\",\"https:\\\/\\\/www.instagram.com\\\/nodusbarbera\\\/\",\"https:\\\/\\\/www.linkedin.com\\\/company\\\/nodus-barbera\\\/\",\"https:\\\/\\\/www.youtube.com\\\/channel\\\/UCLJYdjFDfFQP1aGYuzUFd6A\"]},{\"@type\":\"Person\",\"@id\":\"https:\\\/\\\/nodusbarbera.cat\\\/#\\\/schema\\\/person\\\/f3356bf21f659e7e41d958bbb784cfe4\",\"name\":\"webmaster\",\"image\":{\"@type\":\"ImageObject\",\"inLanguage\":\"es\",\"@id\":\"https:\\\/\\\/secure.gravatar.com\\\/avatar\\\/73641b46ed44db8f663f428fc279f909e9f48696e06a190b1e330f4634071610?s=96&d=mm&r=g\",\"url\":\"https:\\\/\\\/secure.gravatar.com\\\/avatar\\\/73641b46ed44db8f663f428fc279f909e9f48696e06a190b1e330f4634071610?s=96&d=mm&r=g\",\"contentUrl\":\"https:\\\/\\\/secure.gravatar.com\\\/avatar\\\/73641b46ed44db8f663f428fc279f909e9f48696e06a190b1e330f4634071610?s=96&d=mm&r=g\",\"caption\":\"webmaster\"}}]}<\/script>\n<!-- \/ Yoast SEO plugin. -->","yoast_head_json":{"title":"El Ministerio lanza el criterio de medidas urgentes para aut\u00f3nomos - Nodus Barber\u00e0","robots":{"index":"index","follow":"follow","max-snippet":"max-snippet:-1","max-image-preview":"max-image-preview:large","max-video-preview":"max-video-preview:-1"},"canonical":"https:\/\/nodusbarbera.cat\/es\/el-ministerio-lanza-el-criterio-de-medidas-urgentes-para-hacer-frente-al-impacto-economico\/","og_locale":"es_ES","og_type":"article","og_title":"El Ministerio lanza el criterio de medidas urgentes para aut\u00f3nomos - Nodus Barber\u00e0","og_description":"Con objeto de evitar las dudas de la aplicaci\u00f3n del art\u00edculo 17 del Real Decreto-ley 8\/2020 relativo a la prestaci\u00f3n extraordinaria por cese de actividad para los aut\u00f3nomos, la Direcci\u00f3n General adopta los siguientes criterios.","og_url":"https:\/\/nodusbarbera.cat\/es\/el-ministerio-lanza-el-criterio-de-medidas-urgentes-para-hacer-frente-al-impacto-economico\/","og_site_name":"Nodus Barber\u00e0","article_publisher":"https:\/\/www.facebook.com\/nodusbarbera","article_published_time":"2020-03-23T08:22:23+00:00","article_modified_time":"2020-04-01T06:07:48+00:00","og_image":[{"width":1600,"height":990,"url":"https:\/\/i2.wp.com\/nodusbarbera.cat\/wp-content\/uploads\/noticia-criterio.jpg?fit=1600%2C990&ssl=1","type":"image\/jpeg"}],"author":"webmaster","twitter_card":"summary_large_image","twitter_creator":"@nodusbarbera","twitter_site":"@nodusbarbera","twitter_misc":{"Escrito por":"webmaster"},"schema":{"@context":"https:\/\/schema.org","@graph":[{"@type":"Article","@id":"https:\/\/nodusbarbera.cat\/es\/el-ministerio-lanza-el-criterio-de-medidas-urgentes-para-hacer-frente-al-impacto-economico\/#article","isPartOf":{"@id":"https:\/\/nodusbarbera.cat\/es\/el-ministerio-lanza-el-criterio-de-medidas-urgentes-para-hacer-frente-al-impacto-economico\/"},"author":{"name":"webmaster","@id":"https:\/\/nodusbarbera.cat\/#\/schema\/person\/f3356bf21f659e7e41d958bbb784cfe4"},"headline":"El Ministerio lanza el criterio de medidas urgentes para aut\u00f3nomos","datePublished":"2020-03-23T08:22:23+00:00","dateModified":"2020-04-01T06:07:48+00:00","mainEntityOfPage":{"@id":"https:\/\/nodusbarbera.cat\/es\/el-ministerio-lanza-el-criterio-de-medidas-urgentes-para-hacer-frente-al-impacto-economico\/"},"wordCount":104,"publisher":{"@id":"https:\/\/nodusbarbera.cat\/#organization"},"image":{"@id":"https:\/\/nodusbarbera.cat\/es\/el-ministerio-lanza-el-criterio-de-medidas-urgentes-para-hacer-frente-al-impacto-economico\/#primaryimage"},"thumbnailUrl":"https:\/\/nodusbarbera.cat\/wp-content\/uploads\/noticia-criterio.jpg","articleSection":["Covid-19","Covid-19","Noticias"],"inLanguage":"es"},{"@type":"WebPage","@id":"https:\/\/nodusbarbera.cat\/es\/el-ministerio-lanza-el-criterio-de-medidas-urgentes-para-hacer-frente-al-impacto-economico\/","url":"https:\/\/nodusbarbera.cat\/es\/el-ministerio-lanza-el-criterio-de-medidas-urgentes-para-hacer-frente-al-impacto-economico\/","name":"El Ministerio lanza el criterio de medidas urgentes para aut\u00f3nomos - Nodus Barber\u00e0","isPartOf":{"@id":"https:\/\/nodusbarbera.cat\/#website"},"primaryImageOfPage":{"@id":"https:\/\/nodusbarbera.cat\/es\/el-ministerio-lanza-el-criterio-de-medidas-urgentes-para-hacer-frente-al-impacto-economico\/#primaryimage"},"image":{"@id":"https:\/\/nodusbarbera.cat\/es\/el-ministerio-lanza-el-criterio-de-medidas-urgentes-para-hacer-frente-al-impacto-economico\/#primaryimage"},"thumbnailUrl":"https:\/\/nodusbarbera.cat\/wp-content\/uploads\/noticia-criterio.jpg","datePublished":"2020-03-23T08:22:23+00:00","dateModified":"2020-04-01T06:07:48+00:00","breadcrumb":{"@id":"https:\/\/nodusbarbera.cat\/es\/el-ministerio-lanza-el-criterio-de-medidas-urgentes-para-hacer-frente-al-impacto-economico\/#breadcrumb"},"inLanguage":"es","potentialAction":[{"@type":"ReadAction","target":["https:\/\/nodusbarbera.cat\/es\/el-ministerio-lanza-el-criterio-de-medidas-urgentes-para-hacer-frente-al-impacto-economico\/"]}]},{"@type":"ImageObject","inLanguage":"es","@id":"https:\/\/nodusbarbera.cat\/es\/el-ministerio-lanza-el-criterio-de-medidas-urgentes-para-hacer-frente-al-impacto-economico\/#primaryimage","url":"https:\/\/nodusbarbera.cat\/wp-content\/uploads\/noticia-criterio.jpg","contentUrl":"https:\/\/nodusbarbera.cat\/wp-content\/uploads\/noticia-criterio.jpg","width":1600,"height":990},{"@type":"BreadcrumbList","@id":"https:\/\/nodusbarbera.cat\/es\/el-ministerio-lanza-el-criterio-de-medidas-urgentes-para-hacer-frente-al-impacto-economico\/#breadcrumb","itemListElement":[{"@type":"ListItem","position":1,"name":"Inici","item":"https:\/\/nodusbarbera.cat\/"},{"@type":"ListItem","position":2,"name":"El Ministerio lanza el criterio de medidas urgentes para aut\u00f3nomos"}]},{"@type":"WebSite","@id":"https:\/\/nodusbarbera.cat\/#website","url":"https:\/\/nodusbarbera.cat\/","name":"Nodus Barber\u00e0","description":"Lloguer d&#039;oficines i despatxos a Barber\u00e0 del Vall\u00e8s, Barcelona.","publisher":{"@id":"https:\/\/nodusbarbera.cat\/#organization"},"potentialAction":[{"@type":"SearchAction","target":{"@type":"EntryPoint","urlTemplate":"https:\/\/nodusbarbera.cat\/?s={search_term_string}"},"query-input":{"@type":"PropertyValueSpecification","valueRequired":true,"valueName":"search_term_string"}}],"inLanguage":"es"},{"@type":"Organization","@id":"https:\/\/nodusbarbera.cat\/#organization","name":"Nodus Barber\u00e0","url":"https:\/\/nodusbarbera.cat\/","logo":{"@type":"ImageObject","inLanguage":"es","@id":"https:\/\/nodusbarbera.cat\/#\/schema\/logo\/image\/","url":"https:\/\/i0.wp.com\/nodusbarbera.cat\/wp-content\/uploads\/logo-footer-250.png?fit=250%2C231&ssl=1","contentUrl":"https:\/\/i0.wp.com\/nodusbarbera.cat\/wp-content\/uploads\/logo-footer-250.png?fit=250%2C231&ssl=1","width":250,"height":231,"caption":"Nodus Barber\u00e0"},"image":{"@id":"https:\/\/nodusbarbera.cat\/#\/schema\/logo\/image\/"},"sameAs":["https:\/\/www.facebook.com\/nodusbarbera","https:\/\/x.com\/nodusbarbera","https:\/\/www.instagram.com\/nodusbarbera\/","https:\/\/www.linkedin.com\/company\/nodus-barbera\/","https:\/\/www.youtube.com\/channel\/UCLJYdjFDfFQP1aGYuzUFd6A"]},{"@type":"Person","@id":"https:\/\/nodusbarbera.cat\/#\/schema\/person\/f3356bf21f659e7e41d958bbb784cfe4","name":"webmaster","image":{"@type":"ImageObject","inLanguage":"es","@id":"https:\/\/secure.gravatar.com\/avatar\/73641b46ed44db8f663f428fc279f909e9f48696e06a190b1e330f4634071610?s=96&d=mm&r=g","url":"https:\/\/secure.gravatar.com\/avatar\/73641b46ed44db8f663f428fc279f909e9f48696e06a190b1e330f4634071610?s=96&d=mm&r=g","contentUrl":"https:\/\/secure.gravatar.com\/avatar\/73641b46ed44db8f663f428fc279f909e9f48696e06a190b1e330f4634071610?s=96&d=mm&r=g","caption":"webmaster"}}]}},"_links":{"self":[{"href":"https:\/\/nodusbarbera.cat\/es\/wp-json\/wp\/v2\/posts\/5240","targetHints":{"allow":["GET"]}}],"collection":[{"href":"https:\/\/nodusbarbera.cat\/es\/wp-json\/wp\/v2\/posts"}],"about":[{"href":"https:\/\/nodusbarbera.cat\/es\/wp-json\/wp\/v2\/types\/post"}],"author":[{"embeddable":true,"href":"https:\/\/nodusbarbera.cat\/es\/wp-json\/wp\/v2\/users\/2"}],"replies":[{"embeddable":true,"href":"https:\/\/nodusbarbera.cat\/es\/wp-json\/wp\/v2\/comments?post=5240"}],"version-history":[{"count":9,"href":"https:\/\/nodusbarbera.cat\/es\/wp-json\/wp\/v2\/posts\/5240\/revisions"}],"predecessor-version":[{"id":5262,"href":"https:\/\/nodusbarbera.cat\/es\/wp-json\/wp\/v2\/posts\/5240\/revisions\/5262"}],"wp:featuredmedia":[{"embeddable":true,"href":"https:\/\/nodusbarbera.cat\/es\/wp-json\/wp\/v2\/media\/5242"}],"wp:attachment":[{"href":"https:\/\/nodusbarbera.cat\/es\/wp-json\/wp\/v2\/media?parent=5240"}],"wp:term":[{"taxonomy":"category","embeddable":true,"href":"https:\/\/nodusbarbera.cat\/es\/wp-json\/wp\/v2\/categories?post=5240"},{"taxonomy":"post_tag","embeddable":true,"href":"https:\/\/nodusbarbera.cat\/es\/wp-json\/wp\/v2\/tags?post=5240"}],"curies":[{"name":"wp","href":"https:\/\/api.w.org\/{rel}","templated":true}]}}