{"id":5283,"date":"2020-03-24T12:08:09","date_gmt":"2020-03-24T10:08:09","guid":{"rendered":"https:\/\/nodusbarbera.cat\/?p=5283"},"modified":"2020-04-01T08:07:42","modified_gmt":"2020-04-01T06:07:42","slug":"la-generalitat-crea-un-portal-para-ofrecer-tecnologia-material-sanitario-o-capacidad-de-produccion-por-el-covid-19","status":"publish","type":"post","link":"https:\/\/nodusbarbera.cat\/es\/la-generalitat-crea-un-portal-para-ofrecer-tecnologia-material-sanitario-o-capacidad-de-produccion-por-el-covid-19\/","title":{"rendered":"La Generalitat crea un portal para ofrecer tecnolog\u00eda, material sanitario o capacidad de producci\u00f3n por el Covid-19"},"content":{"rendered":"\n<p>La Generalitat y ACCI\u00d3N crea un \u2018marketplace\u2019&nbsp;virtual para unir empresas y fabricantes catalanes de diferentes puntos de la cadena de producci\u00f3n e impulsar as\u00ed la colaboraci\u00f3n empresarial para hacer frente a la emergencia sanitaria provocada por el&nbsp;Covid-19.<\/p>\n\n\n\n<!--more-->\n\n\n\n<p>La Generalitat de Catalu\u00f1a, a trav\u00e9s del Departamento de Empresa y Conocimiento, ha activado un portal web para aglutinar todas las empresas catalanas que puedan ofrecer sus capacidades para hacer frente a la emergencia sanitaria por el&nbsp;Covid-19. Se trata de un&nbsp;marketplace&nbsp;creado por ACCI\u00d3N -la agencia para la competitividad de la empresa del Departamento de Empresa y Conocimiento- para posar en contacto emprendidas que ofrezcan tecnolog\u00eda, material sanitario o capacidad de producci\u00f3n con las que necesiten.El objetivo de esta iniciativa es unir empresas y fabricantes de diferentes puntos de la cadena de producci\u00f3n para garantizar desde el suministro hasta la fabricaci\u00f3n de soluciones que permitan hacer frente a la emergencia sanitaria. Se quiere fomentar as\u00ed la colaboraci\u00f3n empresarial y posar a disposici\u00f3n del sistema sanitario la solidez y capacidades industriales del ecosistema empresarial catal\u00e1n.Las empresas ya pueden ofrecer sus capacidades en el web http:\/\/accio.gencat.cat\/virtualdesk para informar del que pueden posar a ofrecer a otras empresas (por ejemplo, material para imprimir productos en 3D). Igualmente, tambi\u00e9n pueden acceder las que tengan demandas en este \u00e1mbito (en este caso, una empresa con impresoras 3D pero sin el material para hacer la impresi\u00f3n). Mientras tanto, en tiempo real, profesionales de ACCI\u00d3N ir\u00e1n posando en contacto estas empresas.<\/p>\n\n\n\n<p><strong>\u2018ACCI\u00d3N Virtual&nbsp;Desk\u2019<\/strong><\/p>\n\n\n\n<p>Este&nbsp;marketplace&nbsp;se enmarca dentro de la iniciativa \u2018ACCI\u00d3N Virtual&nbsp;Desk\u2019, a trav\u00e9s de la cual se han reforzado los canales telem\u00e1ticos de ACCI\u00d3N para garantizar la atenci\u00f3n a las empresas todo y la situaci\u00f3n causada por el&nbsp;coronavirus, que ha provocado que profesionales de empresas catalanas desarrollen su actividad mediante el teletrabajo. El objetivo es dar respuesta a cualquier duda, consulta o casu\u00edstica vinculados a la exportaci\u00f3n, problemas en la cadena de suministro o consultas sobre movilidad de mercanc\u00edas, entre otros, y minimizar la afectaci\u00f3n de esta situaci\u00f3n excepcional en la actividad diaria de las empresas.De este modo, ACCI\u00d3N ha reforzado tecnol\u00f3gicamente la capacidad de los servicios de videoconferencias y los chats en tiempo real para que las empresas puedan continuar trabajando sus proyectos en los \u00e1mbitos de la internacionalizaci\u00f3n o la innovaci\u00f3n empresarial. As\u00ed, este sistema de atenci\u00f3n no-presencial permite ofrecer respuesta inmediata a consultas concretas de empresas o hacer el seguimiento de proyectos empresariales, ya sean nuevos o iniciados anteriormente.Adem\u00e1s, ACCI\u00d3N tambi\u00e9n refuerza la Oficina T\u00e9cnica de Barreras a la Internacionalizaci\u00f3n, creada hace dos a\u00f1os con el objetivo de ayudar de manera personalizada y gratuita las pymes a superar los obst\u00e1culos cuando exportan o importan. Por ejemplo, para mitigar el impacto del&nbsp;Brexit&nbsp;para la econom\u00eda catalana, ACCI\u00d3N activ\u00f3 un servicio ofrecido desde esta oficina para asesorar las empresas catalanas para preparar planes de contingencia para afrontar el proceso de salida del Reino Unido de la Uni\u00f3n Europea.<\/p>\n","protected":false},"excerpt":{"rendered":"<p>La Generalitat y ACCI\u00d3N crea un \u2018marketplace\u2019&nbsp;virtual para unir empresas y fabricantes catalanes de diferentes puntos de la cadena de producci\u00f3n e impulsar as\u00ed la colaboraci\u00f3n empresarial para hacer frente a la emergencia sanitaria provocada por el&nbsp;Covid-19.<\/p>\n","protected":false},"author":2,"featured_media":5281,"comment_status":"closed","ping_status":"closed","sticky":false,"template":"","format":"standard","meta":{"footnotes":""},"categories":[25,24,9],"tags":[],"class_list":["post-5283","post","type-post","status-publish","format-standard","has-post-thumbnail","hentry","category-covid-19-es-2","category-covid-19-es","category-noticias"],"yoast_head":"<!-- This site is optimized with the Yoast SEO plugin v27.5 - https:\/\/yoast.com\/product\/yoast-seo-wordpress\/ -->\n<title>La Generalitat crea un portal para ofrecer tecnolog\u00eda, material sanitario o capacidad de producci\u00f3n por el Covid-19 - Nodus Barber\u00e0<\/title>\n<meta name=\"robots\" content=\"index, follow, max-snippet:-1, max-image-preview:large, max-video-preview:-1\" \/>\n<link rel=\"canonical\" href=\"https:\/\/nodusbarbera.cat\/es\/la-generalitat-crea-un-portal-para-ofrecer-tecnologia-material-sanitario-o-capacidad-de-produccion-por-el-covid-19\/\" \/>\n<meta property=\"og:locale\" content=\"es_ES\" \/>\n<meta property=\"og:type\" content=\"article\" \/>\n<meta property=\"og:title\" content=\"La Generalitat crea un portal para ofrecer tecnolog\u00eda, material sanitario o capacidad de producci\u00f3n por el Covid-19 - Nodus Barber\u00e0\" \/>\n<meta property=\"og:description\" content=\"La Generalitat y ACCI\u00d3N crea un \u2018marketplace\u2019&nbsp;virtual para unir empresas y fabricantes catalanes de diferentes puntos de la cadena de producci\u00f3n e impulsar as\u00ed la colaboraci\u00f3n empresarial para hacer frente a la emergencia sanitaria provocada por el&nbsp;Covid-19.\" \/>\n<meta property=\"og:url\" content=\"https:\/\/nodusbarbera.cat\/es\/la-generalitat-crea-un-portal-para-ofrecer-tecnologia-material-sanitario-o-capacidad-de-produccion-por-el-covid-19\/\" \/>\n<meta property=\"og:site_name\" content=\"Nodus Barber\u00e0\" \/>\n<meta property=\"article:publisher\" content=\"https:\/\/www.facebook.com\/nodusbarbera\" \/>\n<meta property=\"article:published_time\" content=\"2020-03-24T10:08:09+00:00\" \/>\n<meta property=\"article:modified_time\" content=\"2020-04-01T06:07:42+00:00\" \/>\n<meta property=\"og:image\" content=\"https:\/\/i2.wp.com\/nodusbarbera.cat\/wp-content\/uploads\/accio.jpg?fit=1600%2C990&ssl=1\" \/>\n\t<meta property=\"og:image:width\" content=\"1600\" \/>\n\t<meta property=\"og:image:height\" content=\"990\" \/>\n\t<meta property=\"og:image:type\" content=\"image\/jpeg\" \/>\n<meta name=\"author\" content=\"webmaster\" \/>\n<meta name=\"twitter:card\" content=\"summary_large_image\" \/>\n<meta name=\"twitter:creator\" content=\"@nodusbarbera\" \/>\n<meta name=\"twitter:site\" content=\"@nodusbarbera\" \/>\n<meta name=\"twitter:label1\" content=\"Escrito por\" \/>\n\t<meta name=\"twitter:data1\" content=\"webmaster\" \/>\n\t<meta name=\"twitter:label2\" content=\"Tiempo de lectura\" \/>\n\t<meta name=\"twitter:data2\" content=\"3 minutos\" \/>\n<script type=\"application\/ld+json\" class=\"yoast-schema-graph\">{\"@context\":\"https:\\\/\\\/schema.org\",\"@graph\":[{\"@type\":\"Article\",\"@id\":\"https:\\\/\\\/nodusbarbera.cat\\\/es\\\/la-generalitat-crea-un-portal-para-ofrecer-tecnologia-material-sanitario-o-capacidad-de-produccion-por-el-covid-19\\\/#article\",\"isPartOf\":{\"@id\":\"https:\\\/\\\/nodusbarbera.cat\\\/es\\\/la-generalitat-crea-un-portal-para-ofrecer-tecnologia-material-sanitario-o-capacidad-de-produccion-por-el-covid-19\\\/\"},\"author\":{\"name\":\"webmaster\",\"@id\":\"https:\\\/\\\/nodusbarbera.cat\\\/#\\\/schema\\\/person\\\/f3356bf21f659e7e41d958bbb784cfe4\"},\"headline\":\"La Generalitat crea un portal para ofrecer tecnolog\u00eda, material sanitario o capacidad de producci\u00f3n por el Covid-19\",\"datePublished\":\"2020-03-24T10:08:09+00:00\",\"dateModified\":\"2020-04-01T06:07:42+00:00\",\"mainEntityOfPage\":{\"@id\":\"https:\\\/\\\/nodusbarbera.cat\\\/es\\\/la-generalitat-crea-un-portal-para-ofrecer-tecnologia-material-sanitario-o-capacidad-de-produccion-por-el-covid-19\\\/\"},\"wordCount\":572,\"publisher\":{\"@id\":\"https:\\\/\\\/nodusbarbera.cat\\\/#organization\"},\"image\":{\"@id\":\"https:\\\/\\\/nodusbarbera.cat\\\/es\\\/la-generalitat-crea-un-portal-para-ofrecer-tecnologia-material-sanitario-o-capacidad-de-produccion-por-el-covid-19\\\/#primaryimage\"},\"thumbnailUrl\":\"https:\\\/\\\/nodusbarbera.cat\\\/wp-content\\\/uploads\\\/accio.jpg\",\"articleSection\":[\"Covid-19\",\"Covid-19\",\"Noticias\"],\"inLanguage\":\"es\"},{\"@type\":\"WebPage\",\"@id\":\"https:\\\/\\\/nodusbarbera.cat\\\/es\\\/la-generalitat-crea-un-portal-para-ofrecer-tecnologia-material-sanitario-o-capacidad-de-produccion-por-el-covid-19\\\/\",\"url\":\"https:\\\/\\\/nodusbarbera.cat\\\/es\\\/la-generalitat-crea-un-portal-para-ofrecer-tecnologia-material-sanitario-o-capacidad-de-produccion-por-el-covid-19\\\/\",\"name\":\"La Generalitat crea un portal para ofrecer tecnolog\u00eda, material sanitario o capacidad de producci\u00f3n por el Covid-19 - Nodus Barber\u00e0\",\"isPartOf\":{\"@id\":\"https:\\\/\\\/nodusbarbera.cat\\\/#website\"},\"primaryImageOfPage\":{\"@id\":\"https:\\\/\\\/nodusbarbera.cat\\\/es\\\/la-generalitat-crea-un-portal-para-ofrecer-tecnologia-material-sanitario-o-capacidad-de-produccion-por-el-covid-19\\\/#primaryimage\"},\"image\":{\"@id\":\"https:\\\/\\\/nodusbarbera.cat\\\/es\\\/la-generalitat-crea-un-portal-para-ofrecer-tecnologia-material-sanitario-o-capacidad-de-produccion-por-el-covid-19\\\/#primaryimage\"},\"thumbnailUrl\":\"https:\\\/\\\/nodusbarbera.cat\\\/wp-content\\\/uploads\\\/accio.jpg\",\"datePublished\":\"2020-03-24T10:08:09+00:00\",\"dateModified\":\"2020-04-01T06:07:42+00:00\",\"breadcrumb\":{\"@id\":\"https:\\\/\\\/nodusbarbera.cat\\\/es\\\/la-generalitat-crea-un-portal-para-ofrecer-tecnologia-material-sanitario-o-capacidad-de-produccion-por-el-covid-19\\\/#breadcrumb\"},\"inLanguage\":\"es\",\"potentialAction\":[{\"@type\":\"ReadAction\",\"target\":[\"https:\\\/\\\/nodusbarbera.cat\\\/es\\\/la-generalitat-crea-un-portal-para-ofrecer-tecnologia-material-sanitario-o-capacidad-de-produccion-por-el-covid-19\\\/\"]}]},{\"@type\":\"ImageObject\",\"inLanguage\":\"es\",\"@id\":\"https:\\\/\\\/nodusbarbera.cat\\\/es\\\/la-generalitat-crea-un-portal-para-ofrecer-tecnologia-material-sanitario-o-capacidad-de-produccion-por-el-covid-19\\\/#primaryimage\",\"url\":\"https:\\\/\\\/nodusbarbera.cat\\\/wp-content\\\/uploads\\\/accio.jpg\",\"contentUrl\":\"https:\\\/\\\/nodusbarbera.cat\\\/wp-content\\\/uploads\\\/accio.jpg\",\"width\":1600,\"height\":990},{\"@type\":\"BreadcrumbList\",\"@id\":\"https:\\\/\\\/nodusbarbera.cat\\\/es\\\/la-generalitat-crea-un-portal-para-ofrecer-tecnologia-material-sanitario-o-capacidad-de-produccion-por-el-covid-19\\\/#breadcrumb\",\"itemListElement\":[{\"@type\":\"ListItem\",\"position\":1,\"name\":\"Inici\",\"item\":\"https:\\\/\\\/nodusbarbera.cat\\\/\"},{\"@type\":\"ListItem\",\"position\":2,\"name\":\"La Generalitat crea un portal para ofrecer tecnolog\u00eda, material sanitario o capacidad de producci\u00f3n por el Covid-19\"}]},{\"@type\":\"WebSite\",\"@id\":\"https:\\\/\\\/nodusbarbera.cat\\\/#website\",\"url\":\"https:\\\/\\\/nodusbarbera.cat\\\/\",\"name\":\"Nodus Barber\u00e0\",\"description\":\"Lloguer d&#039;oficines i despatxos a Barber\u00e0 del Vall\u00e8s, Barcelona.\",\"publisher\":{\"@id\":\"https:\\\/\\\/nodusbarbera.cat\\\/#organization\"},\"potentialAction\":[{\"@type\":\"SearchAction\",\"target\":{\"@type\":\"EntryPoint\",\"urlTemplate\":\"https:\\\/\\\/nodusbarbera.cat\\\/?s={search_term_string}\"},\"query-input\":{\"@type\":\"PropertyValueSpecification\",\"valueRequired\":true,\"valueName\":\"search_term_string\"}}],\"inLanguage\":\"es\"},{\"@type\":\"Organization\",\"@id\":\"https:\\\/\\\/nodusbarbera.cat\\\/#organization\",\"name\":\"Nodus Barber\u00e0\",\"url\":\"https:\\\/\\\/nodusbarbera.cat\\\/\",\"logo\":{\"@type\":\"ImageObject\",\"inLanguage\":\"es\",\"@id\":\"https:\\\/\\\/nodusbarbera.cat\\\/#\\\/schema\\\/logo\\\/image\\\/\",\"url\":\"https:\\\/\\\/i0.wp.com\\\/nodusbarbera.cat\\\/wp-content\\\/uploads\\\/logo-footer-250.png?fit=250%2C231&ssl=1\",\"contentUrl\":\"https:\\\/\\\/i0.wp.com\\\/nodusbarbera.cat\\\/wp-content\\\/uploads\\\/logo-footer-250.png?fit=250%2C231&ssl=1\",\"width\":250,\"height\":231,\"caption\":\"Nodus Barber\u00e0\"},\"image\":{\"@id\":\"https:\\\/\\\/nodusbarbera.cat\\\/#\\\/schema\\\/logo\\\/image\\\/\"},\"sameAs\":[\"https:\\\/\\\/www.facebook.com\\\/nodusbarbera\",\"https:\\\/\\\/x.com\\\/nodusbarbera\",\"https:\\\/\\\/www.instagram.com\\\/nodusbarbera\\\/\",\"https:\\\/\\\/www.linkedin.com\\\/company\\\/nodus-barbera\\\/\",\"https:\\\/\\\/www.youtube.com\\\/channel\\\/UCLJYdjFDfFQP1aGYuzUFd6A\"]},{\"@type\":\"Person\",\"@id\":\"https:\\\/\\\/nodusbarbera.cat\\\/#\\\/schema\\\/person\\\/f3356bf21f659e7e41d958bbb784cfe4\",\"name\":\"webmaster\",\"image\":{\"@type\":\"ImageObject\",\"inLanguage\":\"es\",\"@id\":\"https:\\\/\\\/secure.gravatar.com\\\/avatar\\\/73641b46ed44db8f663f428fc279f909e9f48696e06a190b1e330f4634071610?s=96&d=mm&r=g\",\"url\":\"https:\\\/\\\/secure.gravatar.com\\\/avatar\\\/73641b46ed44db8f663f428fc279f909e9f48696e06a190b1e330f4634071610?s=96&d=mm&r=g\",\"contentUrl\":\"https:\\\/\\\/secure.gravatar.com\\\/avatar\\\/73641b46ed44db8f663f428fc279f909e9f48696e06a190b1e330f4634071610?s=96&d=mm&r=g\",\"caption\":\"webmaster\"}}]}<\/script>\n<!-- \/ Yoast SEO plugin. -->","yoast_head_json":{"title":"La Generalitat crea un portal para ofrecer tecnolog\u00eda, material sanitario o capacidad de producci\u00f3n por el Covid-19 - Nodus Barber\u00e0","robots":{"index":"index","follow":"follow","max-snippet":"max-snippet:-1","max-image-preview":"max-image-preview:large","max-video-preview":"max-video-preview:-1"},"canonical":"https:\/\/nodusbarbera.cat\/es\/la-generalitat-crea-un-portal-para-ofrecer-tecnologia-material-sanitario-o-capacidad-de-produccion-por-el-covid-19\/","og_locale":"es_ES","og_type":"article","og_title":"La Generalitat crea un portal para ofrecer tecnolog\u00eda, material sanitario o capacidad de producci\u00f3n por el Covid-19 - Nodus Barber\u00e0","og_description":"La Generalitat y ACCI\u00d3N crea un \u2018marketplace\u2019&nbsp;virtual para unir empresas y fabricantes catalanes de diferentes puntos de la cadena de producci\u00f3n e impulsar as\u00ed la colaboraci\u00f3n empresarial para hacer frente a la emergencia sanitaria provocada por el&nbsp;Covid-19.","og_url":"https:\/\/nodusbarbera.cat\/es\/la-generalitat-crea-un-portal-para-ofrecer-tecnologia-material-sanitario-o-capacidad-de-produccion-por-el-covid-19\/","og_site_name":"Nodus Barber\u00e0","article_publisher":"https:\/\/www.facebook.com\/nodusbarbera","article_published_time":"2020-03-24T10:08:09+00:00","article_modified_time":"2020-04-01T06:07:42+00:00","og_image":[{"width":1600,"height":990,"url":"https:\/\/i2.wp.com\/nodusbarbera.cat\/wp-content\/uploads\/accio.jpg?fit=1600%2C990&ssl=1","type":"image\/jpeg"}],"author":"webmaster","twitter_card":"summary_large_image","twitter_creator":"@nodusbarbera","twitter_site":"@nodusbarbera","twitter_misc":{"Escrito por":"webmaster","Tiempo de lectura":"3 minutos"},"schema":{"@context":"https:\/\/schema.org","@graph":[{"@type":"Article","@id":"https:\/\/nodusbarbera.cat\/es\/la-generalitat-crea-un-portal-para-ofrecer-tecnologia-material-sanitario-o-capacidad-de-produccion-por-el-covid-19\/#article","isPartOf":{"@id":"https:\/\/nodusbarbera.cat\/es\/la-generalitat-crea-un-portal-para-ofrecer-tecnologia-material-sanitario-o-capacidad-de-produccion-por-el-covid-19\/"},"author":{"name":"webmaster","@id":"https:\/\/nodusbarbera.cat\/#\/schema\/person\/f3356bf21f659e7e41d958bbb784cfe4"},"headline":"La Generalitat crea un portal para ofrecer tecnolog\u00eda, material sanitario o capacidad de producci\u00f3n por el Covid-19","datePublished":"2020-03-24T10:08:09+00:00","dateModified":"2020-04-01T06:07:42+00:00","mainEntityOfPage":{"@id":"https:\/\/nodusbarbera.cat\/es\/la-generalitat-crea-un-portal-para-ofrecer-tecnologia-material-sanitario-o-capacidad-de-produccion-por-el-covid-19\/"},"wordCount":572,"publisher":{"@id":"https:\/\/nodusbarbera.cat\/#organization"},"image":{"@id":"https:\/\/nodusbarbera.cat\/es\/la-generalitat-crea-un-portal-para-ofrecer-tecnologia-material-sanitario-o-capacidad-de-produccion-por-el-covid-19\/#primaryimage"},"thumbnailUrl":"https:\/\/nodusbarbera.cat\/wp-content\/uploads\/accio.jpg","articleSection":["Covid-19","Covid-19","Noticias"],"inLanguage":"es"},{"@type":"WebPage","@id":"https:\/\/nodusbarbera.cat\/es\/la-generalitat-crea-un-portal-para-ofrecer-tecnologia-material-sanitario-o-capacidad-de-produccion-por-el-covid-19\/","url":"https:\/\/nodusbarbera.cat\/es\/la-generalitat-crea-un-portal-para-ofrecer-tecnologia-material-sanitario-o-capacidad-de-produccion-por-el-covid-19\/","name":"La Generalitat crea un portal para ofrecer tecnolog\u00eda, material sanitario o capacidad de producci\u00f3n por el Covid-19 - Nodus Barber\u00e0","isPartOf":{"@id":"https:\/\/nodusbarbera.cat\/#website"},"primaryImageOfPage":{"@id":"https:\/\/nodusbarbera.cat\/es\/la-generalitat-crea-un-portal-para-ofrecer-tecnologia-material-sanitario-o-capacidad-de-produccion-por-el-covid-19\/#primaryimage"},"image":{"@id":"https:\/\/nodusbarbera.cat\/es\/la-generalitat-crea-un-portal-para-ofrecer-tecnologia-material-sanitario-o-capacidad-de-produccion-por-el-covid-19\/#primaryimage"},"thumbnailUrl":"https:\/\/nodusbarbera.cat\/wp-content\/uploads\/accio.jpg","datePublished":"2020-03-24T10:08:09+00:00","dateModified":"2020-04-01T06:07:42+00:00","breadcrumb":{"@id":"https:\/\/nodusbarbera.cat\/es\/la-generalitat-crea-un-portal-para-ofrecer-tecnologia-material-sanitario-o-capacidad-de-produccion-por-el-covid-19\/#breadcrumb"},"inLanguage":"es","potentialAction":[{"@type":"ReadAction","target":["https:\/\/nodusbarbera.cat\/es\/la-generalitat-crea-un-portal-para-ofrecer-tecnologia-material-sanitario-o-capacidad-de-produccion-por-el-covid-19\/"]}]},{"@type":"ImageObject","inLanguage":"es","@id":"https:\/\/nodusbarbera.cat\/es\/la-generalitat-crea-un-portal-para-ofrecer-tecnologia-material-sanitario-o-capacidad-de-produccion-por-el-covid-19\/#primaryimage","url":"https:\/\/nodusbarbera.cat\/wp-content\/uploads\/accio.jpg","contentUrl":"https:\/\/nodusbarbera.cat\/wp-content\/uploads\/accio.jpg","width":1600,"height":990},{"@type":"BreadcrumbList","@id":"https:\/\/nodusbarbera.cat\/es\/la-generalitat-crea-un-portal-para-ofrecer-tecnologia-material-sanitario-o-capacidad-de-produccion-por-el-covid-19\/#breadcrumb","itemListElement":[{"@type":"ListItem","position":1,"name":"Inici","item":"https:\/\/nodusbarbera.cat\/"},{"@type":"ListItem","position":2,"name":"La Generalitat crea un portal para ofrecer tecnolog\u00eda, material sanitario o capacidad de producci\u00f3n por el Covid-19"}]},{"@type":"WebSite","@id":"https:\/\/nodusbarbera.cat\/#website","url":"https:\/\/nodusbarbera.cat\/","name":"Nodus Barber\u00e0","description":"Lloguer d&#039;oficines i despatxos a Barber\u00e0 del Vall\u00e8s, Barcelona.","publisher":{"@id":"https:\/\/nodusbarbera.cat\/#organization"},"potentialAction":[{"@type":"SearchAction","target":{"@type":"EntryPoint","urlTemplate":"https:\/\/nodusbarbera.cat\/?s={search_term_string}"},"query-input":{"@type":"PropertyValueSpecification","valueRequired":true,"valueName":"search_term_string"}}],"inLanguage":"es"},{"@type":"Organization","@id":"https:\/\/nodusbarbera.cat\/#organization","name":"Nodus Barber\u00e0","url":"https:\/\/nodusbarbera.cat\/","logo":{"@type":"ImageObject","inLanguage":"es","@id":"https:\/\/nodusbarbera.cat\/#\/schema\/logo\/image\/","url":"https:\/\/i0.wp.com\/nodusbarbera.cat\/wp-content\/uploads\/logo-footer-250.png?fit=250%2C231&ssl=1","contentUrl":"https:\/\/i0.wp.com\/nodusbarbera.cat\/wp-content\/uploads\/logo-footer-250.png?fit=250%2C231&ssl=1","width":250,"height":231,"caption":"Nodus Barber\u00e0"},"image":{"@id":"https:\/\/nodusbarbera.cat\/#\/schema\/logo\/image\/"},"sameAs":["https:\/\/www.facebook.com\/nodusbarbera","https:\/\/x.com\/nodusbarbera","https:\/\/www.instagram.com\/nodusbarbera\/","https:\/\/www.linkedin.com\/company\/nodus-barbera\/","https:\/\/www.youtube.com\/channel\/UCLJYdjFDfFQP1aGYuzUFd6A"]},{"@type":"Person","@id":"https:\/\/nodusbarbera.cat\/#\/schema\/person\/f3356bf21f659e7e41d958bbb784cfe4","name":"webmaster","image":{"@type":"ImageObject","inLanguage":"es","@id":"https:\/\/secure.gravatar.com\/avatar\/73641b46ed44db8f663f428fc279f909e9f48696e06a190b1e330f4634071610?s=96&d=mm&r=g","url":"https:\/\/secure.gravatar.com\/avatar\/73641b46ed44db8f663f428fc279f909e9f48696e06a190b1e330f4634071610?s=96&d=mm&r=g","contentUrl":"https:\/\/secure.gravatar.com\/avatar\/73641b46ed44db8f663f428fc279f909e9f48696e06a190b1e330f4634071610?s=96&d=mm&r=g","caption":"webmaster"}}]}},"_links":{"self":[{"href":"https:\/\/nodusbarbera.cat\/es\/wp-json\/wp\/v2\/posts\/5283","targetHints":{"allow":["GET"]}}],"collection":[{"href":"https:\/\/nodusbarbera.cat\/es\/wp-json\/wp\/v2\/posts"}],"about":[{"href":"https:\/\/nodusbarbera.cat\/es\/wp-json\/wp\/v2\/types\/post"}],"author":[{"embeddable":true,"href":"https:\/\/nodusbarbera.cat\/es\/wp-json\/wp\/v2\/users\/2"}],"replies":[{"embeddable":true,"href":"https:\/\/nodusbarbera.cat\/es\/wp-json\/wp\/v2\/comments?post=5283"}],"version-history":[{"count":3,"href":"https:\/\/nodusbarbera.cat\/es\/wp-json\/wp\/v2\/posts\/5283\/revisions"}],"predecessor-version":[{"id":5287,"href":"https:\/\/nodusbarbera.cat\/es\/wp-json\/wp\/v2\/posts\/5283\/revisions\/5287"}],"wp:featuredmedia":[{"embeddable":true,"href":"https:\/\/nodusbarbera.cat\/es\/wp-json\/wp\/v2\/media\/5281"}],"wp:attachment":[{"href":"https:\/\/nodusbarbera.cat\/es\/wp-json\/wp\/v2\/media?parent=5283"}],"wp:term":[{"taxonomy":"category","embeddable":true,"href":"https:\/\/nodusbarbera.cat\/es\/wp-json\/wp\/v2\/categories?post=5283"},{"taxonomy":"post_tag","embeddable":true,"href":"https:\/\/nodusbarbera.cat\/es\/wp-json\/wp\/v2\/tags?post=5283"}],"curies":[{"name":"wp","href":"https:\/\/api.w.org\/{rel}","templated":true}]}}