{"id":5324,"date":"2020-03-26T10:05:53","date_gmt":"2020-03-26T08:05:53","guid":{"rendered":"https:\/\/nodusbarbera.cat\/?p=5324"},"modified":"2020-04-01T08:09:07","modified_gmt":"2020-04-01T06:09:07","slug":"ventanilla-unica-empresarial-servicio-de-atencion-digital","status":"publish","type":"post","link":"https:\/\/nodusbarbera.cat\/es\/ventanilla-unica-empresarial-servicio-de-atencion-digital\/","title":{"rendered":"Ventanilla \u00danica Empresarial, servicio de atenci\u00f3n digital"},"content":{"rendered":"\n<p>La Ventanilla \u00danica Empresarial, del Departamento de Empresa ha puesto en marcha un servicio de atenci\u00f3n digital para informar de las medidas econ\u00f3micas adoptadas.<\/p>\n\n\n\n<!--more-->\n\n\n\n<p>Medidas econ\u00f3micas por el Gobierno de la Generalitat de Catalu\u00f1a y por el Gobierno del Estado, para poder hacer frente a esta situaci\u00f3n excepcional de estado de alarma frente al\u00a0COVID-19.<\/p>\n\n\n\n<p>Toda la informaci\u00f3n de medidas se ir\u00e1n actualizando <a href=\"http:\/\/canalempresa.gencat.cat\/es\/01_que_voleu_fer\/mesuresempresesiautonoms\/index.html\" target=\"_blank\" rel=\"noreferrer noopener\" aria-label=\"aqu\u00ed. (s'obre en una nova pestanya)\">aqu\u00ed.<\/a><\/p>\n","protected":false},"excerpt":{"rendered":"<p>La Ventanilla \u00danica Empresarial, del Departamento de Empresa ha puesto en marcha un servicio de atenci\u00f3n digital para informar de las medidas econ\u00f3micas adoptadas.<\/p>\n","protected":false},"author":2,"featured_media":5322,"comment_status":"closed","ping_status":"closed","sticky":false,"template":"","format":"standard","meta":{"footnotes":""},"categories":[24,25,9],"tags":[],"class_list":["post-5324","post","type-post","status-publish","format-standard","has-post-thumbnail","hentry","category-covid-19-es","category-covid-19-es-2","category-noticias"],"yoast_head":"<!-- This site is optimized with the Yoast SEO plugin v27.5 - https:\/\/yoast.com\/product\/yoast-seo-wordpress\/ -->\n<title>Ventanilla \u00danica Empresarial, servicio de atenci\u00f3n digital - Nodus Barber\u00e0<\/title>\n<meta name=\"robots\" content=\"index, follow, max-snippet:-1, max-image-preview:large, max-video-preview:-1\" \/>\n<link rel=\"canonical\" href=\"https:\/\/nodusbarbera.cat\/es\/ventanilla-unica-empresarial-servicio-de-atencion-digital\/\" \/>\n<meta property=\"og:locale\" content=\"es_ES\" \/>\n<meta property=\"og:type\" content=\"article\" \/>\n<meta property=\"og:title\" content=\"Ventanilla \u00danica Empresarial, servicio de atenci\u00f3n digital - Nodus Barber\u00e0\" \/>\n<meta property=\"og:description\" content=\"La Ventanilla \u00danica Empresarial, del Departamento de Empresa ha puesto en marcha un servicio de atenci\u00f3n digital para informar de las medidas econ\u00f3micas adoptadas.\" \/>\n<meta property=\"og:url\" content=\"https:\/\/nodusbarbera.cat\/es\/ventanilla-unica-empresarial-servicio-de-atencion-digital\/\" \/>\n<meta property=\"og:site_name\" content=\"Nodus Barber\u00e0\" \/>\n<meta property=\"article:publisher\" content=\"https:\/\/www.facebook.com\/nodusbarbera\" \/>\n<meta property=\"article:published_time\" content=\"2020-03-26T08:05:53+00:00\" \/>\n<meta property=\"article:modified_time\" content=\"2020-04-01T06:09:07+00:00\" \/>\n<meta property=\"og:image\" content=\"https:\/\/i1.wp.com\/nodusbarbera.cat\/wp-content\/uploads\/finetra-unica.jpg?fit=1300%2C800&ssl=1\" \/>\n\t<meta property=\"og:image:width\" content=\"1300\" \/>\n\t<meta property=\"og:image:height\" content=\"800\" \/>\n\t<meta property=\"og:image:type\" content=\"image\/jpeg\" \/>\n<meta name=\"author\" content=\"webmaster\" \/>\n<meta name=\"twitter:card\" content=\"summary_large_image\" \/>\n<meta name=\"twitter:creator\" content=\"@nodusbarbera\" \/>\n<meta name=\"twitter:site\" content=\"@nodusbarbera\" \/>\n<meta name=\"twitter:label1\" content=\"Escrito por\" \/>\n\t<meta name=\"twitter:data1\" content=\"webmaster\" \/>\n<script type=\"application\/ld+json\" class=\"yoast-schema-graph\">{\"@context\":\"https:\\\/\\\/schema.org\",\"@graph\":[{\"@type\":\"Article\",\"@id\":\"https:\\\/\\\/nodusbarbera.cat\\\/es\\\/ventanilla-unica-empresarial-servicio-de-atencion-digital\\\/#article\",\"isPartOf\":{\"@id\":\"https:\\\/\\\/nodusbarbera.cat\\\/es\\\/ventanilla-unica-empresarial-servicio-de-atencion-digital\\\/\"},\"author\":{\"name\":\"webmaster\",\"@id\":\"https:\\\/\\\/nodusbarbera.cat\\\/#\\\/schema\\\/person\\\/f3356bf21f659e7e41d958bbb784cfe4\"},\"headline\":\"Ventanilla \u00danica Empresarial, servicio de atenci\u00f3n digital\",\"datePublished\":\"2020-03-26T08:05:53+00:00\",\"dateModified\":\"2020-04-01T06:09:07+00:00\",\"mainEntityOfPage\":{\"@id\":\"https:\\\/\\\/nodusbarbera.cat\\\/es\\\/ventanilla-unica-empresarial-servicio-de-atencion-digital\\\/\"},\"wordCount\":79,\"publisher\":{\"@id\":\"https:\\\/\\\/nodusbarbera.cat\\\/#organization\"},\"image\":{\"@id\":\"https:\\\/\\\/nodusbarbera.cat\\\/es\\\/ventanilla-unica-empresarial-servicio-de-atencion-digital\\\/#primaryimage\"},\"thumbnailUrl\":\"https:\\\/\\\/nodusbarbera.cat\\\/wp-content\\\/uploads\\\/finetra-unica.jpg\",\"articleSection\":[\"Covid-19\",\"Covid-19\",\"Noticias\"],\"inLanguage\":\"es\"},{\"@type\":\"WebPage\",\"@id\":\"https:\\\/\\\/nodusbarbera.cat\\\/es\\\/ventanilla-unica-empresarial-servicio-de-atencion-digital\\\/\",\"url\":\"https:\\\/\\\/nodusbarbera.cat\\\/es\\\/ventanilla-unica-empresarial-servicio-de-atencion-digital\\\/\",\"name\":\"Ventanilla \u00danica Empresarial, servicio de atenci\u00f3n digital - Nodus Barber\u00e0\",\"isPartOf\":{\"@id\":\"https:\\\/\\\/nodusbarbera.cat\\\/#website\"},\"primaryImageOfPage\":{\"@id\":\"https:\\\/\\\/nodusbarbera.cat\\\/es\\\/ventanilla-unica-empresarial-servicio-de-atencion-digital\\\/#primaryimage\"},\"image\":{\"@id\":\"https:\\\/\\\/nodusbarbera.cat\\\/es\\\/ventanilla-unica-empresarial-servicio-de-atencion-digital\\\/#primaryimage\"},\"thumbnailUrl\":\"https:\\\/\\\/nodusbarbera.cat\\\/wp-content\\\/uploads\\\/finetra-unica.jpg\",\"datePublished\":\"2020-03-26T08:05:53+00:00\",\"dateModified\":\"2020-04-01T06:09:07+00:00\",\"breadcrumb\":{\"@id\":\"https:\\\/\\\/nodusbarbera.cat\\\/es\\\/ventanilla-unica-empresarial-servicio-de-atencion-digital\\\/#breadcrumb\"},\"inLanguage\":\"es\",\"potentialAction\":[{\"@type\":\"ReadAction\",\"target\":[\"https:\\\/\\\/nodusbarbera.cat\\\/es\\\/ventanilla-unica-empresarial-servicio-de-atencion-digital\\\/\"]}]},{\"@type\":\"ImageObject\",\"inLanguage\":\"es\",\"@id\":\"https:\\\/\\\/nodusbarbera.cat\\\/es\\\/ventanilla-unica-empresarial-servicio-de-atencion-digital\\\/#primaryimage\",\"url\":\"https:\\\/\\\/nodusbarbera.cat\\\/wp-content\\\/uploads\\\/finetra-unica.jpg\",\"contentUrl\":\"https:\\\/\\\/nodusbarbera.cat\\\/wp-content\\\/uploads\\\/finetra-unica.jpg\",\"width\":1300,\"height\":800},{\"@type\":\"BreadcrumbList\",\"@id\":\"https:\\\/\\\/nodusbarbera.cat\\\/es\\\/ventanilla-unica-empresarial-servicio-de-atencion-digital\\\/#breadcrumb\",\"itemListElement\":[{\"@type\":\"ListItem\",\"position\":1,\"name\":\"Inici\",\"item\":\"https:\\\/\\\/nodusbarbera.cat\\\/\"},{\"@type\":\"ListItem\",\"position\":2,\"name\":\"Ventanilla \u00danica Empresarial, servicio de atenci\u00f3n digital\"}]},{\"@type\":\"WebSite\",\"@id\":\"https:\\\/\\\/nodusbarbera.cat\\\/#website\",\"url\":\"https:\\\/\\\/nodusbarbera.cat\\\/\",\"name\":\"Nodus Barber\u00e0\",\"description\":\"Lloguer d&#039;oficines i despatxos a Barber\u00e0 del Vall\u00e8s, Barcelona.\",\"publisher\":{\"@id\":\"https:\\\/\\\/nodusbarbera.cat\\\/#organization\"},\"potentialAction\":[{\"@type\":\"SearchAction\",\"target\":{\"@type\":\"EntryPoint\",\"urlTemplate\":\"https:\\\/\\\/nodusbarbera.cat\\\/?s={search_term_string}\"},\"query-input\":{\"@type\":\"PropertyValueSpecification\",\"valueRequired\":true,\"valueName\":\"search_term_string\"}}],\"inLanguage\":\"es\"},{\"@type\":\"Organization\",\"@id\":\"https:\\\/\\\/nodusbarbera.cat\\\/#organization\",\"name\":\"Nodus Barber\u00e0\",\"url\":\"https:\\\/\\\/nodusbarbera.cat\\\/\",\"logo\":{\"@type\":\"ImageObject\",\"inLanguage\":\"es\",\"@id\":\"https:\\\/\\\/nodusbarbera.cat\\\/#\\\/schema\\\/logo\\\/image\\\/\",\"url\":\"https:\\\/\\\/i0.wp.com\\\/nodusbarbera.cat\\\/wp-content\\\/uploads\\\/logo-footer-250.png?fit=250%2C231&ssl=1\",\"contentUrl\":\"https:\\\/\\\/i0.wp.com\\\/nodusbarbera.cat\\\/wp-content\\\/uploads\\\/logo-footer-250.png?fit=250%2C231&ssl=1\",\"width\":250,\"height\":231,\"caption\":\"Nodus Barber\u00e0\"},\"image\":{\"@id\":\"https:\\\/\\\/nodusbarbera.cat\\\/#\\\/schema\\\/logo\\\/image\\\/\"},\"sameAs\":[\"https:\\\/\\\/www.facebook.com\\\/nodusbarbera\",\"https:\\\/\\\/x.com\\\/nodusbarbera\",\"https:\\\/\\\/www.instagram.com\\\/nodusbarbera\\\/\",\"https:\\\/\\\/www.linkedin.com\\\/company\\\/nodus-barbera\\\/\",\"https:\\\/\\\/www.youtube.com\\\/channel\\\/UCLJYdjFDfFQP1aGYuzUFd6A\"]},{\"@type\":\"Person\",\"@id\":\"https:\\\/\\\/nodusbarbera.cat\\\/#\\\/schema\\\/person\\\/f3356bf21f659e7e41d958bbb784cfe4\",\"name\":\"webmaster\",\"image\":{\"@type\":\"ImageObject\",\"inLanguage\":\"es\",\"@id\":\"https:\\\/\\\/secure.gravatar.com\\\/avatar\\\/73641b46ed44db8f663f428fc279f909e9f48696e06a190b1e330f4634071610?s=96&d=mm&r=g\",\"url\":\"https:\\\/\\\/secure.gravatar.com\\\/avatar\\\/73641b46ed44db8f663f428fc279f909e9f48696e06a190b1e330f4634071610?s=96&d=mm&r=g\",\"contentUrl\":\"https:\\\/\\\/secure.gravatar.com\\\/avatar\\\/73641b46ed44db8f663f428fc279f909e9f48696e06a190b1e330f4634071610?s=96&d=mm&r=g\",\"caption\":\"webmaster\"}}]}<\/script>\n<!-- \/ Yoast SEO plugin. -->","yoast_head_json":{"title":"Ventanilla \u00danica Empresarial, servicio de atenci\u00f3n digital - Nodus Barber\u00e0","robots":{"index":"index","follow":"follow","max-snippet":"max-snippet:-1","max-image-preview":"max-image-preview:large","max-video-preview":"max-video-preview:-1"},"canonical":"https:\/\/nodusbarbera.cat\/es\/ventanilla-unica-empresarial-servicio-de-atencion-digital\/","og_locale":"es_ES","og_type":"article","og_title":"Ventanilla \u00danica Empresarial, servicio de atenci\u00f3n digital - Nodus Barber\u00e0","og_description":"La Ventanilla \u00danica Empresarial, del Departamento de Empresa ha puesto en marcha un servicio de atenci\u00f3n digital para informar de las medidas econ\u00f3micas adoptadas.","og_url":"https:\/\/nodusbarbera.cat\/es\/ventanilla-unica-empresarial-servicio-de-atencion-digital\/","og_site_name":"Nodus Barber\u00e0","article_publisher":"https:\/\/www.facebook.com\/nodusbarbera","article_published_time":"2020-03-26T08:05:53+00:00","article_modified_time":"2020-04-01T06:09:07+00:00","og_image":[{"width":1300,"height":800,"url":"https:\/\/i1.wp.com\/nodusbarbera.cat\/wp-content\/uploads\/finetra-unica.jpg?fit=1300%2C800&ssl=1","type":"image\/jpeg"}],"author":"webmaster","twitter_card":"summary_large_image","twitter_creator":"@nodusbarbera","twitter_site":"@nodusbarbera","twitter_misc":{"Escrito por":"webmaster"},"schema":{"@context":"https:\/\/schema.org","@graph":[{"@type":"Article","@id":"https:\/\/nodusbarbera.cat\/es\/ventanilla-unica-empresarial-servicio-de-atencion-digital\/#article","isPartOf":{"@id":"https:\/\/nodusbarbera.cat\/es\/ventanilla-unica-empresarial-servicio-de-atencion-digital\/"},"author":{"name":"webmaster","@id":"https:\/\/nodusbarbera.cat\/#\/schema\/person\/f3356bf21f659e7e41d958bbb784cfe4"},"headline":"Ventanilla \u00danica Empresarial, servicio de atenci\u00f3n digital","datePublished":"2020-03-26T08:05:53+00:00","dateModified":"2020-04-01T06:09:07+00:00","mainEntityOfPage":{"@id":"https:\/\/nodusbarbera.cat\/es\/ventanilla-unica-empresarial-servicio-de-atencion-digital\/"},"wordCount":79,"publisher":{"@id":"https:\/\/nodusbarbera.cat\/#organization"},"image":{"@id":"https:\/\/nodusbarbera.cat\/es\/ventanilla-unica-empresarial-servicio-de-atencion-digital\/#primaryimage"},"thumbnailUrl":"https:\/\/nodusbarbera.cat\/wp-content\/uploads\/finetra-unica.jpg","articleSection":["Covid-19","Covid-19","Noticias"],"inLanguage":"es"},{"@type":"WebPage","@id":"https:\/\/nodusbarbera.cat\/es\/ventanilla-unica-empresarial-servicio-de-atencion-digital\/","url":"https:\/\/nodusbarbera.cat\/es\/ventanilla-unica-empresarial-servicio-de-atencion-digital\/","name":"Ventanilla \u00danica Empresarial, servicio de atenci\u00f3n digital - Nodus Barber\u00e0","isPartOf":{"@id":"https:\/\/nodusbarbera.cat\/#website"},"primaryImageOfPage":{"@id":"https:\/\/nodusbarbera.cat\/es\/ventanilla-unica-empresarial-servicio-de-atencion-digital\/#primaryimage"},"image":{"@id":"https:\/\/nodusbarbera.cat\/es\/ventanilla-unica-empresarial-servicio-de-atencion-digital\/#primaryimage"},"thumbnailUrl":"https:\/\/nodusbarbera.cat\/wp-content\/uploads\/finetra-unica.jpg","datePublished":"2020-03-26T08:05:53+00:00","dateModified":"2020-04-01T06:09:07+00:00","breadcrumb":{"@id":"https:\/\/nodusbarbera.cat\/es\/ventanilla-unica-empresarial-servicio-de-atencion-digital\/#breadcrumb"},"inLanguage":"es","potentialAction":[{"@type":"ReadAction","target":["https:\/\/nodusbarbera.cat\/es\/ventanilla-unica-empresarial-servicio-de-atencion-digital\/"]}]},{"@type":"ImageObject","inLanguage":"es","@id":"https:\/\/nodusbarbera.cat\/es\/ventanilla-unica-empresarial-servicio-de-atencion-digital\/#primaryimage","url":"https:\/\/nodusbarbera.cat\/wp-content\/uploads\/finetra-unica.jpg","contentUrl":"https:\/\/nodusbarbera.cat\/wp-content\/uploads\/finetra-unica.jpg","width":1300,"height":800},{"@type":"BreadcrumbList","@id":"https:\/\/nodusbarbera.cat\/es\/ventanilla-unica-empresarial-servicio-de-atencion-digital\/#breadcrumb","itemListElement":[{"@type":"ListItem","position":1,"name":"Inici","item":"https:\/\/nodusbarbera.cat\/"},{"@type":"ListItem","position":2,"name":"Ventanilla \u00danica Empresarial, servicio de atenci\u00f3n digital"}]},{"@type":"WebSite","@id":"https:\/\/nodusbarbera.cat\/#website","url":"https:\/\/nodusbarbera.cat\/","name":"Nodus Barber\u00e0","description":"Lloguer d&#039;oficines i despatxos a Barber\u00e0 del Vall\u00e8s, Barcelona.","publisher":{"@id":"https:\/\/nodusbarbera.cat\/#organization"},"potentialAction":[{"@type":"SearchAction","target":{"@type":"EntryPoint","urlTemplate":"https:\/\/nodusbarbera.cat\/?s={search_term_string}"},"query-input":{"@type":"PropertyValueSpecification","valueRequired":true,"valueName":"search_term_string"}}],"inLanguage":"es"},{"@type":"Organization","@id":"https:\/\/nodusbarbera.cat\/#organization","name":"Nodus Barber\u00e0","url":"https:\/\/nodusbarbera.cat\/","logo":{"@type":"ImageObject","inLanguage":"es","@id":"https:\/\/nodusbarbera.cat\/#\/schema\/logo\/image\/","url":"https:\/\/i0.wp.com\/nodusbarbera.cat\/wp-content\/uploads\/logo-footer-250.png?fit=250%2C231&ssl=1","contentUrl":"https:\/\/i0.wp.com\/nodusbarbera.cat\/wp-content\/uploads\/logo-footer-250.png?fit=250%2C231&ssl=1","width":250,"height":231,"caption":"Nodus Barber\u00e0"},"image":{"@id":"https:\/\/nodusbarbera.cat\/#\/schema\/logo\/image\/"},"sameAs":["https:\/\/www.facebook.com\/nodusbarbera","https:\/\/x.com\/nodusbarbera","https:\/\/www.instagram.com\/nodusbarbera\/","https:\/\/www.linkedin.com\/company\/nodus-barbera\/","https:\/\/www.youtube.com\/channel\/UCLJYdjFDfFQP1aGYuzUFd6A"]},{"@type":"Person","@id":"https:\/\/nodusbarbera.cat\/#\/schema\/person\/f3356bf21f659e7e41d958bbb784cfe4","name":"webmaster","image":{"@type":"ImageObject","inLanguage":"es","@id":"https:\/\/secure.gravatar.com\/avatar\/73641b46ed44db8f663f428fc279f909e9f48696e06a190b1e330f4634071610?s=96&d=mm&r=g","url":"https:\/\/secure.gravatar.com\/avatar\/73641b46ed44db8f663f428fc279f909e9f48696e06a190b1e330f4634071610?s=96&d=mm&r=g","contentUrl":"https:\/\/secure.gravatar.com\/avatar\/73641b46ed44db8f663f428fc279f909e9f48696e06a190b1e330f4634071610?s=96&d=mm&r=g","caption":"webmaster"}}]}},"_links":{"self":[{"href":"https:\/\/nodusbarbera.cat\/es\/wp-json\/wp\/v2\/posts\/5324","targetHints":{"allow":["GET"]}}],"collection":[{"href":"https:\/\/nodusbarbera.cat\/es\/wp-json\/wp\/v2\/posts"}],"about":[{"href":"https:\/\/nodusbarbera.cat\/es\/wp-json\/wp\/v2\/types\/post"}],"author":[{"embeddable":true,"href":"https:\/\/nodusbarbera.cat\/es\/wp-json\/wp\/v2\/users\/2"}],"replies":[{"embeddable":true,"href":"https:\/\/nodusbarbera.cat\/es\/wp-json\/wp\/v2\/comments?post=5324"}],"version-history":[{"count":3,"href":"https:\/\/nodusbarbera.cat\/es\/wp-json\/wp\/v2\/posts\/5324\/revisions"}],"predecessor-version":[{"id":5329,"href":"https:\/\/nodusbarbera.cat\/es\/wp-json\/wp\/v2\/posts\/5324\/revisions\/5329"}],"wp:featuredmedia":[{"embeddable":true,"href":"https:\/\/nodusbarbera.cat\/es\/wp-json\/wp\/v2\/media\/5322"}],"wp:attachment":[{"href":"https:\/\/nodusbarbera.cat\/es\/wp-json\/wp\/v2\/media?parent=5324"}],"wp:term":[{"taxonomy":"category","embeddable":true,"href":"https:\/\/nodusbarbera.cat\/es\/wp-json\/wp\/v2\/categories?post=5324"},{"taxonomy":"post_tag","embeddable":true,"href":"https:\/\/nodusbarbera.cat\/es\/wp-json\/wp\/v2\/tags?post=5324"}],"curies":[{"name":"wp","href":"https:\/\/api.w.org\/{rel}","templated":true}]}}