{"id":5346,"date":"2020-03-26T09:25:00","date_gmt":"2020-03-26T07:25:00","guid":{"rendered":"https:\/\/nodusbarbera.cat\/linia-de-financament-licf-i-avalis-per-pimes-i-autonoms\/"},"modified":"2020-04-01T08:07:33","modified_gmt":"2020-04-01T06:07:33","slug":"linia-de-financament-licf-i-avalis-per-pimes-i-autonoms","status":"publish","type":"post","link":"https:\/\/nodusbarbera.cat\/es\/linia-de-financament-licf-i-avalis-per-pimes-i-autonoms\/","title":{"rendered":"L\u00ednea de Financiaci\u00f3n El ICF y Avalis para pymes y Aut\u00f3nomos"},"content":{"rendered":"\n<p>Esta l\u00ednea de finciaci\u00f3n est\u00e1 impulsada por la Generalitat de Catalu\u00f1a y pone en marcha el  \u00ab<a href=\"http:\/\/www.icf.cat\/es\/productes-financers\/avals\/icf-avalis-liquiditat\/index.html\" target=\"_blank\" rel=\"noreferrer noopener\" aria-label=\" (s'obre en una nova pestanya)\">ICF-Avalis liquidez<\/a>\u00ab, dotada con 750M\u20ac.<\/p>\n\n\n\n<!--more-->\n\n\n\n<p>La finalidad es ayudar al tejido empresarial a tener capacidad de resistencia y mantener los puestos de trabajo. Esta l\u00ednea de 750M \u20ac tiene como objetivo dotar de liquidez a aut\u00f3nomos y empresas, la actividad de las que se ha visto afectada por el Covid19.<\/p>\n\n\n\n<p>Las entidades financieras ser\u00e1n las encargadas de formalizar los pr\u00e9stamos que contar\u00e1n con el aval del <strong>80% del ICF o de Avalis de Catalunya<\/strong>. El importe de los pr\u00e9stamos oscilar\u00e1 entre los <strong>50.000 y los 2,5M\u20ac<\/strong>. Para pr\u00e9stamos entre 50.000 \u20ac y 1M \u20ac, el aval lo gestionar\u00e1 Avalis de Catalunya; y en el caso de cr\u00e9ditos a partir de este importe y hasta los 2,5M \u20ac del aval ser\u00e1 del ICF.<\/p>\n\n\n\n<p>A partir de esta l\u00ednea de financiaci\u00f3n se formalizar\u00e1n alrededor de 1.000m \u20ac que se prev\u00e9 que financien unos 4.000 aut\u00f3nomos y empresas.<\/p>\n\n\n\n<p>Encontrar\u00e1 m\u00e1s informaci\u00f3n <a rel=\"noreferrer noopener\" aria-label=\"aqu\u00ed (s'obre en una nova pestanya)\" href=\"http:\/\/canalempresa.gencat.cat\/ca\/01_que_voleu_fer\/mesuresempresesiautonoms\/mesures-per-facilitar-la-liquiditat-credits-i-prestecs\/ICF-Avalis\/\" target=\"_blank\">aqu\u00ed<\/a>.<\/p>\n\n\n\n<p><\/p>\n","protected":false},"excerpt":{"rendered":"<p>Esta l\u00ednea de finciaci\u00f3n est\u00e1 impulsada por la Generalitat de Catalu\u00f1a y pone en marcha el \u00abICF-Avalis liquidez\u00ab, dotada con 750M\u20ac.<\/p>\n","protected":false},"author":2,"featured_media":5315,"comment_status":"closed","ping_status":"closed","sticky":false,"template":"","format":"standard","meta":{"footnotes":""},"categories":[24,25,9],"tags":[],"class_list":["post-5346","post","type-post","status-publish","format-standard","has-post-thumbnail","hentry","category-covid-19-es","category-covid-19-es-2","category-noticias"],"yoast_head":"<!-- This site is optimized with the Yoast SEO plugin v27.5 - https:\/\/yoast.com\/product\/yoast-seo-wordpress\/ -->\n<title>L\u00ednea de Financiaci\u00f3n El ICF y Avalis para pymes y Aut\u00f3nomos - Nodus Barber\u00e0<\/title>\n<meta name=\"robots\" content=\"index, follow, max-snippet:-1, max-image-preview:large, max-video-preview:-1\" \/>\n<link rel=\"canonical\" href=\"https:\/\/nodusbarbera.cat\/es\/linia-de-financament-licf-i-avalis-per-pimes-i-autonoms\/\" \/>\n<meta property=\"og:locale\" content=\"es_ES\" \/>\n<meta property=\"og:type\" content=\"article\" \/>\n<meta property=\"og:title\" content=\"L\u00ednea de Financiaci\u00f3n El ICF y Avalis para pymes y Aut\u00f3nomos - Nodus Barber\u00e0\" \/>\n<meta property=\"og:description\" content=\"Esta l\u00ednea de finciaci\u00f3n est\u00e1 impulsada por la Generalitat de Catalu\u00f1a y pone en marcha el \u00abICF-Avalis liquidez\u00ab, dotada con 750M\u20ac.\" \/>\n<meta property=\"og:url\" content=\"https:\/\/nodusbarbera.cat\/es\/linia-de-financament-licf-i-avalis-per-pimes-i-autonoms\/\" \/>\n<meta property=\"og:site_name\" content=\"Nodus Barber\u00e0\" \/>\n<meta property=\"article:publisher\" content=\"https:\/\/www.facebook.com\/nodusbarbera\" \/>\n<meta property=\"article:published_time\" content=\"2020-03-26T07:25:00+00:00\" \/>\n<meta property=\"article:modified_time\" content=\"2020-04-01T06:07:33+00:00\" \/>\n<meta property=\"og:image\" content=\"https:\/\/i1.wp.com\/nodusbarbera.cat\/wp-content\/uploads\/icf-avalis-prestecs-autonoms-pimes.jpg?fit=1300%2C800&ssl=1\" \/>\n\t<meta property=\"og:image:width\" content=\"1300\" \/>\n\t<meta property=\"og:image:height\" content=\"800\" \/>\n\t<meta property=\"og:image:type\" content=\"image\/jpeg\" \/>\n<meta name=\"author\" content=\"webmaster\" \/>\n<meta name=\"twitter:card\" content=\"summary_large_image\" \/>\n<meta name=\"twitter:creator\" content=\"@nodusbarbera\" \/>\n<meta name=\"twitter:site\" content=\"@nodusbarbera\" \/>\n<meta name=\"twitter:label1\" content=\"Escrito por\" \/>\n\t<meta name=\"twitter:data1\" content=\"webmaster\" \/>\n\t<meta name=\"twitter:label2\" content=\"Tiempo de lectura\" \/>\n\t<meta name=\"twitter:data2\" content=\"1 minuto\" \/>\n<script type=\"application\/ld+json\" class=\"yoast-schema-graph\">{\"@context\":\"https:\\\/\\\/schema.org\",\"@graph\":[{\"@type\":\"Article\",\"@id\":\"https:\\\/\\\/nodusbarbera.cat\\\/es\\\/linia-de-financament-licf-i-avalis-per-pimes-i-autonoms\\\/#article\",\"isPartOf\":{\"@id\":\"https:\\\/\\\/nodusbarbera.cat\\\/es\\\/linia-de-financament-licf-i-avalis-per-pimes-i-autonoms\\\/\"},\"author\":{\"name\":\"webmaster\",\"@id\":\"https:\\\/\\\/nodusbarbera.cat\\\/#\\\/schema\\\/person\\\/f3356bf21f659e7e41d958bbb784cfe4\"},\"headline\":\"L\u00ednea de Financiaci\u00f3n El ICF y Avalis para pymes y Aut\u00f3nomos\",\"datePublished\":\"2020-03-26T07:25:00+00:00\",\"dateModified\":\"2020-04-01T06:07:33+00:00\",\"mainEntityOfPage\":{\"@id\":\"https:\\\/\\\/nodusbarbera.cat\\\/es\\\/linia-de-financament-licf-i-avalis-per-pimes-i-autonoms\\\/\"},\"wordCount\":187,\"publisher\":{\"@id\":\"https:\\\/\\\/nodusbarbera.cat\\\/#organization\"},\"image\":{\"@id\":\"https:\\\/\\\/nodusbarbera.cat\\\/es\\\/linia-de-financament-licf-i-avalis-per-pimes-i-autonoms\\\/#primaryimage\"},\"thumbnailUrl\":\"https:\\\/\\\/nodusbarbera.cat\\\/wp-content\\\/uploads\\\/icf-avalis-prestecs-autonoms-pimes.jpg\",\"articleSection\":[\"Covid-19\",\"Covid-19\",\"Noticias\"],\"inLanguage\":\"es\"},{\"@type\":\"WebPage\",\"@id\":\"https:\\\/\\\/nodusbarbera.cat\\\/es\\\/linia-de-financament-licf-i-avalis-per-pimes-i-autonoms\\\/\",\"url\":\"https:\\\/\\\/nodusbarbera.cat\\\/es\\\/linia-de-financament-licf-i-avalis-per-pimes-i-autonoms\\\/\",\"name\":\"L\u00ednea de Financiaci\u00f3n El ICF y Avalis para pymes y Aut\u00f3nomos - Nodus Barber\u00e0\",\"isPartOf\":{\"@id\":\"https:\\\/\\\/nodusbarbera.cat\\\/#website\"},\"primaryImageOfPage\":{\"@id\":\"https:\\\/\\\/nodusbarbera.cat\\\/es\\\/linia-de-financament-licf-i-avalis-per-pimes-i-autonoms\\\/#primaryimage\"},\"image\":{\"@id\":\"https:\\\/\\\/nodusbarbera.cat\\\/es\\\/linia-de-financament-licf-i-avalis-per-pimes-i-autonoms\\\/#primaryimage\"},\"thumbnailUrl\":\"https:\\\/\\\/nodusbarbera.cat\\\/wp-content\\\/uploads\\\/icf-avalis-prestecs-autonoms-pimes.jpg\",\"datePublished\":\"2020-03-26T07:25:00+00:00\",\"dateModified\":\"2020-04-01T06:07:33+00:00\",\"breadcrumb\":{\"@id\":\"https:\\\/\\\/nodusbarbera.cat\\\/es\\\/linia-de-financament-licf-i-avalis-per-pimes-i-autonoms\\\/#breadcrumb\"},\"inLanguage\":\"es\",\"potentialAction\":[{\"@type\":\"ReadAction\",\"target\":[\"https:\\\/\\\/nodusbarbera.cat\\\/es\\\/linia-de-financament-licf-i-avalis-per-pimes-i-autonoms\\\/\"]}]},{\"@type\":\"ImageObject\",\"inLanguage\":\"es\",\"@id\":\"https:\\\/\\\/nodusbarbera.cat\\\/es\\\/linia-de-financament-licf-i-avalis-per-pimes-i-autonoms\\\/#primaryimage\",\"url\":\"https:\\\/\\\/nodusbarbera.cat\\\/wp-content\\\/uploads\\\/icf-avalis-prestecs-autonoms-pimes.jpg\",\"contentUrl\":\"https:\\\/\\\/nodusbarbera.cat\\\/wp-content\\\/uploads\\\/icf-avalis-prestecs-autonoms-pimes.jpg\",\"width\":1300,\"height\":800,\"caption\":\"icf avalis prestecs autonoms pimes\"},{\"@type\":\"BreadcrumbList\",\"@id\":\"https:\\\/\\\/nodusbarbera.cat\\\/es\\\/linia-de-financament-licf-i-avalis-per-pimes-i-autonoms\\\/#breadcrumb\",\"itemListElement\":[{\"@type\":\"ListItem\",\"position\":1,\"name\":\"Inici\",\"item\":\"https:\\\/\\\/nodusbarbera.cat\\\/\"},{\"@type\":\"ListItem\",\"position\":2,\"name\":\"L\u00ednea de Financiaci\u00f3n El ICF y Avalis para pymes y Aut\u00f3nomos\"}]},{\"@type\":\"WebSite\",\"@id\":\"https:\\\/\\\/nodusbarbera.cat\\\/#website\",\"url\":\"https:\\\/\\\/nodusbarbera.cat\\\/\",\"name\":\"Nodus Barber\u00e0\",\"description\":\"Lloguer d&#039;oficines i despatxos a Barber\u00e0 del Vall\u00e8s, Barcelona.\",\"publisher\":{\"@id\":\"https:\\\/\\\/nodusbarbera.cat\\\/#organization\"},\"potentialAction\":[{\"@type\":\"SearchAction\",\"target\":{\"@type\":\"EntryPoint\",\"urlTemplate\":\"https:\\\/\\\/nodusbarbera.cat\\\/?s={search_term_string}\"},\"query-input\":{\"@type\":\"PropertyValueSpecification\",\"valueRequired\":true,\"valueName\":\"search_term_string\"}}],\"inLanguage\":\"es\"},{\"@type\":\"Organization\",\"@id\":\"https:\\\/\\\/nodusbarbera.cat\\\/#organization\",\"name\":\"Nodus Barber\u00e0\",\"url\":\"https:\\\/\\\/nodusbarbera.cat\\\/\",\"logo\":{\"@type\":\"ImageObject\",\"inLanguage\":\"es\",\"@id\":\"https:\\\/\\\/nodusbarbera.cat\\\/#\\\/schema\\\/logo\\\/image\\\/\",\"url\":\"https:\\\/\\\/i0.wp.com\\\/nodusbarbera.cat\\\/wp-content\\\/uploads\\\/logo-footer-250.png?fit=250%2C231&ssl=1\",\"contentUrl\":\"https:\\\/\\\/i0.wp.com\\\/nodusbarbera.cat\\\/wp-content\\\/uploads\\\/logo-footer-250.png?fit=250%2C231&ssl=1\",\"width\":250,\"height\":231,\"caption\":\"Nodus Barber\u00e0\"},\"image\":{\"@id\":\"https:\\\/\\\/nodusbarbera.cat\\\/#\\\/schema\\\/logo\\\/image\\\/\"},\"sameAs\":[\"https:\\\/\\\/www.facebook.com\\\/nodusbarbera\",\"https:\\\/\\\/x.com\\\/nodusbarbera\",\"https:\\\/\\\/www.instagram.com\\\/nodusbarbera\\\/\",\"https:\\\/\\\/www.linkedin.com\\\/company\\\/nodus-barbera\\\/\",\"https:\\\/\\\/www.youtube.com\\\/channel\\\/UCLJYdjFDfFQP1aGYuzUFd6A\"]},{\"@type\":\"Person\",\"@id\":\"https:\\\/\\\/nodusbarbera.cat\\\/#\\\/schema\\\/person\\\/f3356bf21f659e7e41d958bbb784cfe4\",\"name\":\"webmaster\",\"image\":{\"@type\":\"ImageObject\",\"inLanguage\":\"es\",\"@id\":\"https:\\\/\\\/secure.gravatar.com\\\/avatar\\\/73641b46ed44db8f663f428fc279f909e9f48696e06a190b1e330f4634071610?s=96&d=mm&r=g\",\"url\":\"https:\\\/\\\/secure.gravatar.com\\\/avatar\\\/73641b46ed44db8f663f428fc279f909e9f48696e06a190b1e330f4634071610?s=96&d=mm&r=g\",\"contentUrl\":\"https:\\\/\\\/secure.gravatar.com\\\/avatar\\\/73641b46ed44db8f663f428fc279f909e9f48696e06a190b1e330f4634071610?s=96&d=mm&r=g\",\"caption\":\"webmaster\"}}]}<\/script>\n<!-- \/ Yoast SEO plugin. -->","yoast_head_json":{"title":"L\u00ednea de Financiaci\u00f3n El ICF y Avalis para pymes y Aut\u00f3nomos - Nodus Barber\u00e0","robots":{"index":"index","follow":"follow","max-snippet":"max-snippet:-1","max-image-preview":"max-image-preview:large","max-video-preview":"max-video-preview:-1"},"canonical":"https:\/\/nodusbarbera.cat\/es\/linia-de-financament-licf-i-avalis-per-pimes-i-autonoms\/","og_locale":"es_ES","og_type":"article","og_title":"L\u00ednea de Financiaci\u00f3n El ICF y Avalis para pymes y Aut\u00f3nomos - Nodus Barber\u00e0","og_description":"Esta l\u00ednea de finciaci\u00f3n est\u00e1 impulsada por la Generalitat de Catalu\u00f1a y pone en marcha el \u00abICF-Avalis liquidez\u00ab, dotada con 750M\u20ac.","og_url":"https:\/\/nodusbarbera.cat\/es\/linia-de-financament-licf-i-avalis-per-pimes-i-autonoms\/","og_site_name":"Nodus Barber\u00e0","article_publisher":"https:\/\/www.facebook.com\/nodusbarbera","article_published_time":"2020-03-26T07:25:00+00:00","article_modified_time":"2020-04-01T06:07:33+00:00","og_image":[{"width":1300,"height":800,"url":"https:\/\/i1.wp.com\/nodusbarbera.cat\/wp-content\/uploads\/icf-avalis-prestecs-autonoms-pimes.jpg?fit=1300%2C800&ssl=1","type":"image\/jpeg"}],"author":"webmaster","twitter_card":"summary_large_image","twitter_creator":"@nodusbarbera","twitter_site":"@nodusbarbera","twitter_misc":{"Escrito por":"webmaster","Tiempo de lectura":"1 minuto"},"schema":{"@context":"https:\/\/schema.org","@graph":[{"@type":"Article","@id":"https:\/\/nodusbarbera.cat\/es\/linia-de-financament-licf-i-avalis-per-pimes-i-autonoms\/#article","isPartOf":{"@id":"https:\/\/nodusbarbera.cat\/es\/linia-de-financament-licf-i-avalis-per-pimes-i-autonoms\/"},"author":{"name":"webmaster","@id":"https:\/\/nodusbarbera.cat\/#\/schema\/person\/f3356bf21f659e7e41d958bbb784cfe4"},"headline":"L\u00ednea de Financiaci\u00f3n El ICF y Avalis para pymes y Aut\u00f3nomos","datePublished":"2020-03-26T07:25:00+00:00","dateModified":"2020-04-01T06:07:33+00:00","mainEntityOfPage":{"@id":"https:\/\/nodusbarbera.cat\/es\/linia-de-financament-licf-i-avalis-per-pimes-i-autonoms\/"},"wordCount":187,"publisher":{"@id":"https:\/\/nodusbarbera.cat\/#organization"},"image":{"@id":"https:\/\/nodusbarbera.cat\/es\/linia-de-financament-licf-i-avalis-per-pimes-i-autonoms\/#primaryimage"},"thumbnailUrl":"https:\/\/nodusbarbera.cat\/wp-content\/uploads\/icf-avalis-prestecs-autonoms-pimes.jpg","articleSection":["Covid-19","Covid-19","Noticias"],"inLanguage":"es"},{"@type":"WebPage","@id":"https:\/\/nodusbarbera.cat\/es\/linia-de-financament-licf-i-avalis-per-pimes-i-autonoms\/","url":"https:\/\/nodusbarbera.cat\/es\/linia-de-financament-licf-i-avalis-per-pimes-i-autonoms\/","name":"L\u00ednea de Financiaci\u00f3n El ICF y Avalis para pymes y Aut\u00f3nomos - Nodus Barber\u00e0","isPartOf":{"@id":"https:\/\/nodusbarbera.cat\/#website"},"primaryImageOfPage":{"@id":"https:\/\/nodusbarbera.cat\/es\/linia-de-financament-licf-i-avalis-per-pimes-i-autonoms\/#primaryimage"},"image":{"@id":"https:\/\/nodusbarbera.cat\/es\/linia-de-financament-licf-i-avalis-per-pimes-i-autonoms\/#primaryimage"},"thumbnailUrl":"https:\/\/nodusbarbera.cat\/wp-content\/uploads\/icf-avalis-prestecs-autonoms-pimes.jpg","datePublished":"2020-03-26T07:25:00+00:00","dateModified":"2020-04-01T06:07:33+00:00","breadcrumb":{"@id":"https:\/\/nodusbarbera.cat\/es\/linia-de-financament-licf-i-avalis-per-pimes-i-autonoms\/#breadcrumb"},"inLanguage":"es","potentialAction":[{"@type":"ReadAction","target":["https:\/\/nodusbarbera.cat\/es\/linia-de-financament-licf-i-avalis-per-pimes-i-autonoms\/"]}]},{"@type":"ImageObject","inLanguage":"es","@id":"https:\/\/nodusbarbera.cat\/es\/linia-de-financament-licf-i-avalis-per-pimes-i-autonoms\/#primaryimage","url":"https:\/\/nodusbarbera.cat\/wp-content\/uploads\/icf-avalis-prestecs-autonoms-pimes.jpg","contentUrl":"https:\/\/nodusbarbera.cat\/wp-content\/uploads\/icf-avalis-prestecs-autonoms-pimes.jpg","width":1300,"height":800,"caption":"icf avalis prestecs autonoms pimes"},{"@type":"BreadcrumbList","@id":"https:\/\/nodusbarbera.cat\/es\/linia-de-financament-licf-i-avalis-per-pimes-i-autonoms\/#breadcrumb","itemListElement":[{"@type":"ListItem","position":1,"name":"Inici","item":"https:\/\/nodusbarbera.cat\/"},{"@type":"ListItem","position":2,"name":"L\u00ednea de Financiaci\u00f3n El ICF y Avalis para pymes y Aut\u00f3nomos"}]},{"@type":"WebSite","@id":"https:\/\/nodusbarbera.cat\/#website","url":"https:\/\/nodusbarbera.cat\/","name":"Nodus Barber\u00e0","description":"Lloguer d&#039;oficines i despatxos a Barber\u00e0 del Vall\u00e8s, Barcelona.","publisher":{"@id":"https:\/\/nodusbarbera.cat\/#organization"},"potentialAction":[{"@type":"SearchAction","target":{"@type":"EntryPoint","urlTemplate":"https:\/\/nodusbarbera.cat\/?s={search_term_string}"},"query-input":{"@type":"PropertyValueSpecification","valueRequired":true,"valueName":"search_term_string"}}],"inLanguage":"es"},{"@type":"Organization","@id":"https:\/\/nodusbarbera.cat\/#organization","name":"Nodus Barber\u00e0","url":"https:\/\/nodusbarbera.cat\/","logo":{"@type":"ImageObject","inLanguage":"es","@id":"https:\/\/nodusbarbera.cat\/#\/schema\/logo\/image\/","url":"https:\/\/i0.wp.com\/nodusbarbera.cat\/wp-content\/uploads\/logo-footer-250.png?fit=250%2C231&ssl=1","contentUrl":"https:\/\/i0.wp.com\/nodusbarbera.cat\/wp-content\/uploads\/logo-footer-250.png?fit=250%2C231&ssl=1","width":250,"height":231,"caption":"Nodus Barber\u00e0"},"image":{"@id":"https:\/\/nodusbarbera.cat\/#\/schema\/logo\/image\/"},"sameAs":["https:\/\/www.facebook.com\/nodusbarbera","https:\/\/x.com\/nodusbarbera","https:\/\/www.instagram.com\/nodusbarbera\/","https:\/\/www.linkedin.com\/company\/nodus-barbera\/","https:\/\/www.youtube.com\/channel\/UCLJYdjFDfFQP1aGYuzUFd6A"]},{"@type":"Person","@id":"https:\/\/nodusbarbera.cat\/#\/schema\/person\/f3356bf21f659e7e41d958bbb784cfe4","name":"webmaster","image":{"@type":"ImageObject","inLanguage":"es","@id":"https:\/\/secure.gravatar.com\/avatar\/73641b46ed44db8f663f428fc279f909e9f48696e06a190b1e330f4634071610?s=96&d=mm&r=g","url":"https:\/\/secure.gravatar.com\/avatar\/73641b46ed44db8f663f428fc279f909e9f48696e06a190b1e330f4634071610?s=96&d=mm&r=g","contentUrl":"https:\/\/secure.gravatar.com\/avatar\/73641b46ed44db8f663f428fc279f909e9f48696e06a190b1e330f4634071610?s=96&d=mm&r=g","caption":"webmaster"}}]}},"_links":{"self":[{"href":"https:\/\/nodusbarbera.cat\/es\/wp-json\/wp\/v2\/posts\/5346","targetHints":{"allow":["GET"]}}],"collection":[{"href":"https:\/\/nodusbarbera.cat\/es\/wp-json\/wp\/v2\/posts"}],"about":[{"href":"https:\/\/nodusbarbera.cat\/es\/wp-json\/wp\/v2\/types\/post"}],"author":[{"embeddable":true,"href":"https:\/\/nodusbarbera.cat\/es\/wp-json\/wp\/v2\/users\/2"}],"replies":[{"embeddable":true,"href":"https:\/\/nodusbarbera.cat\/es\/wp-json\/wp\/v2\/comments?post=5346"}],"version-history":[{"count":1,"href":"https:\/\/nodusbarbera.cat\/es\/wp-json\/wp\/v2\/posts\/5346\/revisions"}],"predecessor-version":[{"id":5348,"href":"https:\/\/nodusbarbera.cat\/es\/wp-json\/wp\/v2\/posts\/5346\/revisions\/5348"}],"wp:featuredmedia":[{"embeddable":true,"href":"https:\/\/nodusbarbera.cat\/es\/wp-json\/wp\/v2\/media\/5315"}],"wp:attachment":[{"href":"https:\/\/nodusbarbera.cat\/es\/wp-json\/wp\/v2\/media?parent=5346"}],"wp:term":[{"taxonomy":"category","embeddable":true,"href":"https:\/\/nodusbarbera.cat\/es\/wp-json\/wp\/v2\/categories?post=5346"},{"taxonomy":"post_tag","embeddable":true,"href":"https:\/\/nodusbarbera.cat\/es\/wp-json\/wp\/v2\/tags?post=5346"}],"curies":[{"name":"wp","href":"https:\/\/api.w.org\/{rel}","templated":true}]}}