{"id":5413,"date":"2020-04-17T07:57:47","date_gmt":"2020-04-17T05:57:47","guid":{"rendered":"https:\/\/nodusbarbera.cat\/ajuts-per-autonoms-i-microempreses-del-sector-turistic\/"},"modified":"2020-04-17T08:14:17","modified_gmt":"2020-04-17T06:14:17","slug":"ajuts-per-autonoms-i-microempreses-del-sector-turistic","status":"publish","type":"post","link":"https:\/\/nodusbarbera.cat\/es\/ajuts-per-autonoms-i-microempreses-del-sector-turistic\/","title":{"rendered":"Ayudas para aut\u00f3nomos y microempresas tur\u00edsticas"},"content":{"rendered":"\n<p>Nueva <strong>l\u00ednea de ayudas directas<\/strong> destinada a profesionales y microempresas que desarrollan su actividad en el sector tur\u00edstico afectadas por la situaci\u00f3n provocada por la Covid-19.<\/p>\n\n\n\n<!--more-->\n\n\n\n<p>El Departamento de Empresa y Conocimiento de la Generalidad de Catalu\u00f1a anuncia que a partir del 16 de abril ya se puede tramitar esta ayuda a trav\u00e9s del\u00a0<a href=\"http:\/\/canalempresa.gencat.cat\/es\/01_que_voleu_fer\/mesuresempresesiautonoms\/informacio-per-sectors-dactivitat\/turisme\/mesures-especifiques-del-sector\/ajuts-als-autonoms-i-microempreses-del-sector-turistic\/index.html\" target=\"_blank\" rel=\"noreferrer noopener\" aria-label=\" (s'obre en una nova pestanya)\">Canal Empresa.<\/a>\u00a0<\/p>\n\n\n\n<p>Esta l\u00ednea finalmente se ha podido ampliar y dotarla con un presupuesto de 3,5 millones de euros.<\/p>\n\n\n\n<p>Se trata de una ayuda de\u00a0<strong>2.500 euros<\/strong>\u00a0en un \u00fanico pago destinado a:<\/p>\n\n\n\n<ul class=\"wp-block-list\"><li>establecimientos tur\u00edsticos de alojamiento<\/li><li> gu\u00edas de turismo habilitados<\/li><li> empresas tur\u00edsticas de mediaci\u00f3n<\/li><li> agencias de viaje<\/li><li> DMC<\/li><li> OPC<\/li><li> establecimientos y actividades de inter\u00e9s tur\u00edstico \u2026<\/li><\/ul>\n\n\n\n<p>Como requisitos la empresa debe tener un m\u00e1ximo de <strong>cinco trabajadores<\/strong> y hasta un <strong>m\u00e1ximo de 500.000 \u20ac de volumen anual de facturaci\u00f3n<\/strong>.<\/p>\n\n\n\n<p>Estas ayudas son compatibles con cualquier otro que pueda corresponder a excepci\u00f3n de aquellos que deriven o tengan causa en el cierre definitivo de la actividad.<\/p>\n","protected":false},"excerpt":{"rendered":"<p>Nueva l\u00ednea de ayudas directas destinada a profesionales y microempresas que desarrollan su actividad en el sector tur\u00edstico afectadas por la situaci\u00f3n provocada por la Covid-19.<\/p>\n","protected":false},"author":2,"featured_media":5412,"comment_status":"closed","ping_status":"closed","sticky":false,"template":"","format":"standard","meta":{"footnotes":""},"categories":[24,9],"tags":[],"class_list":["post-5413","post","type-post","status-publish","format-standard","has-post-thumbnail","hentry","category-covid-19-es","category-noticias"],"yoast_head":"<!-- This site is optimized with the Yoast SEO plugin v27.5 - https:\/\/yoast.com\/product\/yoast-seo-wordpress\/ -->\n<title>Ayudas para aut\u00f3nomos y microempresas tur\u00edsticas - Nodus Barber\u00e0<\/title>\n<meta name=\"robots\" content=\"index, follow, max-snippet:-1, max-image-preview:large, max-video-preview:-1\" \/>\n<link rel=\"canonical\" href=\"https:\/\/nodusbarbera.cat\/es\/ajuts-per-autonoms-i-microempreses-del-sector-turistic\/\" \/>\n<meta property=\"og:locale\" content=\"es_ES\" \/>\n<meta property=\"og:type\" content=\"article\" \/>\n<meta property=\"og:title\" content=\"Ayudas para aut\u00f3nomos y microempresas tur\u00edsticas - Nodus Barber\u00e0\" \/>\n<meta property=\"og:description\" content=\"Nueva l\u00ednea de ayudas directas destinada a profesionales y microempresas que desarrollan su actividad en el sector tur\u00edstico afectadas por la situaci\u00f3n provocada por la Covid-19.\" \/>\n<meta property=\"og:url\" content=\"https:\/\/nodusbarbera.cat\/es\/ajuts-per-autonoms-i-microempreses-del-sector-turistic\/\" \/>\n<meta property=\"og:site_name\" content=\"Nodus Barber\u00e0\" \/>\n<meta property=\"article:publisher\" content=\"https:\/\/www.facebook.com\/nodusbarbera\" \/>\n<meta property=\"article:published_time\" content=\"2020-04-17T05:57:47+00:00\" \/>\n<meta property=\"article:modified_time\" content=\"2020-04-17T06:14:17+00:00\" \/>\n<meta property=\"og:image\" content=\"https:\/\/i0.wp.com\/nodusbarbera.cat\/wp-content\/uploads\/ajuts-empreses-autonoms-sector-turistic.jpg?fit=800%2C533&ssl=1\" \/>\n\t<meta property=\"og:image:width\" content=\"800\" \/>\n\t<meta property=\"og:image:height\" content=\"533\" \/>\n\t<meta property=\"og:image:type\" content=\"image\/jpeg\" \/>\n<meta name=\"author\" content=\"webmaster\" \/>\n<meta name=\"twitter:card\" content=\"summary_large_image\" \/>\n<meta name=\"twitter:creator\" content=\"@nodusbarbera\" \/>\n<meta name=\"twitter:site\" content=\"@nodusbarbera\" \/>\n<meta name=\"twitter:label1\" content=\"Escrito por\" \/>\n\t<meta name=\"twitter:data1\" content=\"webmaster\" \/>\n\t<meta name=\"twitter:label2\" content=\"Tiempo de lectura\" \/>\n\t<meta name=\"twitter:data2\" content=\"1 minuto\" \/>\n<script type=\"application\/ld+json\" class=\"yoast-schema-graph\">{\"@context\":\"https:\\\/\\\/schema.org\",\"@graph\":[{\"@type\":\"Article\",\"@id\":\"https:\\\/\\\/nodusbarbera.cat\\\/es\\\/ajuts-per-autonoms-i-microempreses-del-sector-turistic\\\/#article\",\"isPartOf\":{\"@id\":\"https:\\\/\\\/nodusbarbera.cat\\\/es\\\/ajuts-per-autonoms-i-microempreses-del-sector-turistic\\\/\"},\"author\":{\"name\":\"webmaster\",\"@id\":\"https:\\\/\\\/nodusbarbera.cat\\\/#\\\/schema\\\/person\\\/f3356bf21f659e7e41d958bbb784cfe4\"},\"headline\":\"Ayudas para aut\u00f3nomos y microempresas tur\u00edsticas\",\"datePublished\":\"2020-04-17T05:57:47+00:00\",\"dateModified\":\"2020-04-17T06:14:17+00:00\",\"mainEntityOfPage\":{\"@id\":\"https:\\\/\\\/nodusbarbera.cat\\\/es\\\/ajuts-per-autonoms-i-microempreses-del-sector-turistic\\\/\"},\"wordCount\":178,\"publisher\":{\"@id\":\"https:\\\/\\\/nodusbarbera.cat\\\/#organization\"},\"image\":{\"@id\":\"https:\\\/\\\/nodusbarbera.cat\\\/es\\\/ajuts-per-autonoms-i-microempreses-del-sector-turistic\\\/#primaryimage\"},\"thumbnailUrl\":\"https:\\\/\\\/nodusbarbera.cat\\\/wp-content\\\/uploads\\\/ajuts-empreses-autonoms-sector-turistic.jpg\",\"articleSection\":[\"Covid-19\",\"Noticias\"],\"inLanguage\":\"es\"},{\"@type\":\"WebPage\",\"@id\":\"https:\\\/\\\/nodusbarbera.cat\\\/es\\\/ajuts-per-autonoms-i-microempreses-del-sector-turistic\\\/\",\"url\":\"https:\\\/\\\/nodusbarbera.cat\\\/es\\\/ajuts-per-autonoms-i-microempreses-del-sector-turistic\\\/\",\"name\":\"Ayudas para aut\u00f3nomos y microempresas tur\u00edsticas - Nodus Barber\u00e0\",\"isPartOf\":{\"@id\":\"https:\\\/\\\/nodusbarbera.cat\\\/#website\"},\"primaryImageOfPage\":{\"@id\":\"https:\\\/\\\/nodusbarbera.cat\\\/es\\\/ajuts-per-autonoms-i-microempreses-del-sector-turistic\\\/#primaryimage\"},\"image\":{\"@id\":\"https:\\\/\\\/nodusbarbera.cat\\\/es\\\/ajuts-per-autonoms-i-microempreses-del-sector-turistic\\\/#primaryimage\"},\"thumbnailUrl\":\"https:\\\/\\\/nodusbarbera.cat\\\/wp-content\\\/uploads\\\/ajuts-empreses-autonoms-sector-turistic.jpg\",\"datePublished\":\"2020-04-17T05:57:47+00:00\",\"dateModified\":\"2020-04-17T06:14:17+00:00\",\"breadcrumb\":{\"@id\":\"https:\\\/\\\/nodusbarbera.cat\\\/es\\\/ajuts-per-autonoms-i-microempreses-del-sector-turistic\\\/#breadcrumb\"},\"inLanguage\":\"es\",\"potentialAction\":[{\"@type\":\"ReadAction\",\"target\":[\"https:\\\/\\\/nodusbarbera.cat\\\/es\\\/ajuts-per-autonoms-i-microempreses-del-sector-turistic\\\/\"]}]},{\"@type\":\"ImageObject\",\"inLanguage\":\"es\",\"@id\":\"https:\\\/\\\/nodusbarbera.cat\\\/es\\\/ajuts-per-autonoms-i-microempreses-del-sector-turistic\\\/#primaryimage\",\"url\":\"https:\\\/\\\/nodusbarbera.cat\\\/wp-content\\\/uploads\\\/ajuts-empreses-autonoms-sector-turistic.jpg\",\"contentUrl\":\"https:\\\/\\\/nodusbarbera.cat\\\/wp-content\\\/uploads\\\/ajuts-empreses-autonoms-sector-turistic.jpg\",\"width\":800,\"height\":533,\"caption\":\"ajuts empreses autonoms sector turistic\"},{\"@type\":\"BreadcrumbList\",\"@id\":\"https:\\\/\\\/nodusbarbera.cat\\\/es\\\/ajuts-per-autonoms-i-microempreses-del-sector-turistic\\\/#breadcrumb\",\"itemListElement\":[{\"@type\":\"ListItem\",\"position\":1,\"name\":\"Inici\",\"item\":\"https:\\\/\\\/nodusbarbera.cat\\\/\"},{\"@type\":\"ListItem\",\"position\":2,\"name\":\"Ayudas para aut\u00f3nomos y microempresas tur\u00edsticas\"}]},{\"@type\":\"WebSite\",\"@id\":\"https:\\\/\\\/nodusbarbera.cat\\\/#website\",\"url\":\"https:\\\/\\\/nodusbarbera.cat\\\/\",\"name\":\"Nodus Barber\u00e0\",\"description\":\"Lloguer d&#039;oficines i despatxos a Barber\u00e0 del Vall\u00e8s, Barcelona.\",\"publisher\":{\"@id\":\"https:\\\/\\\/nodusbarbera.cat\\\/#organization\"},\"potentialAction\":[{\"@type\":\"SearchAction\",\"target\":{\"@type\":\"EntryPoint\",\"urlTemplate\":\"https:\\\/\\\/nodusbarbera.cat\\\/?s={search_term_string}\"},\"query-input\":{\"@type\":\"PropertyValueSpecification\",\"valueRequired\":true,\"valueName\":\"search_term_string\"}}],\"inLanguage\":\"es\"},{\"@type\":\"Organization\",\"@id\":\"https:\\\/\\\/nodusbarbera.cat\\\/#organization\",\"name\":\"Nodus Barber\u00e0\",\"url\":\"https:\\\/\\\/nodusbarbera.cat\\\/\",\"logo\":{\"@type\":\"ImageObject\",\"inLanguage\":\"es\",\"@id\":\"https:\\\/\\\/nodusbarbera.cat\\\/#\\\/schema\\\/logo\\\/image\\\/\",\"url\":\"https:\\\/\\\/i0.wp.com\\\/nodusbarbera.cat\\\/wp-content\\\/uploads\\\/logo-footer-250.png?fit=250%2C231&ssl=1\",\"contentUrl\":\"https:\\\/\\\/i0.wp.com\\\/nodusbarbera.cat\\\/wp-content\\\/uploads\\\/logo-footer-250.png?fit=250%2C231&ssl=1\",\"width\":250,\"height\":231,\"caption\":\"Nodus Barber\u00e0\"},\"image\":{\"@id\":\"https:\\\/\\\/nodusbarbera.cat\\\/#\\\/schema\\\/logo\\\/image\\\/\"},\"sameAs\":[\"https:\\\/\\\/www.facebook.com\\\/nodusbarbera\",\"https:\\\/\\\/x.com\\\/nodusbarbera\",\"https:\\\/\\\/www.instagram.com\\\/nodusbarbera\\\/\",\"https:\\\/\\\/www.linkedin.com\\\/company\\\/nodus-barbera\\\/\",\"https:\\\/\\\/www.youtube.com\\\/channel\\\/UCLJYdjFDfFQP1aGYuzUFd6A\"]},{\"@type\":\"Person\",\"@id\":\"https:\\\/\\\/nodusbarbera.cat\\\/#\\\/schema\\\/person\\\/f3356bf21f659e7e41d958bbb784cfe4\",\"name\":\"webmaster\",\"image\":{\"@type\":\"ImageObject\",\"inLanguage\":\"es\",\"@id\":\"https:\\\/\\\/secure.gravatar.com\\\/avatar\\\/73641b46ed44db8f663f428fc279f909e9f48696e06a190b1e330f4634071610?s=96&d=mm&r=g\",\"url\":\"https:\\\/\\\/secure.gravatar.com\\\/avatar\\\/73641b46ed44db8f663f428fc279f909e9f48696e06a190b1e330f4634071610?s=96&d=mm&r=g\",\"contentUrl\":\"https:\\\/\\\/secure.gravatar.com\\\/avatar\\\/73641b46ed44db8f663f428fc279f909e9f48696e06a190b1e330f4634071610?s=96&d=mm&r=g\",\"caption\":\"webmaster\"}}]}<\/script>\n<!-- \/ Yoast SEO plugin. -->","yoast_head_json":{"title":"Ayudas para aut\u00f3nomos y microempresas tur\u00edsticas - Nodus Barber\u00e0","robots":{"index":"index","follow":"follow","max-snippet":"max-snippet:-1","max-image-preview":"max-image-preview:large","max-video-preview":"max-video-preview:-1"},"canonical":"https:\/\/nodusbarbera.cat\/es\/ajuts-per-autonoms-i-microempreses-del-sector-turistic\/","og_locale":"es_ES","og_type":"article","og_title":"Ayudas para aut\u00f3nomos y microempresas tur\u00edsticas - Nodus Barber\u00e0","og_description":"Nueva l\u00ednea de ayudas directas destinada a profesionales y microempresas que desarrollan su actividad en el sector tur\u00edstico afectadas por la situaci\u00f3n provocada por la Covid-19.","og_url":"https:\/\/nodusbarbera.cat\/es\/ajuts-per-autonoms-i-microempreses-del-sector-turistic\/","og_site_name":"Nodus Barber\u00e0","article_publisher":"https:\/\/www.facebook.com\/nodusbarbera","article_published_time":"2020-04-17T05:57:47+00:00","article_modified_time":"2020-04-17T06:14:17+00:00","og_image":[{"width":800,"height":533,"url":"https:\/\/i0.wp.com\/nodusbarbera.cat\/wp-content\/uploads\/ajuts-empreses-autonoms-sector-turistic.jpg?fit=800%2C533&ssl=1","type":"image\/jpeg"}],"author":"webmaster","twitter_card":"summary_large_image","twitter_creator":"@nodusbarbera","twitter_site":"@nodusbarbera","twitter_misc":{"Escrito por":"webmaster","Tiempo de lectura":"1 minuto"},"schema":{"@context":"https:\/\/schema.org","@graph":[{"@type":"Article","@id":"https:\/\/nodusbarbera.cat\/es\/ajuts-per-autonoms-i-microempreses-del-sector-turistic\/#article","isPartOf":{"@id":"https:\/\/nodusbarbera.cat\/es\/ajuts-per-autonoms-i-microempreses-del-sector-turistic\/"},"author":{"name":"webmaster","@id":"https:\/\/nodusbarbera.cat\/#\/schema\/person\/f3356bf21f659e7e41d958bbb784cfe4"},"headline":"Ayudas para aut\u00f3nomos y microempresas tur\u00edsticas","datePublished":"2020-04-17T05:57:47+00:00","dateModified":"2020-04-17T06:14:17+00:00","mainEntityOfPage":{"@id":"https:\/\/nodusbarbera.cat\/es\/ajuts-per-autonoms-i-microempreses-del-sector-turistic\/"},"wordCount":178,"publisher":{"@id":"https:\/\/nodusbarbera.cat\/#organization"},"image":{"@id":"https:\/\/nodusbarbera.cat\/es\/ajuts-per-autonoms-i-microempreses-del-sector-turistic\/#primaryimage"},"thumbnailUrl":"https:\/\/nodusbarbera.cat\/wp-content\/uploads\/ajuts-empreses-autonoms-sector-turistic.jpg","articleSection":["Covid-19","Noticias"],"inLanguage":"es"},{"@type":"WebPage","@id":"https:\/\/nodusbarbera.cat\/es\/ajuts-per-autonoms-i-microempreses-del-sector-turistic\/","url":"https:\/\/nodusbarbera.cat\/es\/ajuts-per-autonoms-i-microempreses-del-sector-turistic\/","name":"Ayudas para aut\u00f3nomos y microempresas tur\u00edsticas - Nodus Barber\u00e0","isPartOf":{"@id":"https:\/\/nodusbarbera.cat\/#website"},"primaryImageOfPage":{"@id":"https:\/\/nodusbarbera.cat\/es\/ajuts-per-autonoms-i-microempreses-del-sector-turistic\/#primaryimage"},"image":{"@id":"https:\/\/nodusbarbera.cat\/es\/ajuts-per-autonoms-i-microempreses-del-sector-turistic\/#primaryimage"},"thumbnailUrl":"https:\/\/nodusbarbera.cat\/wp-content\/uploads\/ajuts-empreses-autonoms-sector-turistic.jpg","datePublished":"2020-04-17T05:57:47+00:00","dateModified":"2020-04-17T06:14:17+00:00","breadcrumb":{"@id":"https:\/\/nodusbarbera.cat\/es\/ajuts-per-autonoms-i-microempreses-del-sector-turistic\/#breadcrumb"},"inLanguage":"es","potentialAction":[{"@type":"ReadAction","target":["https:\/\/nodusbarbera.cat\/es\/ajuts-per-autonoms-i-microempreses-del-sector-turistic\/"]}]},{"@type":"ImageObject","inLanguage":"es","@id":"https:\/\/nodusbarbera.cat\/es\/ajuts-per-autonoms-i-microempreses-del-sector-turistic\/#primaryimage","url":"https:\/\/nodusbarbera.cat\/wp-content\/uploads\/ajuts-empreses-autonoms-sector-turistic.jpg","contentUrl":"https:\/\/nodusbarbera.cat\/wp-content\/uploads\/ajuts-empreses-autonoms-sector-turistic.jpg","width":800,"height":533,"caption":"ajuts empreses autonoms sector turistic"},{"@type":"BreadcrumbList","@id":"https:\/\/nodusbarbera.cat\/es\/ajuts-per-autonoms-i-microempreses-del-sector-turistic\/#breadcrumb","itemListElement":[{"@type":"ListItem","position":1,"name":"Inici","item":"https:\/\/nodusbarbera.cat\/"},{"@type":"ListItem","position":2,"name":"Ayudas para aut\u00f3nomos y microempresas tur\u00edsticas"}]},{"@type":"WebSite","@id":"https:\/\/nodusbarbera.cat\/#website","url":"https:\/\/nodusbarbera.cat\/","name":"Nodus Barber\u00e0","description":"Lloguer d&#039;oficines i despatxos a Barber\u00e0 del Vall\u00e8s, Barcelona.","publisher":{"@id":"https:\/\/nodusbarbera.cat\/#organization"},"potentialAction":[{"@type":"SearchAction","target":{"@type":"EntryPoint","urlTemplate":"https:\/\/nodusbarbera.cat\/?s={search_term_string}"},"query-input":{"@type":"PropertyValueSpecification","valueRequired":true,"valueName":"search_term_string"}}],"inLanguage":"es"},{"@type":"Organization","@id":"https:\/\/nodusbarbera.cat\/#organization","name":"Nodus Barber\u00e0","url":"https:\/\/nodusbarbera.cat\/","logo":{"@type":"ImageObject","inLanguage":"es","@id":"https:\/\/nodusbarbera.cat\/#\/schema\/logo\/image\/","url":"https:\/\/i0.wp.com\/nodusbarbera.cat\/wp-content\/uploads\/logo-footer-250.png?fit=250%2C231&ssl=1","contentUrl":"https:\/\/i0.wp.com\/nodusbarbera.cat\/wp-content\/uploads\/logo-footer-250.png?fit=250%2C231&ssl=1","width":250,"height":231,"caption":"Nodus Barber\u00e0"},"image":{"@id":"https:\/\/nodusbarbera.cat\/#\/schema\/logo\/image\/"},"sameAs":["https:\/\/www.facebook.com\/nodusbarbera","https:\/\/x.com\/nodusbarbera","https:\/\/www.instagram.com\/nodusbarbera\/","https:\/\/www.linkedin.com\/company\/nodus-barbera\/","https:\/\/www.youtube.com\/channel\/UCLJYdjFDfFQP1aGYuzUFd6A"]},{"@type":"Person","@id":"https:\/\/nodusbarbera.cat\/#\/schema\/person\/f3356bf21f659e7e41d958bbb784cfe4","name":"webmaster","image":{"@type":"ImageObject","inLanguage":"es","@id":"https:\/\/secure.gravatar.com\/avatar\/73641b46ed44db8f663f428fc279f909e9f48696e06a190b1e330f4634071610?s=96&d=mm&r=g","url":"https:\/\/secure.gravatar.com\/avatar\/73641b46ed44db8f663f428fc279f909e9f48696e06a190b1e330f4634071610?s=96&d=mm&r=g","contentUrl":"https:\/\/secure.gravatar.com\/avatar\/73641b46ed44db8f663f428fc279f909e9f48696e06a190b1e330f4634071610?s=96&d=mm&r=g","caption":"webmaster"}}]}},"_links":{"self":[{"href":"https:\/\/nodusbarbera.cat\/es\/wp-json\/wp\/v2\/posts\/5413","targetHints":{"allow":["GET"]}}],"collection":[{"href":"https:\/\/nodusbarbera.cat\/es\/wp-json\/wp\/v2\/posts"}],"about":[{"href":"https:\/\/nodusbarbera.cat\/es\/wp-json\/wp\/v2\/types\/post"}],"author":[{"embeddable":true,"href":"https:\/\/nodusbarbera.cat\/es\/wp-json\/wp\/v2\/users\/2"}],"replies":[{"embeddable":true,"href":"https:\/\/nodusbarbera.cat\/es\/wp-json\/wp\/v2\/comments?post=5413"}],"version-history":[{"count":4,"href":"https:\/\/nodusbarbera.cat\/es\/wp-json\/wp\/v2\/posts\/5413\/revisions"}],"predecessor-version":[{"id":5420,"href":"https:\/\/nodusbarbera.cat\/es\/wp-json\/wp\/v2\/posts\/5413\/revisions\/5420"}],"wp:featuredmedia":[{"embeddable":true,"href":"https:\/\/nodusbarbera.cat\/es\/wp-json\/wp\/v2\/media\/5412"}],"wp:attachment":[{"href":"https:\/\/nodusbarbera.cat\/es\/wp-json\/wp\/v2\/media?parent=5413"}],"wp:term":[{"taxonomy":"category","embeddable":true,"href":"https:\/\/nodusbarbera.cat\/es\/wp-json\/wp\/v2\/categories?post=5413"},{"taxonomy":"post_tag","embeddable":true,"href":"https:\/\/nodusbarbera.cat\/es\/wp-json\/wp\/v2\/tags?post=5413"}],"curies":[{"name":"wp","href":"https:\/\/api.w.org\/{rel}","templated":true}]}}