{"id":5523,"date":"2020-06-12T08:53:53","date_gmt":"2020-06-12T06:53:53","guid":{"rendered":"https:\/\/nodusbarbera.cat\/barometre-empresarial-bdv-juny-2020\/"},"modified":"2020-06-12T09:05:58","modified_gmt":"2020-06-12T07:05:58","slug":"barometro-empresarial-bdv-junio-2020","status":"publish","type":"post","link":"https:\/\/nodusbarbera.cat\/es\/barometro-empresarial-bdv-junio-2020\/","title":{"rendered":"El Bar\u00f3metro empresarial BdV &#8211; Junio \u200b\u200b2020"},"content":{"rendered":"\n<p>El Ayuntamiento de Barber\u00e0 del Vall\u00e8s, y concretamente, el \u00c1rea de Promoci\u00f3n Econ\u00f3mica, Comercio y Empleo ha puesto en marcha el Bar\u00f3metro empresarial BdV en su edici\u00f3n de junio de 2020.<\/p>\n\n\n\n<!--more-->\n\n\n\n<p>Esta herramienta est\u00e1 destinada a analizar las necesidades, perspectivas y la situaci\u00f3n en general de las empresas de Barber\u00e0 del Vall\u00e8s. Se han seleccionado 50, tanto de servicios como del sector industrial, de las que el Bar\u00f3metro se encargar\u00e1 de analizar qu\u00e9 impacto han tenido las medidas asociadas a la pandemia en los negocios.<\/p>\n\n\n\n<p>A parte de este panel de negocios seleccionados, esta herramienta est\u00e1 abierta para que cualquier empresa de Barber\u00e0 del Vall\u00e8s pueda hacer llegar propuestas tanto de colaboraci\u00f3n p\u00fablico-privada como para medidas de apoyo. Basta que accedan al <a href=\"https:\/\/docs.google.com\/forms\/d\/e\/1FAIpQLScOi2Krm_uldf3GSDvFqo6HUWpqjopqiTCAexQ7h8mdeoZ4Pg\/viewform\" target=\"_blank\" rel=\"noreferrer noopener\">Bar\u00f3metro empresarial BdV,<\/a> el plazo estar\u00e1 abierto hasta el 23 de junio de 2020.<\/p>\n","protected":false},"excerpt":{"rendered":"<p>El Ayuntamiento de Barber\u00e0 del Vall\u00e8s, y concretamente, el \u00c1rea de Promoci\u00f3n Econ\u00f3mica, Comercio y Empleo ha puesto en marcha el Bar\u00f3metro empresarial BdV en su edici\u00f3n de junio de 2020.<\/p>\n","protected":false},"author":2,"featured_media":3203,"comment_status":"closed","ping_status":"closed","sticky":false,"template":"","format":"standard","meta":{"footnotes":""},"categories":[9],"tags":[],"class_list":["post-5523","post","type-post","status-publish","format-standard","has-post-thumbnail","hentry","category-noticias"],"yoast_head":"<!-- This site is optimized with the Yoast SEO plugin v27.5 - https:\/\/yoast.com\/product\/yoast-seo-wordpress\/ -->\n<title>El Bar\u00f3metro empresarial BdV Junio \u200b\u200b2020 - Nodus Barber\u00e0<\/title>\n<meta name=\"description\" content=\"El Ayuntamiento de Barber\u00e1 del Vall\u00e9s, ha puesto en marcha el Bar\u00f3metro empresarial BdV junio de 2020, para analizar qu\u00e9 impacto han tenido las medidas asociadas a la pandemia en los negocios.\" \/>\n<meta name=\"robots\" content=\"index, follow, max-snippet:-1, max-image-preview:large, max-video-preview:-1\" \/>\n<link rel=\"canonical\" href=\"https:\/\/nodusbarbera.cat\/es\/barometro-empresarial-bdv-junio-2020\/\" \/>\n<meta property=\"og:locale\" content=\"es_ES\" \/>\n<meta property=\"og:type\" content=\"article\" \/>\n<meta property=\"og:title\" content=\"El Bar\u00f3metro empresarial BdV Junio \u200b\u200b2020 - Nodus Barber\u00e0\" \/>\n<meta property=\"og:description\" content=\"El Ayuntamiento de Barber\u00e1 del Vall\u00e9s, ha puesto en marcha el Bar\u00f3metro empresarial BdV junio de 2020, para analizar qu\u00e9 impacto han tenido las medidas asociadas a la pandemia en los negocios.\" \/>\n<meta property=\"og:url\" content=\"https:\/\/nodusbarbera.cat\/es\/barometro-empresarial-bdv-junio-2020\/\" \/>\n<meta property=\"og:site_name\" content=\"Nodus Barber\u00e0\" \/>\n<meta property=\"article:publisher\" content=\"https:\/\/www.facebook.com\/nodusbarbera\" \/>\n<meta property=\"article:published_time\" content=\"2020-06-12T06:53:53+00:00\" \/>\n<meta property=\"article:modified_time\" content=\"2020-06-12T07:05:58+00:00\" \/>\n<meta property=\"og:image\" content=\"https:\/\/i1.wp.com\/nodusbarbera.cat\/wp-content\/uploads\/poligons-industrials-de-barbera.jpg?fit=1100%2C690&ssl=1\" \/>\n\t<meta property=\"og:image:width\" content=\"1100\" \/>\n\t<meta property=\"og:image:height\" content=\"690\" \/>\n\t<meta property=\"og:image:type\" content=\"image\/jpeg\" \/>\n<meta name=\"author\" content=\"webmaster\" \/>\n<meta name=\"twitter:card\" content=\"summary_large_image\" \/>\n<meta name=\"twitter:creator\" content=\"@nodusbarbera\" \/>\n<meta name=\"twitter:site\" content=\"@nodusbarbera\" \/>\n<meta name=\"twitter:label1\" content=\"Escrito por\" \/>\n\t<meta name=\"twitter:data1\" content=\"webmaster\" \/>\n\t<meta name=\"twitter:label2\" content=\"Tiempo de lectura\" \/>\n\t<meta name=\"twitter:data2\" content=\"1 minuto\" \/>\n<script type=\"application\/ld+json\" class=\"yoast-schema-graph\">{\"@context\":\"https:\\\/\\\/schema.org\",\"@graph\":[{\"@type\":\"Article\",\"@id\":\"https:\\\/\\\/nodusbarbera.cat\\\/es\\\/barometro-empresarial-bdv-junio-2020\\\/#article\",\"isPartOf\":{\"@id\":\"https:\\\/\\\/nodusbarbera.cat\\\/es\\\/barometro-empresarial-bdv-junio-2020\\\/\"},\"author\":{\"name\":\"webmaster\",\"@id\":\"https:\\\/\\\/nodusbarbera.cat\\\/#\\\/schema\\\/person\\\/f3356bf21f659e7e41d958bbb784cfe4\"},\"headline\":\"El Bar\u00f3metro empresarial BdV &#8211; Junio \u200b\u200b2020\",\"datePublished\":\"2020-06-12T06:53:53+00:00\",\"dateModified\":\"2020-06-12T07:05:58+00:00\",\"mainEntityOfPage\":{\"@id\":\"https:\\\/\\\/nodusbarbera.cat\\\/es\\\/barometro-empresarial-bdv-junio-2020\\\/\"},\"wordCount\":151,\"publisher\":{\"@id\":\"https:\\\/\\\/nodusbarbera.cat\\\/#organization\"},\"image\":{\"@id\":\"https:\\\/\\\/nodusbarbera.cat\\\/es\\\/barometro-empresarial-bdv-junio-2020\\\/#primaryimage\"},\"thumbnailUrl\":\"https:\\\/\\\/nodusbarbera.cat\\\/wp-content\\\/uploads\\\/poligons-industrials-de-barbera.jpg\",\"articleSection\":[\"Noticias\"],\"inLanguage\":\"es\"},{\"@type\":\"WebPage\",\"@id\":\"https:\\\/\\\/nodusbarbera.cat\\\/es\\\/barometro-empresarial-bdv-junio-2020\\\/\",\"url\":\"https:\\\/\\\/nodusbarbera.cat\\\/es\\\/barometro-empresarial-bdv-junio-2020\\\/\",\"name\":\"El Bar\u00f3metro empresarial BdV Junio \u200b\u200b2020 - Nodus Barber\u00e0\",\"isPartOf\":{\"@id\":\"https:\\\/\\\/nodusbarbera.cat\\\/#website\"},\"primaryImageOfPage\":{\"@id\":\"https:\\\/\\\/nodusbarbera.cat\\\/es\\\/barometro-empresarial-bdv-junio-2020\\\/#primaryimage\"},\"image\":{\"@id\":\"https:\\\/\\\/nodusbarbera.cat\\\/es\\\/barometro-empresarial-bdv-junio-2020\\\/#primaryimage\"},\"thumbnailUrl\":\"https:\\\/\\\/nodusbarbera.cat\\\/wp-content\\\/uploads\\\/poligons-industrials-de-barbera.jpg\",\"datePublished\":\"2020-06-12T06:53:53+00:00\",\"dateModified\":\"2020-06-12T07:05:58+00:00\",\"description\":\"El Ayuntamiento de Barber\u00e1 del Vall\u00e9s, ha puesto en marcha el Bar\u00f3metro empresarial BdV junio de 2020, para analizar qu\u00e9 impacto han tenido las medidas asociadas a la pandemia en los negocios.\",\"breadcrumb\":{\"@id\":\"https:\\\/\\\/nodusbarbera.cat\\\/es\\\/barometro-empresarial-bdv-junio-2020\\\/#breadcrumb\"},\"inLanguage\":\"es\",\"potentialAction\":[{\"@type\":\"ReadAction\",\"target\":[\"https:\\\/\\\/nodusbarbera.cat\\\/es\\\/barometro-empresarial-bdv-junio-2020\\\/\"]}]},{\"@type\":\"ImageObject\",\"inLanguage\":\"es\",\"@id\":\"https:\\\/\\\/nodusbarbera.cat\\\/es\\\/barometro-empresarial-bdv-junio-2020\\\/#primaryimage\",\"url\":\"https:\\\/\\\/nodusbarbera.cat\\\/wp-content\\\/uploads\\\/poligons-industrials-de-barbera.jpg\",\"contentUrl\":\"https:\\\/\\\/nodusbarbera.cat\\\/wp-content\\\/uploads\\\/poligons-industrials-de-barbera.jpg\",\"width\":1100,\"height\":690,\"caption\":\"pol\u00edgonos-industriales-de-barbera\"},{\"@type\":\"BreadcrumbList\",\"@id\":\"https:\\\/\\\/nodusbarbera.cat\\\/es\\\/barometro-empresarial-bdv-junio-2020\\\/#breadcrumb\",\"itemListElement\":[{\"@type\":\"ListItem\",\"position\":1,\"name\":\"Inici\",\"item\":\"https:\\\/\\\/nodusbarbera.cat\\\/\"},{\"@type\":\"ListItem\",\"position\":2,\"name\":\"El Bar\u00f3metro empresarial BdV &#8211; Junio \u200b\u200b2020\"}]},{\"@type\":\"WebSite\",\"@id\":\"https:\\\/\\\/nodusbarbera.cat\\\/#website\",\"url\":\"https:\\\/\\\/nodusbarbera.cat\\\/\",\"name\":\"Nodus Barber\u00e0\",\"description\":\"Lloguer d&#039;oficines i despatxos a Barber\u00e0 del Vall\u00e8s, Barcelona.\",\"publisher\":{\"@id\":\"https:\\\/\\\/nodusbarbera.cat\\\/#organization\"},\"potentialAction\":[{\"@type\":\"SearchAction\",\"target\":{\"@type\":\"EntryPoint\",\"urlTemplate\":\"https:\\\/\\\/nodusbarbera.cat\\\/?s={search_term_string}\"},\"query-input\":{\"@type\":\"PropertyValueSpecification\",\"valueRequired\":true,\"valueName\":\"search_term_string\"}}],\"inLanguage\":\"es\"},{\"@type\":\"Organization\",\"@id\":\"https:\\\/\\\/nodusbarbera.cat\\\/#organization\",\"name\":\"Nodus Barber\u00e0\",\"url\":\"https:\\\/\\\/nodusbarbera.cat\\\/\",\"logo\":{\"@type\":\"ImageObject\",\"inLanguage\":\"es\",\"@id\":\"https:\\\/\\\/nodusbarbera.cat\\\/#\\\/schema\\\/logo\\\/image\\\/\",\"url\":\"https:\\\/\\\/i0.wp.com\\\/nodusbarbera.cat\\\/wp-content\\\/uploads\\\/logo-footer-250.png?fit=250%2C231&ssl=1\",\"contentUrl\":\"https:\\\/\\\/i0.wp.com\\\/nodusbarbera.cat\\\/wp-content\\\/uploads\\\/logo-footer-250.png?fit=250%2C231&ssl=1\",\"width\":250,\"height\":231,\"caption\":\"Nodus Barber\u00e0\"},\"image\":{\"@id\":\"https:\\\/\\\/nodusbarbera.cat\\\/#\\\/schema\\\/logo\\\/image\\\/\"},\"sameAs\":[\"https:\\\/\\\/www.facebook.com\\\/nodusbarbera\",\"https:\\\/\\\/x.com\\\/nodusbarbera\",\"https:\\\/\\\/www.instagram.com\\\/nodusbarbera\\\/\",\"https:\\\/\\\/www.linkedin.com\\\/company\\\/nodus-barbera\\\/\",\"https:\\\/\\\/www.youtube.com\\\/channel\\\/UCLJYdjFDfFQP1aGYuzUFd6A\"]},{\"@type\":\"Person\",\"@id\":\"https:\\\/\\\/nodusbarbera.cat\\\/#\\\/schema\\\/person\\\/f3356bf21f659e7e41d958bbb784cfe4\",\"name\":\"webmaster\",\"image\":{\"@type\":\"ImageObject\",\"inLanguage\":\"es\",\"@id\":\"https:\\\/\\\/secure.gravatar.com\\\/avatar\\\/73641b46ed44db8f663f428fc279f909e9f48696e06a190b1e330f4634071610?s=96&d=mm&r=g\",\"url\":\"https:\\\/\\\/secure.gravatar.com\\\/avatar\\\/73641b46ed44db8f663f428fc279f909e9f48696e06a190b1e330f4634071610?s=96&d=mm&r=g\",\"contentUrl\":\"https:\\\/\\\/secure.gravatar.com\\\/avatar\\\/73641b46ed44db8f663f428fc279f909e9f48696e06a190b1e330f4634071610?s=96&d=mm&r=g\",\"caption\":\"webmaster\"}}]}<\/script>\n<!-- \/ Yoast SEO plugin. -->","yoast_head_json":{"title":"El Bar\u00f3metro empresarial BdV Junio \u200b\u200b2020 - Nodus Barber\u00e0","description":"El Ayuntamiento de Barber\u00e1 del Vall\u00e9s, ha puesto en marcha el Bar\u00f3metro empresarial BdV junio de 2020, para analizar qu\u00e9 impacto han tenido las medidas asociadas a la pandemia en los negocios.","robots":{"index":"index","follow":"follow","max-snippet":"max-snippet:-1","max-image-preview":"max-image-preview:large","max-video-preview":"max-video-preview:-1"},"canonical":"https:\/\/nodusbarbera.cat\/es\/barometro-empresarial-bdv-junio-2020\/","og_locale":"es_ES","og_type":"article","og_title":"El Bar\u00f3metro empresarial BdV Junio \u200b\u200b2020 - Nodus Barber\u00e0","og_description":"El Ayuntamiento de Barber\u00e1 del Vall\u00e9s, ha puesto en marcha el Bar\u00f3metro empresarial BdV junio de 2020, para analizar qu\u00e9 impacto han tenido las medidas asociadas a la pandemia en los negocios.","og_url":"https:\/\/nodusbarbera.cat\/es\/barometro-empresarial-bdv-junio-2020\/","og_site_name":"Nodus Barber\u00e0","article_publisher":"https:\/\/www.facebook.com\/nodusbarbera","article_published_time":"2020-06-12T06:53:53+00:00","article_modified_time":"2020-06-12T07:05:58+00:00","og_image":[{"width":1100,"height":690,"url":"https:\/\/i1.wp.com\/nodusbarbera.cat\/wp-content\/uploads\/poligons-industrials-de-barbera.jpg?fit=1100%2C690&ssl=1","type":"image\/jpeg"}],"author":"webmaster","twitter_card":"summary_large_image","twitter_creator":"@nodusbarbera","twitter_site":"@nodusbarbera","twitter_misc":{"Escrito por":"webmaster","Tiempo de lectura":"1 minuto"},"schema":{"@context":"https:\/\/schema.org","@graph":[{"@type":"Article","@id":"https:\/\/nodusbarbera.cat\/es\/barometro-empresarial-bdv-junio-2020\/#article","isPartOf":{"@id":"https:\/\/nodusbarbera.cat\/es\/barometro-empresarial-bdv-junio-2020\/"},"author":{"name":"webmaster","@id":"https:\/\/nodusbarbera.cat\/#\/schema\/person\/f3356bf21f659e7e41d958bbb784cfe4"},"headline":"El Bar\u00f3metro empresarial BdV &#8211; Junio \u200b\u200b2020","datePublished":"2020-06-12T06:53:53+00:00","dateModified":"2020-06-12T07:05:58+00:00","mainEntityOfPage":{"@id":"https:\/\/nodusbarbera.cat\/es\/barometro-empresarial-bdv-junio-2020\/"},"wordCount":151,"publisher":{"@id":"https:\/\/nodusbarbera.cat\/#organization"},"image":{"@id":"https:\/\/nodusbarbera.cat\/es\/barometro-empresarial-bdv-junio-2020\/#primaryimage"},"thumbnailUrl":"https:\/\/nodusbarbera.cat\/wp-content\/uploads\/poligons-industrials-de-barbera.jpg","articleSection":["Noticias"],"inLanguage":"es"},{"@type":"WebPage","@id":"https:\/\/nodusbarbera.cat\/es\/barometro-empresarial-bdv-junio-2020\/","url":"https:\/\/nodusbarbera.cat\/es\/barometro-empresarial-bdv-junio-2020\/","name":"El Bar\u00f3metro empresarial BdV Junio \u200b\u200b2020 - Nodus Barber\u00e0","isPartOf":{"@id":"https:\/\/nodusbarbera.cat\/#website"},"primaryImageOfPage":{"@id":"https:\/\/nodusbarbera.cat\/es\/barometro-empresarial-bdv-junio-2020\/#primaryimage"},"image":{"@id":"https:\/\/nodusbarbera.cat\/es\/barometro-empresarial-bdv-junio-2020\/#primaryimage"},"thumbnailUrl":"https:\/\/nodusbarbera.cat\/wp-content\/uploads\/poligons-industrials-de-barbera.jpg","datePublished":"2020-06-12T06:53:53+00:00","dateModified":"2020-06-12T07:05:58+00:00","description":"El Ayuntamiento de Barber\u00e1 del Vall\u00e9s, ha puesto en marcha el Bar\u00f3metro empresarial BdV junio de 2020, para analizar qu\u00e9 impacto han tenido las medidas asociadas a la pandemia en los negocios.","breadcrumb":{"@id":"https:\/\/nodusbarbera.cat\/es\/barometro-empresarial-bdv-junio-2020\/#breadcrumb"},"inLanguage":"es","potentialAction":[{"@type":"ReadAction","target":["https:\/\/nodusbarbera.cat\/es\/barometro-empresarial-bdv-junio-2020\/"]}]},{"@type":"ImageObject","inLanguage":"es","@id":"https:\/\/nodusbarbera.cat\/es\/barometro-empresarial-bdv-junio-2020\/#primaryimage","url":"https:\/\/nodusbarbera.cat\/wp-content\/uploads\/poligons-industrials-de-barbera.jpg","contentUrl":"https:\/\/nodusbarbera.cat\/wp-content\/uploads\/poligons-industrials-de-barbera.jpg","width":1100,"height":690,"caption":"pol\u00edgonos-industriales-de-barbera"},{"@type":"BreadcrumbList","@id":"https:\/\/nodusbarbera.cat\/es\/barometro-empresarial-bdv-junio-2020\/#breadcrumb","itemListElement":[{"@type":"ListItem","position":1,"name":"Inici","item":"https:\/\/nodusbarbera.cat\/"},{"@type":"ListItem","position":2,"name":"El Bar\u00f3metro empresarial BdV &#8211; Junio \u200b\u200b2020"}]},{"@type":"WebSite","@id":"https:\/\/nodusbarbera.cat\/#website","url":"https:\/\/nodusbarbera.cat\/","name":"Nodus Barber\u00e0","description":"Lloguer d&#039;oficines i despatxos a Barber\u00e0 del Vall\u00e8s, Barcelona.","publisher":{"@id":"https:\/\/nodusbarbera.cat\/#organization"},"potentialAction":[{"@type":"SearchAction","target":{"@type":"EntryPoint","urlTemplate":"https:\/\/nodusbarbera.cat\/?s={search_term_string}"},"query-input":{"@type":"PropertyValueSpecification","valueRequired":true,"valueName":"search_term_string"}}],"inLanguage":"es"},{"@type":"Organization","@id":"https:\/\/nodusbarbera.cat\/#organization","name":"Nodus Barber\u00e0","url":"https:\/\/nodusbarbera.cat\/","logo":{"@type":"ImageObject","inLanguage":"es","@id":"https:\/\/nodusbarbera.cat\/#\/schema\/logo\/image\/","url":"https:\/\/i0.wp.com\/nodusbarbera.cat\/wp-content\/uploads\/logo-footer-250.png?fit=250%2C231&ssl=1","contentUrl":"https:\/\/i0.wp.com\/nodusbarbera.cat\/wp-content\/uploads\/logo-footer-250.png?fit=250%2C231&ssl=1","width":250,"height":231,"caption":"Nodus Barber\u00e0"},"image":{"@id":"https:\/\/nodusbarbera.cat\/#\/schema\/logo\/image\/"},"sameAs":["https:\/\/www.facebook.com\/nodusbarbera","https:\/\/x.com\/nodusbarbera","https:\/\/www.instagram.com\/nodusbarbera\/","https:\/\/www.linkedin.com\/company\/nodus-barbera\/","https:\/\/www.youtube.com\/channel\/UCLJYdjFDfFQP1aGYuzUFd6A"]},{"@type":"Person","@id":"https:\/\/nodusbarbera.cat\/#\/schema\/person\/f3356bf21f659e7e41d958bbb784cfe4","name":"webmaster","image":{"@type":"ImageObject","inLanguage":"es","@id":"https:\/\/secure.gravatar.com\/avatar\/73641b46ed44db8f663f428fc279f909e9f48696e06a190b1e330f4634071610?s=96&d=mm&r=g","url":"https:\/\/secure.gravatar.com\/avatar\/73641b46ed44db8f663f428fc279f909e9f48696e06a190b1e330f4634071610?s=96&d=mm&r=g","contentUrl":"https:\/\/secure.gravatar.com\/avatar\/73641b46ed44db8f663f428fc279f909e9f48696e06a190b1e330f4634071610?s=96&d=mm&r=g","caption":"webmaster"}}]}},"_links":{"self":[{"href":"https:\/\/nodusbarbera.cat\/es\/wp-json\/wp\/v2\/posts\/5523","targetHints":{"allow":["GET"]}}],"collection":[{"href":"https:\/\/nodusbarbera.cat\/es\/wp-json\/wp\/v2\/posts"}],"about":[{"href":"https:\/\/nodusbarbera.cat\/es\/wp-json\/wp\/v2\/types\/post"}],"author":[{"embeddable":true,"href":"https:\/\/nodusbarbera.cat\/es\/wp-json\/wp\/v2\/users\/2"}],"replies":[{"embeddable":true,"href":"https:\/\/nodusbarbera.cat\/es\/wp-json\/wp\/v2\/comments?post=5523"}],"version-history":[{"count":2,"href":"https:\/\/nodusbarbera.cat\/es\/wp-json\/wp\/v2\/posts\/5523\/revisions"}],"predecessor-version":[{"id":5526,"href":"https:\/\/nodusbarbera.cat\/es\/wp-json\/wp\/v2\/posts\/5523\/revisions\/5526"}],"wp:featuredmedia":[{"embeddable":true,"href":"https:\/\/nodusbarbera.cat\/es\/wp-json\/wp\/v2\/media\/3203"}],"wp:attachment":[{"href":"https:\/\/nodusbarbera.cat\/es\/wp-json\/wp\/v2\/media?parent=5523"}],"wp:term":[{"taxonomy":"category","embeddable":true,"href":"https:\/\/nodusbarbera.cat\/es\/wp-json\/wp\/v2\/categories?post=5523"},{"taxonomy":"post_tag","embeddable":true,"href":"https:\/\/nodusbarbera.cat\/es\/wp-json\/wp\/v2\/tags?post=5523"}],"curies":[{"name":"wp","href":"https:\/\/api.w.org\/{rel}","templated":true}]}}