{"id":5656,"date":"2020-10-09T10:30:16","date_gmt":"2020-10-09T08:30:16","guid":{"rendered":"https:\/\/nodusbarbera.cat\/subvencio-establiments-comercials-i-serveis-afectats-per-covid19\/"},"modified":"2020-10-09T10:59:50","modified_gmt":"2020-10-09T08:59:50","slug":"subvencion-establecimientos-comerciales-y-servicios-afectados-por-covid19","status":"publish","type":"post","link":"https:\/\/nodusbarbera.cat\/es\/subvencion-establecimientos-comerciales-y-servicios-afectados-por-covid19\/","title":{"rendered":"Nueva subvenci\u00f3n para establecimientos comerciales y de servicios afectados por la crisis generada por la Covid19"},"content":{"rendered":"\n<p>Esta grave crisis sanitaria y econ\u00f3mica que ha provocado la pandemia generada por la Covidien-19 ha afectado al tejido comercial de Barber\u00e0 del Vall\u00e8s. El Ayuntamiento, conocedor de todas estas afectaciones y de la dif\u00edcil situaci\u00f3n por muchos negocios, est\u00e1 trabajando para minimizar las consecuencias econ\u00f3micas.<\/p>\n\n\n\n<!--more-->\n\n\n\n<p>Con este fin, el <a href=\"http:\/\/www.bdv.cat\/noticies\/pacte-local-1-milio-deuros-donar-suport-lactivitat-economica-local-i-que-no-tanqui-cap\" target=\"_blank\" rel=\"noreferrer noopener\">Pacto Local por la Reconstrucci\u00f3n y Recuperaci\u00f3n Social y Econ\u00f3mica de Barber\u00e1 del Vall\u00e9s<\/a> contempla la creaci\u00f3n de una l\u00ednea de subvenciones de 500.000 \u20ac. Esta l\u00ednea est\u00e1 destinada a hacer frente a los costes e inversiones realizados a consecuencia de la Covidien-19, con una dotaci\u00f3n m\u00e1xima de 500 \u20ac por establecimiento.<\/p>\n\n\n\n<p>En la <a href=\"http:\/\/www.bdv.cat\/sites\/default\/files\/common\/Secretaria\/14_acta_jgl_23.09.2020_signada.pdf\" target=\"_blank\" rel=\"noreferrer noopener\">Junta de Gobierno Local n\u00fam. 14, celebrada el pasado 23 de septiembre de 2020<\/a>, se aprob\u00f3 la convocatoria de estas ayudas para la concesi\u00f3n de subvenciones en r\u00e9gimen de concurrencia no competitiva a establecimientos comerciales y de servicios. Esto les permitir\u00e1 reanudar sus actividades comerciales, con motivo de la situaci\u00f3n generada por la Covidien-19.<\/p>\n\n\n\n<p>Estas ayudas est\u00e1n destinadas a <strong>establecimientos de comercio al por menor y de otros servicios de proximidad de Barber\u00e1 del Vall\u00e9s<\/strong>, que hayan visto afectada su actividad habitual con motivo de la crisis sanitaria provocada por la pandemia. Otros requerimientos que deben cumplir los establecimientos que quieran solicitar la subvenci\u00f3n:<\/p>\n\n\n\n<ul class=\"wp-block-list\"><li>No superar los 400m2.<\/li><li>Su facturaci\u00f3n durante el periodo objeto de subvenci\u00f3n, no debe superar el 75% del mismo periodo del a\u00f1o 2019.<\/li><\/ul>\n\n\n\n<p><strong>El plazo de presentaci\u00f3n de solicitudes es hasta el 11 de noviembre de 2020.<\/strong> Amplia la informaci\u00f3n sobre esta <a rel=\"noreferrer noopener\" href=\"https:\/\/oae.bdv.cat\/tramit\/ajuts-i-subvencions-al-comerc-i-serveis\/\" target=\"_blank\">subvenci\u00f3n paa el comercio y servicios<\/a>.<\/p>\n\n\n\n<h2 class=\"wp-block-heading\">Documentaci\u00f3n <\/h2>\n\n\n\n<ol class=\"wp-block-list\"><li>Esta informaci\u00f3n y la documentaci\u00f3n a presentar para cada l\u00ednea de ayuda, se pueden consultar en el siguiente\u00a0<a rel=\"noreferrer noopener\" href=\"http:\/\/oae.bdv.cat\/wp-content\/uploads\/pdf\/convocatoria_concessio_subvencions_a_establiments_comercials_i_de_serveis_covid19.pdf\" target=\"_blank\">enlace<\/a>.<\/li><li><a rel=\"noreferrer noopener\" href=\"https:\/\/oae.bdv.cat\/wp-content\/uploads\/pdf\/triptic-subvencions-comerc-barbera-del-valles.pdf\" target=\"_blank\">Tr\u00edptico con tota la informaci\u00f3n<\/a>.<\/li><li><a rel=\"noreferrer noopener\" href=\"https:\/\/oae.bdv.cat\/wp-content\/uploads\/pdf\/C20_ANNEX%201_Instancia-sol%C2%B7licitud-ajuts.pdf\" target=\"_blank\">Instancia de solicitud de ayuda<\/a>.<\/li><li><a rel=\"noreferrer noopener\" href=\"https:\/\/oae.bdv.cat\/wp-content\/uploads\/pdf\/C20_ANNEX%202-Declaracio-responsable.pdf\" target=\"_blank\">Declaraci\u00f3n responsable<\/a>.<\/li><li><a rel=\"noreferrer noopener\" href=\"https:\/\/oae.bdv.cat\/wp-content\/uploads\/pdf\/C20_ANNEX%203_Dades-bancaries.pdf\" target=\"_blank\">Datos bancarios<\/a>.<\/li><\/ol>\n\n\n\n<p><\/p>\n","protected":false},"excerpt":{"rendered":"<p>Esta grave crisis sanitaria y econ\u00f3mica que ha provocado la pandemia generada por la Covidien-19 ha afectado al tejido comercial de Barber\u00e0 del Vall\u00e8s. El Ayuntamiento, conocedor de todas estas afectaciones y de la dif\u00edcil situaci\u00f3n por muchos negocios, est\u00e1 trabajando para minimizar las consecuencias econ\u00f3micas.<\/p>\n","protected":false},"author":2,"featured_media":5652,"comment_status":"closed","ping_status":"closed","sticky":false,"template":"","format":"standard","meta":{"footnotes":""},"categories":[24,9],"tags":[],"class_list":["post-5656","post","type-post","status-publish","format-standard","has-post-thumbnail","hentry","category-covid-19-es","category-noticias"],"yoast_head":"<!-- This site is optimized with the Yoast SEO plugin v27.5 - https:\/\/yoast.com\/product\/yoast-seo-wordpress\/ -->\n<title>Subvenci\u00f3 per establiments afectats per la Covid19 - Nodus Barber\u00e0<\/title>\n<meta name=\"description\" content=\"Nova l\u00ednia de subvencions creada per l&#039;Ajuntament de Barber\u00e0 del Vall\u00e8s per establiments afectats per la crisi provocada per la pand\u00e8mia.\" \/>\n<meta name=\"robots\" content=\"index, follow, max-snippet:-1, max-image-preview:large, max-video-preview:-1\" \/>\n<link rel=\"canonical\" href=\"https:\/\/nodusbarbera.cat\/es\/subvencion-establecimientos-comerciales-y-servicios-afectados-por-covid19\/\" \/>\n<meta property=\"og:locale\" content=\"es_ES\" \/>\n<meta property=\"og:type\" content=\"article\" \/>\n<meta property=\"og:title\" content=\"Subvenci\u00f3 per establiments afectats per la Covid19 - Nodus Barber\u00e0\" \/>\n<meta property=\"og:description\" content=\"Nova l\u00ednia de subvencions creada per l&#039;Ajuntament de Barber\u00e0 del Vall\u00e8s per establiments afectats per la crisi provocada per la pand\u00e8mia.\" \/>\n<meta property=\"og:url\" content=\"https:\/\/nodusbarbera.cat\/es\/subvencion-establecimientos-comerciales-y-servicios-afectados-por-covid19\/\" \/>\n<meta property=\"og:site_name\" content=\"Nodus Barber\u00e0\" \/>\n<meta property=\"article:publisher\" content=\"https:\/\/www.facebook.com\/nodusbarbera\" \/>\n<meta property=\"article:published_time\" content=\"2020-10-09T08:30:16+00:00\" \/>\n<meta property=\"article:modified_time\" content=\"2020-10-09T08:59:50+00:00\" \/>\n<meta property=\"og:image\" content=\"https:\/\/i2.wp.com\/nodusbarbera.cat\/wp-content\/uploads\/suvencions-covid19-comercial.jpg?fit=800%2C533&ssl=1\" \/>\n\t<meta property=\"og:image:width\" content=\"800\" \/>\n\t<meta property=\"og:image:height\" content=\"533\" \/>\n\t<meta property=\"og:image:type\" content=\"image\/jpeg\" \/>\n<meta name=\"author\" content=\"webmaster\" \/>\n<meta name=\"twitter:card\" content=\"summary_large_image\" \/>\n<meta name=\"twitter:creator\" content=\"@nodusbarbera\" \/>\n<meta name=\"twitter:site\" content=\"@nodusbarbera\" \/>\n<meta name=\"twitter:label1\" content=\"Escrito por\" \/>\n\t<meta name=\"twitter:data1\" content=\"webmaster\" \/>\n\t<meta name=\"twitter:label2\" content=\"Tiempo de lectura\" \/>\n\t<meta name=\"twitter:data2\" content=\"2 minutos\" \/>\n<script type=\"application\/ld+json\" class=\"yoast-schema-graph\">{\"@context\":\"https:\\\/\\\/schema.org\",\"@graph\":[{\"@type\":\"Article\",\"@id\":\"https:\\\/\\\/nodusbarbera.cat\\\/es\\\/subvencion-establecimientos-comerciales-y-servicios-afectados-por-covid19\\\/#article\",\"isPartOf\":{\"@id\":\"https:\\\/\\\/nodusbarbera.cat\\\/es\\\/subvencion-establecimientos-comerciales-y-servicios-afectados-por-covid19\\\/\"},\"author\":{\"name\":\"webmaster\",\"@id\":\"https:\\\/\\\/nodusbarbera.cat\\\/#\\\/schema\\\/person\\\/f3356bf21f659e7e41d958bbb784cfe4\"},\"headline\":\"Nueva subvenci\u00f3n para establecimientos comerciales y de servicios afectados por la crisis generada por la Covid19\",\"datePublished\":\"2020-10-09T08:30:16+00:00\",\"dateModified\":\"2020-10-09T08:59:50+00:00\",\"mainEntityOfPage\":{\"@id\":\"https:\\\/\\\/nodusbarbera.cat\\\/es\\\/subvencion-establecimientos-comerciales-y-servicios-afectados-por-covid19\\\/\"},\"wordCount\":330,\"publisher\":{\"@id\":\"https:\\\/\\\/nodusbarbera.cat\\\/#organization\"},\"image\":{\"@id\":\"https:\\\/\\\/nodusbarbera.cat\\\/es\\\/subvencion-establecimientos-comerciales-y-servicios-afectados-por-covid19\\\/#primaryimage\"},\"thumbnailUrl\":\"https:\\\/\\\/nodusbarbera.cat\\\/wp-content\\\/uploads\\\/suvencions-covid19-comercial.jpg\",\"articleSection\":[\"Covid-19\",\"Noticias\"],\"inLanguage\":\"es\"},{\"@type\":\"WebPage\",\"@id\":\"https:\\\/\\\/nodusbarbera.cat\\\/es\\\/subvencion-establecimientos-comerciales-y-servicios-afectados-por-covid19\\\/\",\"url\":\"https:\\\/\\\/nodusbarbera.cat\\\/es\\\/subvencion-establecimientos-comerciales-y-servicios-afectados-por-covid19\\\/\",\"name\":\"Subvenci\u00f3 per establiments afectats per la Covid19 - Nodus Barber\u00e0\",\"isPartOf\":{\"@id\":\"https:\\\/\\\/nodusbarbera.cat\\\/#website\"},\"primaryImageOfPage\":{\"@id\":\"https:\\\/\\\/nodusbarbera.cat\\\/es\\\/subvencion-establecimientos-comerciales-y-servicios-afectados-por-covid19\\\/#primaryimage\"},\"image\":{\"@id\":\"https:\\\/\\\/nodusbarbera.cat\\\/es\\\/subvencion-establecimientos-comerciales-y-servicios-afectados-por-covid19\\\/#primaryimage\"},\"thumbnailUrl\":\"https:\\\/\\\/nodusbarbera.cat\\\/wp-content\\\/uploads\\\/suvencions-covid19-comercial.jpg\",\"datePublished\":\"2020-10-09T08:30:16+00:00\",\"dateModified\":\"2020-10-09T08:59:50+00:00\",\"description\":\"Nova l\u00ednia de subvencions creada per l'Ajuntament de Barber\u00e0 del Vall\u00e8s per establiments afectats per la crisi provocada per la pand\u00e8mia.\",\"breadcrumb\":{\"@id\":\"https:\\\/\\\/nodusbarbera.cat\\\/es\\\/subvencion-establecimientos-comerciales-y-servicios-afectados-por-covid19\\\/#breadcrumb\"},\"inLanguage\":\"es\",\"potentialAction\":[{\"@type\":\"ReadAction\",\"target\":[\"https:\\\/\\\/nodusbarbera.cat\\\/es\\\/subvencion-establecimientos-comerciales-y-servicios-afectados-por-covid19\\\/\"]}]},{\"@type\":\"ImageObject\",\"inLanguage\":\"es\",\"@id\":\"https:\\\/\\\/nodusbarbera.cat\\\/es\\\/subvencion-establecimientos-comerciales-y-servicios-afectados-por-covid19\\\/#primaryimage\",\"url\":\"https:\\\/\\\/nodusbarbera.cat\\\/wp-content\\\/uploads\\\/suvencions-covid19-comercial.jpg\",\"contentUrl\":\"https:\\\/\\\/nodusbarbera.cat\\\/wp-content\\\/uploads\\\/suvencions-covid19-comercial.jpg\",\"width\":800,\"height\":533,\"caption\":\"Subvenci\u00f3 per establiments afectats per la Covid19\"},{\"@type\":\"BreadcrumbList\",\"@id\":\"https:\\\/\\\/nodusbarbera.cat\\\/es\\\/subvencion-establecimientos-comerciales-y-servicios-afectados-por-covid19\\\/#breadcrumb\",\"itemListElement\":[{\"@type\":\"ListItem\",\"position\":1,\"name\":\"Inici\",\"item\":\"https:\\\/\\\/nodusbarbera.cat\\\/\"},{\"@type\":\"ListItem\",\"position\":2,\"name\":\"Nueva subvenci\u00f3n para establecimientos comerciales y de servicios afectados por la crisis generada por la Covid19\"}]},{\"@type\":\"WebSite\",\"@id\":\"https:\\\/\\\/nodusbarbera.cat\\\/#website\",\"url\":\"https:\\\/\\\/nodusbarbera.cat\\\/\",\"name\":\"Nodus Barber\u00e0\",\"description\":\"Lloguer d&#039;oficines i despatxos a Barber\u00e0 del Vall\u00e8s, Barcelona.\",\"publisher\":{\"@id\":\"https:\\\/\\\/nodusbarbera.cat\\\/#organization\"},\"potentialAction\":[{\"@type\":\"SearchAction\",\"target\":{\"@type\":\"EntryPoint\",\"urlTemplate\":\"https:\\\/\\\/nodusbarbera.cat\\\/?s={search_term_string}\"},\"query-input\":{\"@type\":\"PropertyValueSpecification\",\"valueRequired\":true,\"valueName\":\"search_term_string\"}}],\"inLanguage\":\"es\"},{\"@type\":\"Organization\",\"@id\":\"https:\\\/\\\/nodusbarbera.cat\\\/#organization\",\"name\":\"Nodus Barber\u00e0\",\"url\":\"https:\\\/\\\/nodusbarbera.cat\\\/\",\"logo\":{\"@type\":\"ImageObject\",\"inLanguage\":\"es\",\"@id\":\"https:\\\/\\\/nodusbarbera.cat\\\/#\\\/schema\\\/logo\\\/image\\\/\",\"url\":\"https:\\\/\\\/i0.wp.com\\\/nodusbarbera.cat\\\/wp-content\\\/uploads\\\/logo-footer-250.png?fit=250%2C231&ssl=1\",\"contentUrl\":\"https:\\\/\\\/i0.wp.com\\\/nodusbarbera.cat\\\/wp-content\\\/uploads\\\/logo-footer-250.png?fit=250%2C231&ssl=1\",\"width\":250,\"height\":231,\"caption\":\"Nodus Barber\u00e0\"},\"image\":{\"@id\":\"https:\\\/\\\/nodusbarbera.cat\\\/#\\\/schema\\\/logo\\\/image\\\/\"},\"sameAs\":[\"https:\\\/\\\/www.facebook.com\\\/nodusbarbera\",\"https:\\\/\\\/x.com\\\/nodusbarbera\",\"https:\\\/\\\/www.instagram.com\\\/nodusbarbera\\\/\",\"https:\\\/\\\/www.linkedin.com\\\/company\\\/nodus-barbera\\\/\",\"https:\\\/\\\/www.youtube.com\\\/channel\\\/UCLJYdjFDfFQP1aGYuzUFd6A\"]},{\"@type\":\"Person\",\"@id\":\"https:\\\/\\\/nodusbarbera.cat\\\/#\\\/schema\\\/person\\\/f3356bf21f659e7e41d958bbb784cfe4\",\"name\":\"webmaster\",\"image\":{\"@type\":\"ImageObject\",\"inLanguage\":\"es\",\"@id\":\"https:\\\/\\\/secure.gravatar.com\\\/avatar\\\/73641b46ed44db8f663f428fc279f909e9f48696e06a190b1e330f4634071610?s=96&d=mm&r=g\",\"url\":\"https:\\\/\\\/secure.gravatar.com\\\/avatar\\\/73641b46ed44db8f663f428fc279f909e9f48696e06a190b1e330f4634071610?s=96&d=mm&r=g\",\"contentUrl\":\"https:\\\/\\\/secure.gravatar.com\\\/avatar\\\/73641b46ed44db8f663f428fc279f909e9f48696e06a190b1e330f4634071610?s=96&d=mm&r=g\",\"caption\":\"webmaster\"}}]}<\/script>\n<!-- \/ Yoast SEO plugin. -->","yoast_head_json":{"title":"Subvenci\u00f3 per establiments afectats per la Covid19 - Nodus Barber\u00e0","description":"Nova l\u00ednia de subvencions creada per l'Ajuntament de Barber\u00e0 del Vall\u00e8s per establiments afectats per la crisi provocada per la pand\u00e8mia.","robots":{"index":"index","follow":"follow","max-snippet":"max-snippet:-1","max-image-preview":"max-image-preview:large","max-video-preview":"max-video-preview:-1"},"canonical":"https:\/\/nodusbarbera.cat\/es\/subvencion-establecimientos-comerciales-y-servicios-afectados-por-covid19\/","og_locale":"es_ES","og_type":"article","og_title":"Subvenci\u00f3 per establiments afectats per la Covid19 - Nodus Barber\u00e0","og_description":"Nova l\u00ednia de subvencions creada per l'Ajuntament de Barber\u00e0 del Vall\u00e8s per establiments afectats per la crisi provocada per la pand\u00e8mia.","og_url":"https:\/\/nodusbarbera.cat\/es\/subvencion-establecimientos-comerciales-y-servicios-afectados-por-covid19\/","og_site_name":"Nodus Barber\u00e0","article_publisher":"https:\/\/www.facebook.com\/nodusbarbera","article_published_time":"2020-10-09T08:30:16+00:00","article_modified_time":"2020-10-09T08:59:50+00:00","og_image":[{"width":800,"height":533,"url":"https:\/\/i2.wp.com\/nodusbarbera.cat\/wp-content\/uploads\/suvencions-covid19-comercial.jpg?fit=800%2C533&ssl=1","type":"image\/jpeg"}],"author":"webmaster","twitter_card":"summary_large_image","twitter_creator":"@nodusbarbera","twitter_site":"@nodusbarbera","twitter_misc":{"Escrito por":"webmaster","Tiempo de lectura":"2 minutos"},"schema":{"@context":"https:\/\/schema.org","@graph":[{"@type":"Article","@id":"https:\/\/nodusbarbera.cat\/es\/subvencion-establecimientos-comerciales-y-servicios-afectados-por-covid19\/#article","isPartOf":{"@id":"https:\/\/nodusbarbera.cat\/es\/subvencion-establecimientos-comerciales-y-servicios-afectados-por-covid19\/"},"author":{"name":"webmaster","@id":"https:\/\/nodusbarbera.cat\/#\/schema\/person\/f3356bf21f659e7e41d958bbb784cfe4"},"headline":"Nueva subvenci\u00f3n para establecimientos comerciales y de servicios afectados por la crisis generada por la Covid19","datePublished":"2020-10-09T08:30:16+00:00","dateModified":"2020-10-09T08:59:50+00:00","mainEntityOfPage":{"@id":"https:\/\/nodusbarbera.cat\/es\/subvencion-establecimientos-comerciales-y-servicios-afectados-por-covid19\/"},"wordCount":330,"publisher":{"@id":"https:\/\/nodusbarbera.cat\/#organization"},"image":{"@id":"https:\/\/nodusbarbera.cat\/es\/subvencion-establecimientos-comerciales-y-servicios-afectados-por-covid19\/#primaryimage"},"thumbnailUrl":"https:\/\/nodusbarbera.cat\/wp-content\/uploads\/suvencions-covid19-comercial.jpg","articleSection":["Covid-19","Noticias"],"inLanguage":"es"},{"@type":"WebPage","@id":"https:\/\/nodusbarbera.cat\/es\/subvencion-establecimientos-comerciales-y-servicios-afectados-por-covid19\/","url":"https:\/\/nodusbarbera.cat\/es\/subvencion-establecimientos-comerciales-y-servicios-afectados-por-covid19\/","name":"Subvenci\u00f3 per establiments afectats per la Covid19 - Nodus Barber\u00e0","isPartOf":{"@id":"https:\/\/nodusbarbera.cat\/#website"},"primaryImageOfPage":{"@id":"https:\/\/nodusbarbera.cat\/es\/subvencion-establecimientos-comerciales-y-servicios-afectados-por-covid19\/#primaryimage"},"image":{"@id":"https:\/\/nodusbarbera.cat\/es\/subvencion-establecimientos-comerciales-y-servicios-afectados-por-covid19\/#primaryimage"},"thumbnailUrl":"https:\/\/nodusbarbera.cat\/wp-content\/uploads\/suvencions-covid19-comercial.jpg","datePublished":"2020-10-09T08:30:16+00:00","dateModified":"2020-10-09T08:59:50+00:00","description":"Nova l\u00ednia de subvencions creada per l'Ajuntament de Barber\u00e0 del Vall\u00e8s per establiments afectats per la crisi provocada per la pand\u00e8mia.","breadcrumb":{"@id":"https:\/\/nodusbarbera.cat\/es\/subvencion-establecimientos-comerciales-y-servicios-afectados-por-covid19\/#breadcrumb"},"inLanguage":"es","potentialAction":[{"@type":"ReadAction","target":["https:\/\/nodusbarbera.cat\/es\/subvencion-establecimientos-comerciales-y-servicios-afectados-por-covid19\/"]}]},{"@type":"ImageObject","inLanguage":"es","@id":"https:\/\/nodusbarbera.cat\/es\/subvencion-establecimientos-comerciales-y-servicios-afectados-por-covid19\/#primaryimage","url":"https:\/\/nodusbarbera.cat\/wp-content\/uploads\/suvencions-covid19-comercial.jpg","contentUrl":"https:\/\/nodusbarbera.cat\/wp-content\/uploads\/suvencions-covid19-comercial.jpg","width":800,"height":533,"caption":"Subvenci\u00f3 per establiments afectats per la Covid19"},{"@type":"BreadcrumbList","@id":"https:\/\/nodusbarbera.cat\/es\/subvencion-establecimientos-comerciales-y-servicios-afectados-por-covid19\/#breadcrumb","itemListElement":[{"@type":"ListItem","position":1,"name":"Inici","item":"https:\/\/nodusbarbera.cat\/"},{"@type":"ListItem","position":2,"name":"Nueva subvenci\u00f3n para establecimientos comerciales y de servicios afectados por la crisis generada por la Covid19"}]},{"@type":"WebSite","@id":"https:\/\/nodusbarbera.cat\/#website","url":"https:\/\/nodusbarbera.cat\/","name":"Nodus Barber\u00e0","description":"Lloguer d&#039;oficines i despatxos a Barber\u00e0 del Vall\u00e8s, Barcelona.","publisher":{"@id":"https:\/\/nodusbarbera.cat\/#organization"},"potentialAction":[{"@type":"SearchAction","target":{"@type":"EntryPoint","urlTemplate":"https:\/\/nodusbarbera.cat\/?s={search_term_string}"},"query-input":{"@type":"PropertyValueSpecification","valueRequired":true,"valueName":"search_term_string"}}],"inLanguage":"es"},{"@type":"Organization","@id":"https:\/\/nodusbarbera.cat\/#organization","name":"Nodus Barber\u00e0","url":"https:\/\/nodusbarbera.cat\/","logo":{"@type":"ImageObject","inLanguage":"es","@id":"https:\/\/nodusbarbera.cat\/#\/schema\/logo\/image\/","url":"https:\/\/i0.wp.com\/nodusbarbera.cat\/wp-content\/uploads\/logo-footer-250.png?fit=250%2C231&ssl=1","contentUrl":"https:\/\/i0.wp.com\/nodusbarbera.cat\/wp-content\/uploads\/logo-footer-250.png?fit=250%2C231&ssl=1","width":250,"height":231,"caption":"Nodus Barber\u00e0"},"image":{"@id":"https:\/\/nodusbarbera.cat\/#\/schema\/logo\/image\/"},"sameAs":["https:\/\/www.facebook.com\/nodusbarbera","https:\/\/x.com\/nodusbarbera","https:\/\/www.instagram.com\/nodusbarbera\/","https:\/\/www.linkedin.com\/company\/nodus-barbera\/","https:\/\/www.youtube.com\/channel\/UCLJYdjFDfFQP1aGYuzUFd6A"]},{"@type":"Person","@id":"https:\/\/nodusbarbera.cat\/#\/schema\/person\/f3356bf21f659e7e41d958bbb784cfe4","name":"webmaster","image":{"@type":"ImageObject","inLanguage":"es","@id":"https:\/\/secure.gravatar.com\/avatar\/73641b46ed44db8f663f428fc279f909e9f48696e06a190b1e330f4634071610?s=96&d=mm&r=g","url":"https:\/\/secure.gravatar.com\/avatar\/73641b46ed44db8f663f428fc279f909e9f48696e06a190b1e330f4634071610?s=96&d=mm&r=g","contentUrl":"https:\/\/secure.gravatar.com\/avatar\/73641b46ed44db8f663f428fc279f909e9f48696e06a190b1e330f4634071610?s=96&d=mm&r=g","caption":"webmaster"}}]}},"_links":{"self":[{"href":"https:\/\/nodusbarbera.cat\/es\/wp-json\/wp\/v2\/posts\/5656","targetHints":{"allow":["GET"]}}],"collection":[{"href":"https:\/\/nodusbarbera.cat\/es\/wp-json\/wp\/v2\/posts"}],"about":[{"href":"https:\/\/nodusbarbera.cat\/es\/wp-json\/wp\/v2\/types\/post"}],"author":[{"embeddable":true,"href":"https:\/\/nodusbarbera.cat\/es\/wp-json\/wp\/v2\/users\/2"}],"replies":[{"embeddable":true,"href":"https:\/\/nodusbarbera.cat\/es\/wp-json\/wp\/v2\/comments?post=5656"}],"version-history":[{"count":1,"href":"https:\/\/nodusbarbera.cat\/es\/wp-json\/wp\/v2\/posts\/5656\/revisions"}],"predecessor-version":[{"id":5657,"href":"https:\/\/nodusbarbera.cat\/es\/wp-json\/wp\/v2\/posts\/5656\/revisions\/5657"}],"wp:featuredmedia":[{"embeddable":true,"href":"https:\/\/nodusbarbera.cat\/es\/wp-json\/wp\/v2\/media\/5652"}],"wp:attachment":[{"href":"https:\/\/nodusbarbera.cat\/es\/wp-json\/wp\/v2\/media?parent=5656"}],"wp:term":[{"taxonomy":"category","embeddable":true,"href":"https:\/\/nodusbarbera.cat\/es\/wp-json\/wp\/v2\/categories?post=5656"},{"taxonomy":"post_tag","embeddable":true,"href":"https:\/\/nodusbarbera.cat\/es\/wp-json\/wp\/v2\/tags?post=5656"}],"curies":[{"name":"wp","href":"https:\/\/api.w.org\/{rel}","templated":true}]}}