{"id":5763,"date":"2020-11-20T15:04:31","date_gmt":"2020-11-20T13:04:31","guid":{"rendered":"https:\/\/nodusbarbera.cat\/webinar-la-tecnologia-5g-una-oportunitat-per-a-la-industria\/"},"modified":"2020-11-24T12:04:27","modified_gmt":"2020-11-24T10:04:27","slug":"webinar-la-tecnologia-5g-una-oportunitat-per-a-la-industria","status":"publish","type":"post","link":"https:\/\/nodusbarbera.cat\/es\/webinar-la-tecnologia-5g-una-oportunitat-per-a-la-industria\/","title":{"rendered":"Webinar La tecnolog\u00eda 5G: \u00abUna oportunidad para la industria\u00bb"},"content":{"rendered":"\n<p>El \u00e1rea de promoci\u00f3n econ\u00f3mica del Ayuntamiento de Barber\u00e0 del Vall\u00e8s conjuntamente con la Ag\u00e8ncia de Desenvolupament Econ\u00f2mic de la AMB, el Mobile World Capital (MWC) y las entidades empresariales y de propietarios industriales locales, organizan dos sesiones de <strong>acercamiento a la tecnolog\u00eda 5G y sus usos industriales<\/strong>.<\/p>\n\n\n\n<!--more-->\n\n\n\n<p>Barber\u00e0 del Vall\u00e8s es un municipio con un punto de partida privilegiado de cara a innovar y avanzar en esta tecnolog\u00eda, dado su \u00f3ptimo despliegue de fibra \u00f3ptica en los PAE locales. Por ello, las compa\u00f1\u00edas proveedoras de 5G encuentran una base interesante en nuestro municipio para su implementaci\u00f3n.<\/p>\n\n\n\n<p>Antes, sin embargo, se debe estudiar y evaluar su potencial por parte del sector industrial, el cual se presume, es uno de los principales destinatarios y los que m\u00e1s provecho pueden sacar.<\/p>\n\n\n\n<p>Entonces, esta tem\u00e1tica se abordar\u00e1 con una metodolog\u00eda dual: con un webinar de inscripci\u00f3n abierta a todos, donde se contar\u00e1 con personas expertas en 5G del m\u00e1s alto nivel, las cuales nos ayudar\u00e1n a <strong>comprender mejor esta tecnolog\u00eda y sus posibles usos en la industria<\/strong>.<\/p>\n\n\n\n<p>El webinar de convocatoria abierta, y con inscripci\u00f3n previa, ser\u00e1 el pr\u00f3ximo 2 de diciembre a las 10:00 de la ma\u00f1ana y tendr\u00e1 una duraci\u00f3n de 1 hora. Las personas inscritas recibir\u00e1n un enlace a la sesi\u00f3n el d\u00eda antes.<\/p>\n\n\n\n<p>Consultad el <strong><a rel=\"noreferrer noopener\" href=\"\/wp-content\/uploads\/programa-webinar-tecnologia-5g.pdf\" target=\"_blank\">programa<\/a> del webinar La tecnolog\u00eda 5G: \u00abUna oportunidad para la industria\u00bb.<\/strong><\/p>\n\n\n\n<p><strong>Pod\u00e9is llevar a cabo vuestra inscripci\u00f3n <a rel=\"noreferrer noopener\" href=\"https:\/\/forms.gle\/6GBFZupifjd26t6WA\" target=\"_blank\">aqu\u00ed<\/a>.<\/strong><\/p>\n\n\n\n<p>Un segundo d\u00eda, de enfoque m\u00e1s pr\u00e1ctico y trabajando en peque\u00f1os grupos, se trabajar\u00e1 un taller para la creaci\u00f3n de ideas y proyectos piloto, por el que se convocar\u00e1 y pedir\u00e1 la participaci\u00f3n de empresas referentes del sector industrial de nuestro municipio.<\/p>\n\n\n\n<p>En resumen, se tratar\u00e1 de <strong>identificar retos entre las empresas participantes, a las que la tecnolog\u00eda 5G pueda dar una soluci\u00f3n disruptiva o mucho m\u00e1s competitiva que las tecnolog\u00edas convencionales<\/strong>.<\/p>\n\n\n\n<p>El workshop ser\u00e1 el 4 de diciembre en el Centro de empresas Nodus Barber\u00e0, con invitaci\u00f3n previa y presencial, si la situaci\u00f3n epidemiol\u00f3gica lo permite.<\/p>\n","protected":false},"excerpt":{"rendered":"<p>El \u00e1rea de promoci\u00f3n econ\u00f3mica del Ayuntamiento de Barber\u00e0 del Vall\u00e8s conjuntamente con la Ag\u00e8ncia de Desenvolupament Econ\u00f2mic de la AMB, el Mobile World Capital (MWC) y las entidades empresariales y de propietarios industriales locales, organizan dos sesiones de acercamiento a la tecnolog\u00eda 5G y sus usos industriales.<\/p>\n","protected":false},"author":2,"featured_media":5804,"comment_status":"closed","ping_status":"closed","sticky":false,"template":"","format":"standard","meta":{"footnotes":""},"categories":[9],"tags":[],"class_list":["post-5763","post","type-post","status-publish","format-standard","has-post-thumbnail","hentry","category-noticias"],"yoast_head":"<!-- This site is optimized with the Yoast SEO plugin v27.5 - https:\/\/yoast.com\/product\/yoast-seo-wordpress\/ -->\n<title>Webinar La tecnolog\u00eda 5G: &quot;Una oportunidad para la industria&quot; - Nodus Barber\u00e0<\/title>\n<meta name=\"robots\" content=\"index, follow, max-snippet:-1, max-image-preview:large, max-video-preview:-1\" \/>\n<link rel=\"canonical\" href=\"https:\/\/nodusbarbera.cat\/es\/webinar-la-tecnologia-5g-una-oportunitat-per-a-la-industria\/\" \/>\n<meta property=\"og:locale\" content=\"es_ES\" \/>\n<meta property=\"og:type\" content=\"article\" \/>\n<meta property=\"og:title\" content=\"Webinar La tecnolog\u00eda 5G: &quot;Una oportunidad para la industria&quot; - Nodus Barber\u00e0\" \/>\n<meta property=\"og:description\" content=\"El \u00e1rea de promoci\u00f3n econ\u00f3mica del Ayuntamiento de Barber\u00e0 del Vall\u00e8s conjuntamente con la Ag\u00e8ncia de Desenvolupament Econ\u00f2mic de la AMB, el Mobile World Capital (MWC) y las entidades empresariales y de propietarios industriales locales, organizan dos sesiones de acercamiento a la tecnolog\u00eda 5G y sus usos industriales.\" \/>\n<meta property=\"og:url\" content=\"https:\/\/nodusbarbera.cat\/es\/webinar-la-tecnologia-5g-una-oportunitat-per-a-la-industria\/\" \/>\n<meta property=\"og:site_name\" content=\"Nodus Barber\u00e0\" \/>\n<meta property=\"article:publisher\" content=\"https:\/\/www.facebook.com\/nodusbarbera\" \/>\n<meta property=\"article:published_time\" content=\"2020-11-20T13:04:31+00:00\" \/>\n<meta property=\"article:modified_time\" content=\"2020-11-24T10:04:27+00:00\" \/>\n<meta property=\"og:image\" content=\"https:\/\/i0.wp.com\/nodusbarbera.cat\/wp-content\/uploads\/tecnologia-5G-webinar.jpg?fit=800%2C533&ssl=1\" \/>\n\t<meta property=\"og:image:width\" content=\"800\" \/>\n\t<meta property=\"og:image:height\" content=\"533\" \/>\n\t<meta property=\"og:image:type\" content=\"image\/jpeg\" \/>\n<meta name=\"author\" content=\"webmaster\" \/>\n<meta name=\"twitter:card\" content=\"summary_large_image\" \/>\n<meta name=\"twitter:creator\" content=\"@nodusbarbera\" \/>\n<meta name=\"twitter:site\" content=\"@nodusbarbera\" \/>\n<meta name=\"twitter:label1\" content=\"Escrito por\" \/>\n\t<meta name=\"twitter:data1\" content=\"webmaster\" \/>\n\t<meta name=\"twitter:label2\" content=\"Tiempo de lectura\" \/>\n\t<meta name=\"twitter:data2\" content=\"2 minutos\" \/>\n<script type=\"application\/ld+json\" class=\"yoast-schema-graph\">{\"@context\":\"https:\\\/\\\/schema.org\",\"@graph\":[{\"@type\":\"Article\",\"@id\":\"https:\\\/\\\/nodusbarbera.cat\\\/es\\\/webinar-la-tecnologia-5g-una-oportunitat-per-a-la-industria\\\/#article\",\"isPartOf\":{\"@id\":\"https:\\\/\\\/nodusbarbera.cat\\\/es\\\/webinar-la-tecnologia-5g-una-oportunitat-per-a-la-industria\\\/\"},\"author\":{\"name\":\"webmaster\",\"@id\":\"https:\\\/\\\/nodusbarbera.cat\\\/#\\\/schema\\\/person\\\/f3356bf21f659e7e41d958bbb784cfe4\"},\"headline\":\"Webinar La tecnolog\u00eda 5G: \u00abUna oportunidad para la industria\u00bb\",\"datePublished\":\"2020-11-20T13:04:31+00:00\",\"dateModified\":\"2020-11-24T10:04:27+00:00\",\"mainEntityOfPage\":{\"@id\":\"https:\\\/\\\/nodusbarbera.cat\\\/es\\\/webinar-la-tecnologia-5g-una-oportunitat-per-a-la-industria\\\/\"},\"wordCount\":377,\"publisher\":{\"@id\":\"https:\\\/\\\/nodusbarbera.cat\\\/#organization\"},\"image\":{\"@id\":\"https:\\\/\\\/nodusbarbera.cat\\\/es\\\/webinar-la-tecnologia-5g-una-oportunitat-per-a-la-industria\\\/#primaryimage\"},\"thumbnailUrl\":\"https:\\\/\\\/nodusbarbera.cat\\\/wp-content\\\/uploads\\\/tecnologia-5G-webinar.jpg\",\"articleSection\":[\"Noticias\"],\"inLanguage\":\"es\"},{\"@type\":\"WebPage\",\"@id\":\"https:\\\/\\\/nodusbarbera.cat\\\/es\\\/webinar-la-tecnologia-5g-una-oportunitat-per-a-la-industria\\\/\",\"url\":\"https:\\\/\\\/nodusbarbera.cat\\\/es\\\/webinar-la-tecnologia-5g-una-oportunitat-per-a-la-industria\\\/\",\"name\":\"Webinar La tecnolog\u00eda 5G: \\\"Una oportunidad para la industria\\\" - Nodus Barber\u00e0\",\"isPartOf\":{\"@id\":\"https:\\\/\\\/nodusbarbera.cat\\\/#website\"},\"primaryImageOfPage\":{\"@id\":\"https:\\\/\\\/nodusbarbera.cat\\\/es\\\/webinar-la-tecnologia-5g-una-oportunitat-per-a-la-industria\\\/#primaryimage\"},\"image\":{\"@id\":\"https:\\\/\\\/nodusbarbera.cat\\\/es\\\/webinar-la-tecnologia-5g-una-oportunitat-per-a-la-industria\\\/#primaryimage\"},\"thumbnailUrl\":\"https:\\\/\\\/nodusbarbera.cat\\\/wp-content\\\/uploads\\\/tecnologia-5G-webinar.jpg\",\"datePublished\":\"2020-11-20T13:04:31+00:00\",\"dateModified\":\"2020-11-24T10:04:27+00:00\",\"breadcrumb\":{\"@id\":\"https:\\\/\\\/nodusbarbera.cat\\\/es\\\/webinar-la-tecnologia-5g-una-oportunitat-per-a-la-industria\\\/#breadcrumb\"},\"inLanguage\":\"es\",\"potentialAction\":[{\"@type\":\"ReadAction\",\"target\":[\"https:\\\/\\\/nodusbarbera.cat\\\/es\\\/webinar-la-tecnologia-5g-una-oportunitat-per-a-la-industria\\\/\"]}]},{\"@type\":\"ImageObject\",\"inLanguage\":\"es\",\"@id\":\"https:\\\/\\\/nodusbarbera.cat\\\/es\\\/webinar-la-tecnologia-5g-una-oportunitat-per-a-la-industria\\\/#primaryimage\",\"url\":\"https:\\\/\\\/nodusbarbera.cat\\\/wp-content\\\/uploads\\\/tecnologia-5G-webinar.jpg\",\"contentUrl\":\"https:\\\/\\\/nodusbarbera.cat\\\/wp-content\\\/uploads\\\/tecnologia-5G-webinar.jpg\",\"width\":800,\"height\":533},{\"@type\":\"BreadcrumbList\",\"@id\":\"https:\\\/\\\/nodusbarbera.cat\\\/es\\\/webinar-la-tecnologia-5g-una-oportunitat-per-a-la-industria\\\/#breadcrumb\",\"itemListElement\":[{\"@type\":\"ListItem\",\"position\":1,\"name\":\"Inici\",\"item\":\"https:\\\/\\\/nodusbarbera.cat\\\/\"},{\"@type\":\"ListItem\",\"position\":2,\"name\":\"Webinar La tecnolog\u00eda 5G: \u00abUna oportunidad para la industria\u00bb\"}]},{\"@type\":\"WebSite\",\"@id\":\"https:\\\/\\\/nodusbarbera.cat\\\/#website\",\"url\":\"https:\\\/\\\/nodusbarbera.cat\\\/\",\"name\":\"Nodus Barber\u00e0\",\"description\":\"Lloguer d&#039;oficines i despatxos a Barber\u00e0 del Vall\u00e8s, Barcelona.\",\"publisher\":{\"@id\":\"https:\\\/\\\/nodusbarbera.cat\\\/#organization\"},\"potentialAction\":[{\"@type\":\"SearchAction\",\"target\":{\"@type\":\"EntryPoint\",\"urlTemplate\":\"https:\\\/\\\/nodusbarbera.cat\\\/?s={search_term_string}\"},\"query-input\":{\"@type\":\"PropertyValueSpecification\",\"valueRequired\":true,\"valueName\":\"search_term_string\"}}],\"inLanguage\":\"es\"},{\"@type\":\"Organization\",\"@id\":\"https:\\\/\\\/nodusbarbera.cat\\\/#organization\",\"name\":\"Nodus Barber\u00e0\",\"url\":\"https:\\\/\\\/nodusbarbera.cat\\\/\",\"logo\":{\"@type\":\"ImageObject\",\"inLanguage\":\"es\",\"@id\":\"https:\\\/\\\/nodusbarbera.cat\\\/#\\\/schema\\\/logo\\\/image\\\/\",\"url\":\"https:\\\/\\\/i0.wp.com\\\/nodusbarbera.cat\\\/wp-content\\\/uploads\\\/logo-footer-250.png?fit=250%2C231&ssl=1\",\"contentUrl\":\"https:\\\/\\\/i0.wp.com\\\/nodusbarbera.cat\\\/wp-content\\\/uploads\\\/logo-footer-250.png?fit=250%2C231&ssl=1\",\"width\":250,\"height\":231,\"caption\":\"Nodus Barber\u00e0\"},\"image\":{\"@id\":\"https:\\\/\\\/nodusbarbera.cat\\\/#\\\/schema\\\/logo\\\/image\\\/\"},\"sameAs\":[\"https:\\\/\\\/www.facebook.com\\\/nodusbarbera\",\"https:\\\/\\\/x.com\\\/nodusbarbera\",\"https:\\\/\\\/www.instagram.com\\\/nodusbarbera\\\/\",\"https:\\\/\\\/www.linkedin.com\\\/company\\\/nodus-barbera\\\/\",\"https:\\\/\\\/www.youtube.com\\\/channel\\\/UCLJYdjFDfFQP1aGYuzUFd6A\"]},{\"@type\":\"Person\",\"@id\":\"https:\\\/\\\/nodusbarbera.cat\\\/#\\\/schema\\\/person\\\/f3356bf21f659e7e41d958bbb784cfe4\",\"name\":\"webmaster\",\"image\":{\"@type\":\"ImageObject\",\"inLanguage\":\"es\",\"@id\":\"https:\\\/\\\/secure.gravatar.com\\\/avatar\\\/73641b46ed44db8f663f428fc279f909e9f48696e06a190b1e330f4634071610?s=96&d=mm&r=g\",\"url\":\"https:\\\/\\\/secure.gravatar.com\\\/avatar\\\/73641b46ed44db8f663f428fc279f909e9f48696e06a190b1e330f4634071610?s=96&d=mm&r=g\",\"contentUrl\":\"https:\\\/\\\/secure.gravatar.com\\\/avatar\\\/73641b46ed44db8f663f428fc279f909e9f48696e06a190b1e330f4634071610?s=96&d=mm&r=g\",\"caption\":\"webmaster\"}}]}<\/script>\n<!-- \/ Yoast SEO plugin. -->","yoast_head_json":{"title":"Webinar La tecnolog\u00eda 5G: \"Una oportunidad para la industria\" - Nodus Barber\u00e0","robots":{"index":"index","follow":"follow","max-snippet":"max-snippet:-1","max-image-preview":"max-image-preview:large","max-video-preview":"max-video-preview:-1"},"canonical":"https:\/\/nodusbarbera.cat\/es\/webinar-la-tecnologia-5g-una-oportunitat-per-a-la-industria\/","og_locale":"es_ES","og_type":"article","og_title":"Webinar La tecnolog\u00eda 5G: \"Una oportunidad para la industria\" - Nodus Barber\u00e0","og_description":"El \u00e1rea de promoci\u00f3n econ\u00f3mica del Ayuntamiento de Barber\u00e0 del Vall\u00e8s conjuntamente con la Ag\u00e8ncia de Desenvolupament Econ\u00f2mic de la AMB, el Mobile World Capital (MWC) y las entidades empresariales y de propietarios industriales locales, organizan dos sesiones de acercamiento a la tecnolog\u00eda 5G y sus usos industriales.","og_url":"https:\/\/nodusbarbera.cat\/es\/webinar-la-tecnologia-5g-una-oportunitat-per-a-la-industria\/","og_site_name":"Nodus Barber\u00e0","article_publisher":"https:\/\/www.facebook.com\/nodusbarbera","article_published_time":"2020-11-20T13:04:31+00:00","article_modified_time":"2020-11-24T10:04:27+00:00","og_image":[{"width":800,"height":533,"url":"https:\/\/i0.wp.com\/nodusbarbera.cat\/wp-content\/uploads\/tecnologia-5G-webinar.jpg?fit=800%2C533&ssl=1","type":"image\/jpeg"}],"author":"webmaster","twitter_card":"summary_large_image","twitter_creator":"@nodusbarbera","twitter_site":"@nodusbarbera","twitter_misc":{"Escrito por":"webmaster","Tiempo de lectura":"2 minutos"},"schema":{"@context":"https:\/\/schema.org","@graph":[{"@type":"Article","@id":"https:\/\/nodusbarbera.cat\/es\/webinar-la-tecnologia-5g-una-oportunitat-per-a-la-industria\/#article","isPartOf":{"@id":"https:\/\/nodusbarbera.cat\/es\/webinar-la-tecnologia-5g-una-oportunitat-per-a-la-industria\/"},"author":{"name":"webmaster","@id":"https:\/\/nodusbarbera.cat\/#\/schema\/person\/f3356bf21f659e7e41d958bbb784cfe4"},"headline":"Webinar La tecnolog\u00eda 5G: \u00abUna oportunidad para la industria\u00bb","datePublished":"2020-11-20T13:04:31+00:00","dateModified":"2020-11-24T10:04:27+00:00","mainEntityOfPage":{"@id":"https:\/\/nodusbarbera.cat\/es\/webinar-la-tecnologia-5g-una-oportunitat-per-a-la-industria\/"},"wordCount":377,"publisher":{"@id":"https:\/\/nodusbarbera.cat\/#organization"},"image":{"@id":"https:\/\/nodusbarbera.cat\/es\/webinar-la-tecnologia-5g-una-oportunitat-per-a-la-industria\/#primaryimage"},"thumbnailUrl":"https:\/\/nodusbarbera.cat\/wp-content\/uploads\/tecnologia-5G-webinar.jpg","articleSection":["Noticias"],"inLanguage":"es"},{"@type":"WebPage","@id":"https:\/\/nodusbarbera.cat\/es\/webinar-la-tecnologia-5g-una-oportunitat-per-a-la-industria\/","url":"https:\/\/nodusbarbera.cat\/es\/webinar-la-tecnologia-5g-una-oportunitat-per-a-la-industria\/","name":"Webinar La tecnolog\u00eda 5G: \"Una oportunidad para la industria\" - Nodus Barber\u00e0","isPartOf":{"@id":"https:\/\/nodusbarbera.cat\/#website"},"primaryImageOfPage":{"@id":"https:\/\/nodusbarbera.cat\/es\/webinar-la-tecnologia-5g-una-oportunitat-per-a-la-industria\/#primaryimage"},"image":{"@id":"https:\/\/nodusbarbera.cat\/es\/webinar-la-tecnologia-5g-una-oportunitat-per-a-la-industria\/#primaryimage"},"thumbnailUrl":"https:\/\/nodusbarbera.cat\/wp-content\/uploads\/tecnologia-5G-webinar.jpg","datePublished":"2020-11-20T13:04:31+00:00","dateModified":"2020-11-24T10:04:27+00:00","breadcrumb":{"@id":"https:\/\/nodusbarbera.cat\/es\/webinar-la-tecnologia-5g-una-oportunitat-per-a-la-industria\/#breadcrumb"},"inLanguage":"es","potentialAction":[{"@type":"ReadAction","target":["https:\/\/nodusbarbera.cat\/es\/webinar-la-tecnologia-5g-una-oportunitat-per-a-la-industria\/"]}]},{"@type":"ImageObject","inLanguage":"es","@id":"https:\/\/nodusbarbera.cat\/es\/webinar-la-tecnologia-5g-una-oportunitat-per-a-la-industria\/#primaryimage","url":"https:\/\/nodusbarbera.cat\/wp-content\/uploads\/tecnologia-5G-webinar.jpg","contentUrl":"https:\/\/nodusbarbera.cat\/wp-content\/uploads\/tecnologia-5G-webinar.jpg","width":800,"height":533},{"@type":"BreadcrumbList","@id":"https:\/\/nodusbarbera.cat\/es\/webinar-la-tecnologia-5g-una-oportunitat-per-a-la-industria\/#breadcrumb","itemListElement":[{"@type":"ListItem","position":1,"name":"Inici","item":"https:\/\/nodusbarbera.cat\/"},{"@type":"ListItem","position":2,"name":"Webinar La tecnolog\u00eda 5G: \u00abUna oportunidad para la industria\u00bb"}]},{"@type":"WebSite","@id":"https:\/\/nodusbarbera.cat\/#website","url":"https:\/\/nodusbarbera.cat\/","name":"Nodus Barber\u00e0","description":"Lloguer d&#039;oficines i despatxos a Barber\u00e0 del Vall\u00e8s, Barcelona.","publisher":{"@id":"https:\/\/nodusbarbera.cat\/#organization"},"potentialAction":[{"@type":"SearchAction","target":{"@type":"EntryPoint","urlTemplate":"https:\/\/nodusbarbera.cat\/?s={search_term_string}"},"query-input":{"@type":"PropertyValueSpecification","valueRequired":true,"valueName":"search_term_string"}}],"inLanguage":"es"},{"@type":"Organization","@id":"https:\/\/nodusbarbera.cat\/#organization","name":"Nodus Barber\u00e0","url":"https:\/\/nodusbarbera.cat\/","logo":{"@type":"ImageObject","inLanguage":"es","@id":"https:\/\/nodusbarbera.cat\/#\/schema\/logo\/image\/","url":"https:\/\/i0.wp.com\/nodusbarbera.cat\/wp-content\/uploads\/logo-footer-250.png?fit=250%2C231&ssl=1","contentUrl":"https:\/\/i0.wp.com\/nodusbarbera.cat\/wp-content\/uploads\/logo-footer-250.png?fit=250%2C231&ssl=1","width":250,"height":231,"caption":"Nodus Barber\u00e0"},"image":{"@id":"https:\/\/nodusbarbera.cat\/#\/schema\/logo\/image\/"},"sameAs":["https:\/\/www.facebook.com\/nodusbarbera","https:\/\/x.com\/nodusbarbera","https:\/\/www.instagram.com\/nodusbarbera\/","https:\/\/www.linkedin.com\/company\/nodus-barbera\/","https:\/\/www.youtube.com\/channel\/UCLJYdjFDfFQP1aGYuzUFd6A"]},{"@type":"Person","@id":"https:\/\/nodusbarbera.cat\/#\/schema\/person\/f3356bf21f659e7e41d958bbb784cfe4","name":"webmaster","image":{"@type":"ImageObject","inLanguage":"es","@id":"https:\/\/secure.gravatar.com\/avatar\/73641b46ed44db8f663f428fc279f909e9f48696e06a190b1e330f4634071610?s=96&d=mm&r=g","url":"https:\/\/secure.gravatar.com\/avatar\/73641b46ed44db8f663f428fc279f909e9f48696e06a190b1e330f4634071610?s=96&d=mm&r=g","contentUrl":"https:\/\/secure.gravatar.com\/avatar\/73641b46ed44db8f663f428fc279f909e9f48696e06a190b1e330f4634071610?s=96&d=mm&r=g","caption":"webmaster"}}]}},"_links":{"self":[{"href":"https:\/\/nodusbarbera.cat\/es\/wp-json\/wp\/v2\/posts\/5763","targetHints":{"allow":["GET"]}}],"collection":[{"href":"https:\/\/nodusbarbera.cat\/es\/wp-json\/wp\/v2\/posts"}],"about":[{"href":"https:\/\/nodusbarbera.cat\/es\/wp-json\/wp\/v2\/types\/post"}],"author":[{"embeddable":true,"href":"https:\/\/nodusbarbera.cat\/es\/wp-json\/wp\/v2\/users\/2"}],"replies":[{"embeddable":true,"href":"https:\/\/nodusbarbera.cat\/es\/wp-json\/wp\/v2\/comments?post=5763"}],"version-history":[{"count":2,"href":"https:\/\/nodusbarbera.cat\/es\/wp-json\/wp\/v2\/posts\/5763\/revisions"}],"predecessor-version":[{"id":5765,"href":"https:\/\/nodusbarbera.cat\/es\/wp-json\/wp\/v2\/posts\/5763\/revisions\/5765"}],"wp:featuredmedia":[{"embeddable":true,"href":"https:\/\/nodusbarbera.cat\/es\/wp-json\/wp\/v2\/media\/5804"}],"wp:attachment":[{"href":"https:\/\/nodusbarbera.cat\/es\/wp-json\/wp\/v2\/media?parent=5763"}],"wp:term":[{"taxonomy":"category","embeddable":true,"href":"https:\/\/nodusbarbera.cat\/es\/wp-json\/wp\/v2\/categories?post=5763"},{"taxonomy":"post_tag","embeddable":true,"href":"https:\/\/nodusbarbera.cat\/es\/wp-json\/wp\/v2\/tags?post=5763"}],"curies":[{"name":"wp","href":"https:\/\/api.w.org\/{rel}","templated":true}]}}