{"id":6066,"date":"2021-01-27T12:30:13","date_gmt":"2021-01-27T10:30:13","guid":{"rendered":"https:\/\/nodusbarbera.cat\/els-poligons-industrials-permetran-fer-un-pas-endavant-en-la-digitalitzacio-del-pais-i-la-implementacio-de-tecnologia-avancada-2\/"},"modified":"2021-01-27T12:36:28","modified_gmt":"2021-01-27T10:36:28","slug":"els-poligons-industrials-permetran-fer-un-pas-endavant-en-la-digitalitzacio-del-pais-i-la-implementacio-de-tecnologia-avancada-2","status":"publish","type":"post","link":"https:\/\/nodusbarbera.cat\/es\/els-poligons-industrials-permetran-fer-un-pas-endavant-en-la-digitalitzacio-del-pais-i-la-implementacio-de-tecnologia-avancada-2\/","title":{"rendered":"Barber\u00e0 del Vall\u00e8s finaliza las obras de mejora de los PAE"},"content":{"rendered":"\n<p>El municipio de Barber\u00e0 del Vall\u00e8s ha finalizado las obras de mejora de sus\u00a0PAE\u00a0en el marco de la primera edici\u00f3n del Plan de Modernizaci\u00f3n de Pol\u00edgonos (l\u00ednea de proyectos espec\u00edficos), que impulsa la Diputaci\u00f3n de Barcelona.<\/p>\n\n\n\n<!--more-->\n\n\n\n<p>Las actuaciones ejecutadas han tenido lugar en los pol\u00edgonos de\u00a0Can\u00a0Salvatella,\u00a0Santiga,\u00a0Baricentro\u00a0y Ronda Santa Maria, y han consistido en:<\/p>\n\n\n\n<ul class=\"wp-block-list\"><li>Mejora del alumbrado p\u00fablico.<\/li><li>repavimentaci\u00f3n de la avenida Torre Mateu.<\/li><li>Construcci\u00f3n de un carril bici y un camino para peatones entre el casco urbano y\u00a0Can\u00a0Salvatella.<\/li><li>Mejoras en la se\u00f1alizaci\u00f3n.<\/li><\/ul>\n\n\n\n<p>Las actuaciones ejecutadas supondr\u00e1n mejoras notables en la movilidad sostenible, la seguridad, la sostenibilidad ambiental y la conectividad de los\u00a0PAE\u00a0del municipio.<\/p>\n\n\n\n<div class=\"wp-block-jetpack-tiled-gallery aligncenter is-style-square\"><div class=\"tiled-gallery__gallery\"><div class=\"tiled-gallery__row columns-2\"><div class=\"tiled-gallery__col\"><figure class=\"tiled-gallery__item\"><img decoding=\"async\" alt=\"\" data-height=\"168\" data-id=\"6061\" data-link=\"https:\/\/nodusbarbera.cat\/?attachment_id=6061\" data-url=\"https:\/\/nodusbarbera.cat\/wp-content\/uploads\/2-1.jpg\" data-width=\"124\" src=\"https:\/\/i1.wp.com\/nodusbarbera.cat\/wp-content\/uploads\/2-1.jpg?ssl=1&amp;resize=124%2C124\" layout=\"responsive\"\/><\/figure><\/div><div class=\"tiled-gallery__col\"><figure class=\"tiled-gallery__item\"><img decoding=\"async\" alt=\"\" data-height=\"168\" data-id=\"6063\" data-link=\"https:\/\/nodusbarbera.cat\/?attachment_id=6063\" data-url=\"https:\/\/nodusbarbera.cat\/wp-content\/uploads\/3-2.jpg\" data-width=\"124\" src=\"https:\/\/i0.wp.com\/nodusbarbera.cat\/wp-content\/uploads\/3-2.jpg?ssl=1&amp;resize=124%2C124\" layout=\"responsive\"\/><\/figure><\/div><\/div><\/div><\/div>\n\n\n\n<p>El coste total del proyecto de mejora de los&nbsp;PAE&nbsp;de Barber\u00e0 ha estado de 823.745 euros, de los cuales 612.385 euros han sido aportados por la Diputaci\u00f3n (74%) y el resto por el consistorio municipal (211.360 euros, 26%). Estas mejoras tendr\u00e1n impacto a las 1.210 empresas de los pol\u00edgonos, que ocupan un total de 17.820 trabajadores\/se.<\/p>\n\n\n\n<p>En el marco del Plan de Modernizaci\u00f3n de Pol\u00edgonos de Actividad Econ\u00f3mica, la Diputaci\u00f3n de Barcelona ha otorgado un total de 30M de euros, en dos ediciones: a la primera, otorgada durante los meses de mayo y junio de 2018, recibieron subvenci\u00f3n 22 proyectos (17 proyectos espec\u00edficos \u2013PE- y 5 planes integrales \u2013PI-), y a la segunda, otorgada el mes de marzo de 2019, 27 proyectos m\u00e1s (22 PE y 5 PI).<br><br>El Plan tiene el objetivo de modernizar los pol\u00edgonos en materia de infraestructuras, servicios, promoci\u00f3n y actuaciones innovadoras.<\/p>\n","protected":false},"excerpt":{"rendered":"<p>El municipio de Barber\u00e0 del Vall\u00e8s ha finalizado las obras de mejora de sus\u00a0PAE\u00a0en el marco de la primera edici\u00f3n del Plan de Modernizaci\u00f3n de Pol\u00edgonos (l\u00ednea de proyectos espec\u00edficos), que impulsa la Diputaci\u00f3n de Barcelona.<\/p>\n","protected":false},"author":2,"featured_media":6054,"comment_status":"closed","ping_status":"closed","sticky":false,"template":"","format":"standard","meta":{"footnotes":""},"categories":[17,27,9],"tags":[],"class_list":["post-6066","post","type-post","status-publish","format-standard","has-post-thumbnail","hentry","category-barbera-poligonos-dinamicos","category-nodus-tech-space-es","category-noticias"],"yoast_head":"<!-- This site is optimized with the Yoast SEO plugin v27.5 - https:\/\/yoast.com\/product\/yoast-seo-wordpress\/ -->\n<title>Barber\u00e0 del Vall\u00e8s finaliza las obras de mejora de los PAE - Nodus Barber\u00e0<\/title>\n<meta name=\"robots\" content=\"index, follow, max-snippet:-1, max-image-preview:large, max-video-preview:-1\" \/>\n<link rel=\"canonical\" href=\"https:\/\/nodusbarbera.cat\/es\/els-poligons-industrials-permetran-fer-un-pas-endavant-en-la-digitalitzacio-del-pais-i-la-implementacio-de-tecnologia-avancada-2\/\" \/>\n<meta property=\"og:locale\" content=\"es_ES\" \/>\n<meta property=\"og:type\" content=\"article\" \/>\n<meta property=\"og:title\" content=\"Barber\u00e0 del Vall\u00e8s finaliza las obras de mejora de los PAE - Nodus Barber\u00e0\" \/>\n<meta property=\"og:description\" content=\"El municipio de Barber\u00e0 del Vall\u00e8s ha finalizado las obras de mejora de sus\u00a0PAE\u00a0en el marco de la primera edici\u00f3n del Plan de Modernizaci\u00f3n de Pol\u00edgonos (l\u00ednea de proyectos espec\u00edficos), que impulsa la Diputaci\u00f3n de Barcelona.\" \/>\n<meta property=\"og:url\" content=\"https:\/\/nodusbarbera.cat\/es\/els-poligons-industrials-permetran-fer-un-pas-endavant-en-la-digitalitzacio-del-pais-i-la-implementacio-de-tecnologia-avancada-2\/\" \/>\n<meta property=\"og:site_name\" content=\"Nodus Barber\u00e0\" \/>\n<meta property=\"article:publisher\" content=\"https:\/\/www.facebook.com\/nodusbarbera\" \/>\n<meta property=\"article:published_time\" content=\"2021-01-27T10:30:13+00:00\" \/>\n<meta property=\"article:modified_time\" content=\"2021-01-27T10:36:28+00:00\" \/>\n<meta property=\"og:image\" content=\"https:\/\/i0.wp.com\/nodusbarbera.cat\/wp-content\/uploads\/1.jpg?fit=124%2C168&ssl=1\" \/>\n\t<meta property=\"og:image:width\" content=\"124\" \/>\n\t<meta property=\"og:image:height\" content=\"168\" \/>\n\t<meta property=\"og:image:type\" content=\"image\/jpeg\" \/>\n<meta name=\"author\" content=\"webmaster\" \/>\n<meta name=\"twitter:card\" content=\"summary_large_image\" \/>\n<meta name=\"twitter:creator\" content=\"@nodusbarbera\" \/>\n<meta name=\"twitter:site\" content=\"@nodusbarbera\" \/>\n<meta name=\"twitter:label1\" content=\"Escrito por\" \/>\n\t<meta name=\"twitter:data1\" content=\"webmaster\" \/>\n\t<meta name=\"twitter:label2\" content=\"Tiempo de lectura\" \/>\n\t<meta name=\"twitter:data2\" content=\"2 minutos\" \/>\n<script type=\"application\/ld+json\" class=\"yoast-schema-graph\">{\"@context\":\"https:\\\/\\\/schema.org\",\"@graph\":[{\"@type\":\"Article\",\"@id\":\"https:\\\/\\\/nodusbarbera.cat\\\/es\\\/els-poligons-industrials-permetran-fer-un-pas-endavant-en-la-digitalitzacio-del-pais-i-la-implementacio-de-tecnologia-avancada-2\\\/#article\",\"isPartOf\":{\"@id\":\"https:\\\/\\\/nodusbarbera.cat\\\/es\\\/els-poligons-industrials-permetran-fer-un-pas-endavant-en-la-digitalitzacio-del-pais-i-la-implementacio-de-tecnologia-avancada-2\\\/\"},\"author\":{\"name\":\"webmaster\",\"@id\":\"https:\\\/\\\/nodusbarbera.cat\\\/#\\\/schema\\\/person\\\/f3356bf21f659e7e41d958bbb784cfe4\"},\"headline\":\"Barber\u00e0 del Vall\u00e8s finaliza las obras de mejora de los PAE\",\"datePublished\":\"2021-01-27T10:30:13+00:00\",\"dateModified\":\"2021-01-27T10:36:28+00:00\",\"mainEntityOfPage\":{\"@id\":\"https:\\\/\\\/nodusbarbera.cat\\\/es\\\/els-poligons-industrials-permetran-fer-un-pas-endavant-en-la-digitalitzacio-del-pais-i-la-implementacio-de-tecnologia-avancada-2\\\/\"},\"wordCount\":287,\"publisher\":{\"@id\":\"https:\\\/\\\/nodusbarbera.cat\\\/#organization\"},\"image\":{\"@id\":\"https:\\\/\\\/nodusbarbera.cat\\\/es\\\/els-poligons-industrials-permetran-fer-un-pas-endavant-en-la-digitalitzacio-del-pais-i-la-implementacio-de-tecnologia-avancada-2\\\/#primaryimage\"},\"thumbnailUrl\":\"https:\\\/\\\/nodusbarbera.cat\\\/wp-content\\\/uploads\\\/1.jpg\",\"articleSection\":[\"Barber\u00e0 Pol\u00edgonos din\u00e1micos\",\"Nodus Tech Space\",\"Noticias\"],\"inLanguage\":\"es\"},{\"@type\":\"WebPage\",\"@id\":\"https:\\\/\\\/nodusbarbera.cat\\\/es\\\/els-poligons-industrials-permetran-fer-un-pas-endavant-en-la-digitalitzacio-del-pais-i-la-implementacio-de-tecnologia-avancada-2\\\/\",\"url\":\"https:\\\/\\\/nodusbarbera.cat\\\/es\\\/els-poligons-industrials-permetran-fer-un-pas-endavant-en-la-digitalitzacio-del-pais-i-la-implementacio-de-tecnologia-avancada-2\\\/\",\"name\":\"Barber\u00e0 del Vall\u00e8s finaliza las obras de mejora de los PAE - Nodus Barber\u00e0\",\"isPartOf\":{\"@id\":\"https:\\\/\\\/nodusbarbera.cat\\\/#website\"},\"primaryImageOfPage\":{\"@id\":\"https:\\\/\\\/nodusbarbera.cat\\\/es\\\/els-poligons-industrials-permetran-fer-un-pas-endavant-en-la-digitalitzacio-del-pais-i-la-implementacio-de-tecnologia-avancada-2\\\/#primaryimage\"},\"image\":{\"@id\":\"https:\\\/\\\/nodusbarbera.cat\\\/es\\\/els-poligons-industrials-permetran-fer-un-pas-endavant-en-la-digitalitzacio-del-pais-i-la-implementacio-de-tecnologia-avancada-2\\\/#primaryimage\"},\"thumbnailUrl\":\"https:\\\/\\\/nodusbarbera.cat\\\/wp-content\\\/uploads\\\/1.jpg\",\"datePublished\":\"2021-01-27T10:30:13+00:00\",\"dateModified\":\"2021-01-27T10:36:28+00:00\",\"breadcrumb\":{\"@id\":\"https:\\\/\\\/nodusbarbera.cat\\\/es\\\/els-poligons-industrials-permetran-fer-un-pas-endavant-en-la-digitalitzacio-del-pais-i-la-implementacio-de-tecnologia-avancada-2\\\/#breadcrumb\"},\"inLanguage\":\"es\",\"potentialAction\":[{\"@type\":\"ReadAction\",\"target\":[\"https:\\\/\\\/nodusbarbera.cat\\\/es\\\/els-poligons-industrials-permetran-fer-un-pas-endavant-en-la-digitalitzacio-del-pais-i-la-implementacio-de-tecnologia-avancada-2\\\/\"]}]},{\"@type\":\"ImageObject\",\"inLanguage\":\"es\",\"@id\":\"https:\\\/\\\/nodusbarbera.cat\\\/es\\\/els-poligons-industrials-permetran-fer-un-pas-endavant-en-la-digitalitzacio-del-pais-i-la-implementacio-de-tecnologia-avancada-2\\\/#primaryimage\",\"url\":\"https:\\\/\\\/nodusbarbera.cat\\\/wp-content\\\/uploads\\\/1.jpg\",\"contentUrl\":\"https:\\\/\\\/nodusbarbera.cat\\\/wp-content\\\/uploads\\\/1.jpg\",\"width\":124,\"height\":168},{\"@type\":\"BreadcrumbList\",\"@id\":\"https:\\\/\\\/nodusbarbera.cat\\\/es\\\/els-poligons-industrials-permetran-fer-un-pas-endavant-en-la-digitalitzacio-del-pais-i-la-implementacio-de-tecnologia-avancada-2\\\/#breadcrumb\",\"itemListElement\":[{\"@type\":\"ListItem\",\"position\":1,\"name\":\"Inici\",\"item\":\"https:\\\/\\\/nodusbarbera.cat\\\/\"},{\"@type\":\"ListItem\",\"position\":2,\"name\":\"Barber\u00e0 del Vall\u00e8s finaliza las obras de mejora de los PAE\"}]},{\"@type\":\"WebSite\",\"@id\":\"https:\\\/\\\/nodusbarbera.cat\\\/#website\",\"url\":\"https:\\\/\\\/nodusbarbera.cat\\\/\",\"name\":\"Nodus Barber\u00e0\",\"description\":\"Lloguer d&#039;oficines i despatxos a Barber\u00e0 del Vall\u00e8s, Barcelona.\",\"publisher\":{\"@id\":\"https:\\\/\\\/nodusbarbera.cat\\\/#organization\"},\"potentialAction\":[{\"@type\":\"SearchAction\",\"target\":{\"@type\":\"EntryPoint\",\"urlTemplate\":\"https:\\\/\\\/nodusbarbera.cat\\\/?s={search_term_string}\"},\"query-input\":{\"@type\":\"PropertyValueSpecification\",\"valueRequired\":true,\"valueName\":\"search_term_string\"}}],\"inLanguage\":\"es\"},{\"@type\":\"Organization\",\"@id\":\"https:\\\/\\\/nodusbarbera.cat\\\/#organization\",\"name\":\"Nodus Barber\u00e0\",\"url\":\"https:\\\/\\\/nodusbarbera.cat\\\/\",\"logo\":{\"@type\":\"ImageObject\",\"inLanguage\":\"es\",\"@id\":\"https:\\\/\\\/nodusbarbera.cat\\\/#\\\/schema\\\/logo\\\/image\\\/\",\"url\":\"https:\\\/\\\/i0.wp.com\\\/nodusbarbera.cat\\\/wp-content\\\/uploads\\\/logo-footer-250.png?fit=250%2C231&ssl=1\",\"contentUrl\":\"https:\\\/\\\/i0.wp.com\\\/nodusbarbera.cat\\\/wp-content\\\/uploads\\\/logo-footer-250.png?fit=250%2C231&ssl=1\",\"width\":250,\"height\":231,\"caption\":\"Nodus Barber\u00e0\"},\"image\":{\"@id\":\"https:\\\/\\\/nodusbarbera.cat\\\/#\\\/schema\\\/logo\\\/image\\\/\"},\"sameAs\":[\"https:\\\/\\\/www.facebook.com\\\/nodusbarbera\",\"https:\\\/\\\/x.com\\\/nodusbarbera\",\"https:\\\/\\\/www.instagram.com\\\/nodusbarbera\\\/\",\"https:\\\/\\\/www.linkedin.com\\\/company\\\/nodus-barbera\\\/\",\"https:\\\/\\\/www.youtube.com\\\/channel\\\/UCLJYdjFDfFQP1aGYuzUFd6A\"]},{\"@type\":\"Person\",\"@id\":\"https:\\\/\\\/nodusbarbera.cat\\\/#\\\/schema\\\/person\\\/f3356bf21f659e7e41d958bbb784cfe4\",\"name\":\"webmaster\",\"image\":{\"@type\":\"ImageObject\",\"inLanguage\":\"es\",\"@id\":\"https:\\\/\\\/secure.gravatar.com\\\/avatar\\\/73641b46ed44db8f663f428fc279f909e9f48696e06a190b1e330f4634071610?s=96&d=mm&r=g\",\"url\":\"https:\\\/\\\/secure.gravatar.com\\\/avatar\\\/73641b46ed44db8f663f428fc279f909e9f48696e06a190b1e330f4634071610?s=96&d=mm&r=g\",\"contentUrl\":\"https:\\\/\\\/secure.gravatar.com\\\/avatar\\\/73641b46ed44db8f663f428fc279f909e9f48696e06a190b1e330f4634071610?s=96&d=mm&r=g\",\"caption\":\"webmaster\"}}]}<\/script>\n<!-- \/ Yoast SEO plugin. -->","yoast_head_json":{"title":"Barber\u00e0 del Vall\u00e8s finaliza las obras de mejora de los PAE - Nodus Barber\u00e0","robots":{"index":"index","follow":"follow","max-snippet":"max-snippet:-1","max-image-preview":"max-image-preview:large","max-video-preview":"max-video-preview:-1"},"canonical":"https:\/\/nodusbarbera.cat\/es\/els-poligons-industrials-permetran-fer-un-pas-endavant-en-la-digitalitzacio-del-pais-i-la-implementacio-de-tecnologia-avancada-2\/","og_locale":"es_ES","og_type":"article","og_title":"Barber\u00e0 del Vall\u00e8s finaliza las obras de mejora de los PAE - Nodus Barber\u00e0","og_description":"El municipio de Barber\u00e0 del Vall\u00e8s ha finalizado las obras de mejora de sus\u00a0PAE\u00a0en el marco de la primera edici\u00f3n del Plan de Modernizaci\u00f3n de Pol\u00edgonos (l\u00ednea de proyectos espec\u00edficos), que impulsa la Diputaci\u00f3n de Barcelona.","og_url":"https:\/\/nodusbarbera.cat\/es\/els-poligons-industrials-permetran-fer-un-pas-endavant-en-la-digitalitzacio-del-pais-i-la-implementacio-de-tecnologia-avancada-2\/","og_site_name":"Nodus Barber\u00e0","article_publisher":"https:\/\/www.facebook.com\/nodusbarbera","article_published_time":"2021-01-27T10:30:13+00:00","article_modified_time":"2021-01-27T10:36:28+00:00","og_image":[{"width":124,"height":168,"url":"https:\/\/i0.wp.com\/nodusbarbera.cat\/wp-content\/uploads\/1.jpg?fit=124%2C168&ssl=1","type":"image\/jpeg"}],"author":"webmaster","twitter_card":"summary_large_image","twitter_creator":"@nodusbarbera","twitter_site":"@nodusbarbera","twitter_misc":{"Escrito por":"webmaster","Tiempo de lectura":"2 minutos"},"schema":{"@context":"https:\/\/schema.org","@graph":[{"@type":"Article","@id":"https:\/\/nodusbarbera.cat\/es\/els-poligons-industrials-permetran-fer-un-pas-endavant-en-la-digitalitzacio-del-pais-i-la-implementacio-de-tecnologia-avancada-2\/#article","isPartOf":{"@id":"https:\/\/nodusbarbera.cat\/es\/els-poligons-industrials-permetran-fer-un-pas-endavant-en-la-digitalitzacio-del-pais-i-la-implementacio-de-tecnologia-avancada-2\/"},"author":{"name":"webmaster","@id":"https:\/\/nodusbarbera.cat\/#\/schema\/person\/f3356bf21f659e7e41d958bbb784cfe4"},"headline":"Barber\u00e0 del Vall\u00e8s finaliza las obras de mejora de los PAE","datePublished":"2021-01-27T10:30:13+00:00","dateModified":"2021-01-27T10:36:28+00:00","mainEntityOfPage":{"@id":"https:\/\/nodusbarbera.cat\/es\/els-poligons-industrials-permetran-fer-un-pas-endavant-en-la-digitalitzacio-del-pais-i-la-implementacio-de-tecnologia-avancada-2\/"},"wordCount":287,"publisher":{"@id":"https:\/\/nodusbarbera.cat\/#organization"},"image":{"@id":"https:\/\/nodusbarbera.cat\/es\/els-poligons-industrials-permetran-fer-un-pas-endavant-en-la-digitalitzacio-del-pais-i-la-implementacio-de-tecnologia-avancada-2\/#primaryimage"},"thumbnailUrl":"https:\/\/nodusbarbera.cat\/wp-content\/uploads\/1.jpg","articleSection":["Barber\u00e0 Pol\u00edgonos din\u00e1micos","Nodus Tech Space","Noticias"],"inLanguage":"es"},{"@type":"WebPage","@id":"https:\/\/nodusbarbera.cat\/es\/els-poligons-industrials-permetran-fer-un-pas-endavant-en-la-digitalitzacio-del-pais-i-la-implementacio-de-tecnologia-avancada-2\/","url":"https:\/\/nodusbarbera.cat\/es\/els-poligons-industrials-permetran-fer-un-pas-endavant-en-la-digitalitzacio-del-pais-i-la-implementacio-de-tecnologia-avancada-2\/","name":"Barber\u00e0 del Vall\u00e8s finaliza las obras de mejora de los PAE - Nodus Barber\u00e0","isPartOf":{"@id":"https:\/\/nodusbarbera.cat\/#website"},"primaryImageOfPage":{"@id":"https:\/\/nodusbarbera.cat\/es\/els-poligons-industrials-permetran-fer-un-pas-endavant-en-la-digitalitzacio-del-pais-i-la-implementacio-de-tecnologia-avancada-2\/#primaryimage"},"image":{"@id":"https:\/\/nodusbarbera.cat\/es\/els-poligons-industrials-permetran-fer-un-pas-endavant-en-la-digitalitzacio-del-pais-i-la-implementacio-de-tecnologia-avancada-2\/#primaryimage"},"thumbnailUrl":"https:\/\/nodusbarbera.cat\/wp-content\/uploads\/1.jpg","datePublished":"2021-01-27T10:30:13+00:00","dateModified":"2021-01-27T10:36:28+00:00","breadcrumb":{"@id":"https:\/\/nodusbarbera.cat\/es\/els-poligons-industrials-permetran-fer-un-pas-endavant-en-la-digitalitzacio-del-pais-i-la-implementacio-de-tecnologia-avancada-2\/#breadcrumb"},"inLanguage":"es","potentialAction":[{"@type":"ReadAction","target":["https:\/\/nodusbarbera.cat\/es\/els-poligons-industrials-permetran-fer-un-pas-endavant-en-la-digitalitzacio-del-pais-i-la-implementacio-de-tecnologia-avancada-2\/"]}]},{"@type":"ImageObject","inLanguage":"es","@id":"https:\/\/nodusbarbera.cat\/es\/els-poligons-industrials-permetran-fer-un-pas-endavant-en-la-digitalitzacio-del-pais-i-la-implementacio-de-tecnologia-avancada-2\/#primaryimage","url":"https:\/\/nodusbarbera.cat\/wp-content\/uploads\/1.jpg","contentUrl":"https:\/\/nodusbarbera.cat\/wp-content\/uploads\/1.jpg","width":124,"height":168},{"@type":"BreadcrumbList","@id":"https:\/\/nodusbarbera.cat\/es\/els-poligons-industrials-permetran-fer-un-pas-endavant-en-la-digitalitzacio-del-pais-i-la-implementacio-de-tecnologia-avancada-2\/#breadcrumb","itemListElement":[{"@type":"ListItem","position":1,"name":"Inici","item":"https:\/\/nodusbarbera.cat\/"},{"@type":"ListItem","position":2,"name":"Barber\u00e0 del Vall\u00e8s finaliza las obras de mejora de los PAE"}]},{"@type":"WebSite","@id":"https:\/\/nodusbarbera.cat\/#website","url":"https:\/\/nodusbarbera.cat\/","name":"Nodus Barber\u00e0","description":"Lloguer d&#039;oficines i despatxos a Barber\u00e0 del Vall\u00e8s, Barcelona.","publisher":{"@id":"https:\/\/nodusbarbera.cat\/#organization"},"potentialAction":[{"@type":"SearchAction","target":{"@type":"EntryPoint","urlTemplate":"https:\/\/nodusbarbera.cat\/?s={search_term_string}"},"query-input":{"@type":"PropertyValueSpecification","valueRequired":true,"valueName":"search_term_string"}}],"inLanguage":"es"},{"@type":"Organization","@id":"https:\/\/nodusbarbera.cat\/#organization","name":"Nodus Barber\u00e0","url":"https:\/\/nodusbarbera.cat\/","logo":{"@type":"ImageObject","inLanguage":"es","@id":"https:\/\/nodusbarbera.cat\/#\/schema\/logo\/image\/","url":"https:\/\/i0.wp.com\/nodusbarbera.cat\/wp-content\/uploads\/logo-footer-250.png?fit=250%2C231&ssl=1","contentUrl":"https:\/\/i0.wp.com\/nodusbarbera.cat\/wp-content\/uploads\/logo-footer-250.png?fit=250%2C231&ssl=1","width":250,"height":231,"caption":"Nodus Barber\u00e0"},"image":{"@id":"https:\/\/nodusbarbera.cat\/#\/schema\/logo\/image\/"},"sameAs":["https:\/\/www.facebook.com\/nodusbarbera","https:\/\/x.com\/nodusbarbera","https:\/\/www.instagram.com\/nodusbarbera\/","https:\/\/www.linkedin.com\/company\/nodus-barbera\/","https:\/\/www.youtube.com\/channel\/UCLJYdjFDfFQP1aGYuzUFd6A"]},{"@type":"Person","@id":"https:\/\/nodusbarbera.cat\/#\/schema\/person\/f3356bf21f659e7e41d958bbb784cfe4","name":"webmaster","image":{"@type":"ImageObject","inLanguage":"es","@id":"https:\/\/secure.gravatar.com\/avatar\/73641b46ed44db8f663f428fc279f909e9f48696e06a190b1e330f4634071610?s=96&d=mm&r=g","url":"https:\/\/secure.gravatar.com\/avatar\/73641b46ed44db8f663f428fc279f909e9f48696e06a190b1e330f4634071610?s=96&d=mm&r=g","contentUrl":"https:\/\/secure.gravatar.com\/avatar\/73641b46ed44db8f663f428fc279f909e9f48696e06a190b1e330f4634071610?s=96&d=mm&r=g","caption":"webmaster"}}]}},"_links":{"self":[{"href":"https:\/\/nodusbarbera.cat\/es\/wp-json\/wp\/v2\/posts\/6066","targetHints":{"allow":["GET"]}}],"collection":[{"href":"https:\/\/nodusbarbera.cat\/es\/wp-json\/wp\/v2\/posts"}],"about":[{"href":"https:\/\/nodusbarbera.cat\/es\/wp-json\/wp\/v2\/types\/post"}],"author":[{"embeddable":true,"href":"https:\/\/nodusbarbera.cat\/es\/wp-json\/wp\/v2\/users\/2"}],"replies":[{"embeddable":true,"href":"https:\/\/nodusbarbera.cat\/es\/wp-json\/wp\/v2\/comments?post=6066"}],"version-history":[{"count":4,"href":"https:\/\/nodusbarbera.cat\/es\/wp-json\/wp\/v2\/posts\/6066\/revisions"}],"predecessor-version":[{"id":6072,"href":"https:\/\/nodusbarbera.cat\/es\/wp-json\/wp\/v2\/posts\/6066\/revisions\/6072"}],"wp:featuredmedia":[{"embeddable":true,"href":"https:\/\/nodusbarbera.cat\/es\/wp-json\/wp\/v2\/media\/6054"}],"wp:attachment":[{"href":"https:\/\/nodusbarbera.cat\/es\/wp-json\/wp\/v2\/media?parent=6066"}],"wp:term":[{"taxonomy":"category","embeddable":true,"href":"https:\/\/nodusbarbera.cat\/es\/wp-json\/wp\/v2\/categories?post=6066"},{"taxonomy":"post_tag","embeddable":true,"href":"https:\/\/nodusbarbera.cat\/es\/wp-json\/wp\/v2\/tags?post=6066"}],"curies":[{"name":"wp","href":"https:\/\/api.w.org\/{rel}","templated":true}]}}