{"id":7042,"date":"2023-03-22T14:48:40","date_gmt":"2023-03-22T13:48:40","guid":{"rendered":"https:\/\/nodusbarbera.cat\/estem-contractant-dinamitzador-a-jardiner-a-per-pla-de-barris\/"},"modified":"2023-03-24T14:36:28","modified_gmt":"2023-03-24T13:36:28","slug":"estem-contractant-dinamitzador-a-jardiner-a-per-pla-de-barris","status":"publish","type":"post","link":"https:\/\/nodusbarbera.cat\/es\/estem-contractant-dinamitzador-a-jardiner-a-per-pla-de-barris\/","title":{"rendered":"Estamos contratando: Dinamizador\/a Jardinero\/a para Pla de Barris"},"content":{"rendered":"\n<p><meta charset=\"utf-8\">*AISA, empresa municipal del Ayuntamiento de Barber\u00e0 del Vall\u00e8s, t\u00e9 como objetivo la promoci\u00f3n econ\u00f3mica a trav\u00e9s de la dinamizaci\u00f3n de los pol\u00edgonos industriales, con los siguientes ejes: la innovaci\u00f3n, cooperaci\u00f3n empresarial y la promoci\u00f3n del tejido productivo, as\u00ed como el desarrollo local.<\/p>\n\n\n\n<!--more-->\n\n\n\n<p>Trabajar directamente con la comunidad del Barrio, por el desarrollo de acciones, talleres, experiencias, etc.a trav\u00e9s de valores medioambientales.<\/p>\n\n\n\n<p>Planificar, organizar y ejecutar actividades divulgativas y formativas utilizando como herramienta lo *jardi agroecol\u00f3gico. dirigido a los diferentes colectivos del barrio.<\/p>\n\n\n\n<h2 class=\"wp-block-heading\">FUNCIONES Y TAREAS<\/h2>\n\n\n\n<ul class=\"wp-block-list\">\n<li>Dise\u00f1ar diferentes actividades e itinerarios formativos a los diferentes colectivos del barrio,<\/li>\n\n\n\n<li>Impartir talleres y actividades en temas de agroecolog\u00eda<\/li>\n\n\n\n<li>Sensibilizar y divulgar los valores medioambientales a las diferentes actividades<\/li>\n\n\n\n<li>Tareas de comunicaci\u00f3n y publicidad de las actividades desarrolladas. Gesti\u00f3n de redes sociales<\/li>\n\n\n\n<li>Realizar informes de las actividades desarrolladas<\/li>\n<\/ul>\n\n\n\n<h2 class=\"wp-block-heading\">REQUISITOS<\/h2>\n\n\n\n<ul class=\"wp-block-list\">\n<li>Ciclos formativos de grado superior en jardiner\u00eda. Cursos especializados de jardiner\u00eda y dinamizaci\u00f3n de diferentes colectivos.<\/li>\n\n\n\n<li>Conocimiento en TIC\u2019s (paquetes ofim\u00e1tica e internet y otros que aporten valor a\u00f1adido al perfil requerido.<\/li>\n\n\n\n<li>Experiencia en la dinamizaci\u00f3n y\u00a0 desarrollo de talleres de temas agroecol\u00f3gicos a diferentes colectivos.<\/li>\n<\/ul>\n\n\n\n<h2 class=\"wp-block-heading\">COMPETENCIAS<\/h2>\n\n\n\n<ul class=\"wp-block-list\">\n<li>Proactividad.<\/li>\n\n\n\n<li>Liderazgo, coordinaci\u00f3n de equipos.<\/li>\n\n\n\n<li>Capacitado de planificaci\u00f3n.<\/li>\n\n\n\n<li>Buenas relaciones interpersonales y empat\u00eda.<\/li>\n<\/ul>\n\n\n\n<h2 class=\"wp-block-heading\">SE VALORAR\u00c1<\/h2>\n\n\n\n<ul class=\"wp-block-list\">\n<li>Experiencia como dinamizador\/a en temas de jard\u00edn agroecol\u00f3gico.<\/li>\n<\/ul>\n\n\n\n<h2 class=\"wp-block-heading\">CONDICIONES LABORALES<\/h2>\n\n\n\n<ul class=\"wp-block-list\">\n<li>Contrato laboral : abril 2023 a diciembre 2024.<\/li>\n\n\n\n<li>Salario:\u00a0 28.000 euros brutos\/anuales (14 pagas).<\/li>\n\n\n\n<li>Jornada laboral: 35 horas semanales.<\/li>\n\n\n\n<li>Inicio contrate: abril 2023.<\/li>\n<\/ul>\n\n\n\n<h2 class=\"wp-block-heading\">DOCUMENTACI\u00d3N A PRESENTAR:<\/h2>\n\n\n\n<ul class=\"wp-block-list\">\n<li>Curr\u00edculum Vitae.<\/li>\n\n\n\n<li>Fotocopia de la titulaci\u00f3n requerida.<\/li>\n<\/ul>\n\n\n\n<h2 class=\"wp-block-heading\">PROC\u00c9SO DE SELECCI\u00d3N<\/h2>\n\n\n\n<ul class=\"wp-block-list\">\n<li>Entrevista personal.<\/li>\n\n\n\n<li>Prueba escrita.<\/li>\n<\/ul>\n\n\n\n<h2 class=\"wp-block-heading\">INFORMACI\u00d3N<\/h2>\n\n\n\n<p><strong>AISA &#8211; Centre de Negocis Nodus Barber\u00e0<\/strong><\/p>\n\n\n\n<p>Carrer Mogoda, 1 Pol\u00edgon Industrial Can Salvatella 08210- Barber\u00e0 del Vall\u00e8s<\/p>\n\n\n\n<p>Tel.: 93 729 72 72 &#8211; <a href=\"mailto:nodus@nodusbarbera.cat\" target=\"_blank\" rel=\"noreferrer noopener\">nodus@nodusbarbera.cat<\/a><\/p>\n\n\n\n<p><a href=\"https:\/\/nodusbarbera.cat\/wp-content\/uploads\/OFERTA-dinamitzador-jardiner-PLA-DE-BARRIS.pdf\" target=\"_blank\" rel=\"noreferrer noopener\">Descarrega&#8217;t el document.<\/a><\/p>\n\n\n\n<p><\/p>\n\n\n\n<p><\/p>\n","protected":false},"excerpt":{"rendered":"<p>*AISA, empresa municipal del Ayuntamiento de Barber\u00e0 del Vall\u00e8s, t\u00e9 como objetivo la promoci\u00f3n econ\u00f3mica a trav\u00e9s de la dinamizaci\u00f3n de los pol\u00edgonos industriales, con los siguientes ejes: la innovaci\u00f3n, cooperaci\u00f3n empresarial y la promoci\u00f3n del tejido productivo, as\u00ed como el desarrollo local.<\/p>\n","protected":false},"author":2,"featured_media":6313,"comment_status":"closed","ping_status":"closed","sticky":false,"template":"","format":"standard","meta":{"footnotes":""},"categories":[19,9],"tags":[],"class_list":["post-7042","post","type-post","status-publish","format-standard","has-post-thumbnail","hentry","category-anuncios","category-noticias"],"yoast_head":"<!-- This site is optimized with the Yoast SEO plugin v27.5 - https:\/\/yoast.com\/product\/yoast-seo-wordpress\/ -->\n<title>Estamos contratando: Dinamizador\/a Jardinero\/a para Pla de Barris - Nodus Barber\u00e0<\/title>\n<meta name=\"robots\" content=\"index, follow, max-snippet:-1, max-image-preview:large, max-video-preview:-1\" \/>\n<link rel=\"canonical\" href=\"https:\/\/nodusbarbera.cat\/es\/estem-contractant-dinamitzador-a-jardiner-a-per-pla-de-barris\/\" \/>\n<meta property=\"og:locale\" content=\"es_ES\" \/>\n<meta property=\"og:type\" content=\"article\" \/>\n<meta property=\"og:title\" content=\"Estamos contratando: Dinamizador\/a Jardinero\/a para Pla de Barris - Nodus Barber\u00e0\" \/>\n<meta property=\"og:description\" content=\"*AISA, empresa municipal del Ayuntamiento de Barber\u00e0 del Vall\u00e8s, t\u00e9 como objetivo la promoci\u00f3n econ\u00f3mica a trav\u00e9s de la dinamizaci\u00f3n de los pol\u00edgonos industriales, con los siguientes ejes: la innovaci\u00f3n, cooperaci\u00f3n empresarial y la promoci\u00f3n del tejido productivo, as\u00ed como el desarrollo local.\" \/>\n<meta property=\"og:url\" content=\"https:\/\/nodusbarbera.cat\/es\/estem-contractant-dinamitzador-a-jardiner-a-per-pla-de-barris\/\" \/>\n<meta property=\"og:site_name\" content=\"Nodus Barber\u00e0\" \/>\n<meta property=\"article:publisher\" content=\"https:\/\/www.facebook.com\/nodusbarbera\" \/>\n<meta property=\"article:published_time\" content=\"2023-03-22T13:48:40+00:00\" \/>\n<meta property=\"article:modified_time\" content=\"2023-03-24T13:36:28+00:00\" \/>\n<meta property=\"og:image\" content=\"https:\/\/nodusbarbera.cat\/wp-content\/uploads\/oferta-feina-castellano.jpg\" \/>\n\t<meta property=\"og:image:width\" content=\"1200\" \/>\n\t<meta property=\"og:image:height\" content=\"700\" \/>\n\t<meta property=\"og:image:type\" content=\"image\/jpeg\" \/>\n<meta name=\"author\" content=\"webmaster\" \/>\n<meta name=\"twitter:card\" content=\"summary_large_image\" \/>\n<meta name=\"twitter:creator\" content=\"@nodusbarbera\" \/>\n<meta name=\"twitter:site\" content=\"@nodusbarbera\" \/>\n<meta name=\"twitter:label1\" content=\"Escrito por\" \/>\n\t<meta name=\"twitter:data1\" content=\"webmaster\" \/>\n\t<meta name=\"twitter:label2\" content=\"Tiempo de lectura\" \/>\n\t<meta name=\"twitter:data2\" content=\"2 minutos\" \/>\n<script type=\"application\/ld+json\" class=\"yoast-schema-graph\">{\"@context\":\"https:\\\/\\\/schema.org\",\"@graph\":[{\"@type\":\"Article\",\"@id\":\"https:\\\/\\\/nodusbarbera.cat\\\/es\\\/estem-contractant-dinamitzador-a-jardiner-a-per-pla-de-barris\\\/#article\",\"isPartOf\":{\"@id\":\"https:\\\/\\\/nodusbarbera.cat\\\/es\\\/estem-contractant-dinamitzador-a-jardiner-a-per-pla-de-barris\\\/\"},\"author\":{\"name\":\"webmaster\",\"@id\":\"https:\\\/\\\/nodusbarbera.cat\\\/#\\\/schema\\\/person\\\/f3356bf21f659e7e41d958bbb784cfe4\"},\"headline\":\"Estamos contratando: Dinamizador\\\/a Jardinero\\\/a para Pla de Barris\",\"datePublished\":\"2023-03-22T13:48:40+00:00\",\"dateModified\":\"2023-03-24T13:36:28+00:00\",\"mainEntityOfPage\":{\"@id\":\"https:\\\/\\\/nodusbarbera.cat\\\/es\\\/estem-contractant-dinamitzador-a-jardiner-a-per-pla-de-barris\\\/\"},\"wordCount\":317,\"publisher\":{\"@id\":\"https:\\\/\\\/nodusbarbera.cat\\\/#organization\"},\"image\":{\"@id\":\"https:\\\/\\\/nodusbarbera.cat\\\/es\\\/estem-contractant-dinamitzador-a-jardiner-a-per-pla-de-barris\\\/#primaryimage\"},\"thumbnailUrl\":\"https:\\\/\\\/nodusbarbera.cat\\\/wp-content\\\/uploads\\\/oferta-feina-castellano.jpg\",\"articleSection\":[\"Anuncios\",\"Noticias\"],\"inLanguage\":\"es\"},{\"@type\":\"WebPage\",\"@id\":\"https:\\\/\\\/nodusbarbera.cat\\\/es\\\/estem-contractant-dinamitzador-a-jardiner-a-per-pla-de-barris\\\/\",\"url\":\"https:\\\/\\\/nodusbarbera.cat\\\/es\\\/estem-contractant-dinamitzador-a-jardiner-a-per-pla-de-barris\\\/\",\"name\":\"Estamos contratando: Dinamizador\\\/a Jardinero\\\/a para Pla de Barris - Nodus Barber\u00e0\",\"isPartOf\":{\"@id\":\"https:\\\/\\\/nodusbarbera.cat\\\/#website\"},\"primaryImageOfPage\":{\"@id\":\"https:\\\/\\\/nodusbarbera.cat\\\/es\\\/estem-contractant-dinamitzador-a-jardiner-a-per-pla-de-barris\\\/#primaryimage\"},\"image\":{\"@id\":\"https:\\\/\\\/nodusbarbera.cat\\\/es\\\/estem-contractant-dinamitzador-a-jardiner-a-per-pla-de-barris\\\/#primaryimage\"},\"thumbnailUrl\":\"https:\\\/\\\/nodusbarbera.cat\\\/wp-content\\\/uploads\\\/oferta-feina-castellano.jpg\",\"datePublished\":\"2023-03-22T13:48:40+00:00\",\"dateModified\":\"2023-03-24T13:36:28+00:00\",\"breadcrumb\":{\"@id\":\"https:\\\/\\\/nodusbarbera.cat\\\/es\\\/estem-contractant-dinamitzador-a-jardiner-a-per-pla-de-barris\\\/#breadcrumb\"},\"inLanguage\":\"es\",\"potentialAction\":[{\"@type\":\"ReadAction\",\"target\":[\"https:\\\/\\\/nodusbarbera.cat\\\/es\\\/estem-contractant-dinamitzador-a-jardiner-a-per-pla-de-barris\\\/\"]}]},{\"@type\":\"ImageObject\",\"inLanguage\":\"es\",\"@id\":\"https:\\\/\\\/nodusbarbera.cat\\\/es\\\/estem-contractant-dinamitzador-a-jardiner-a-per-pla-de-barris\\\/#primaryimage\",\"url\":\"https:\\\/\\\/nodusbarbera.cat\\\/wp-content\\\/uploads\\\/oferta-feina-castellano.jpg\",\"contentUrl\":\"https:\\\/\\\/nodusbarbera.cat\\\/wp-content\\\/uploads\\\/oferta-feina-castellano.jpg\",\"width\":1200,\"height\":700},{\"@type\":\"BreadcrumbList\",\"@id\":\"https:\\\/\\\/nodusbarbera.cat\\\/es\\\/estem-contractant-dinamitzador-a-jardiner-a-per-pla-de-barris\\\/#breadcrumb\",\"itemListElement\":[{\"@type\":\"ListItem\",\"position\":1,\"name\":\"Inici\",\"item\":\"https:\\\/\\\/nodusbarbera.cat\\\/\"},{\"@type\":\"ListItem\",\"position\":2,\"name\":\"Estamos contratando: Dinamizador\\\/a Jardinero\\\/a para Pla de Barris\"}]},{\"@type\":\"WebSite\",\"@id\":\"https:\\\/\\\/nodusbarbera.cat\\\/#website\",\"url\":\"https:\\\/\\\/nodusbarbera.cat\\\/\",\"name\":\"Nodus Barber\u00e0\",\"description\":\"Lloguer d&#039;oficines i despatxos a Barber\u00e0 del Vall\u00e8s, Barcelona.\",\"publisher\":{\"@id\":\"https:\\\/\\\/nodusbarbera.cat\\\/#organization\"},\"potentialAction\":[{\"@type\":\"SearchAction\",\"target\":{\"@type\":\"EntryPoint\",\"urlTemplate\":\"https:\\\/\\\/nodusbarbera.cat\\\/?s={search_term_string}\"},\"query-input\":{\"@type\":\"PropertyValueSpecification\",\"valueRequired\":true,\"valueName\":\"search_term_string\"}}],\"inLanguage\":\"es\"},{\"@type\":\"Organization\",\"@id\":\"https:\\\/\\\/nodusbarbera.cat\\\/#organization\",\"name\":\"Nodus Barber\u00e0\",\"url\":\"https:\\\/\\\/nodusbarbera.cat\\\/\",\"logo\":{\"@type\":\"ImageObject\",\"inLanguage\":\"es\",\"@id\":\"https:\\\/\\\/nodusbarbera.cat\\\/#\\\/schema\\\/logo\\\/image\\\/\",\"url\":\"https:\\\/\\\/i0.wp.com\\\/nodusbarbera.cat\\\/wp-content\\\/uploads\\\/logo-footer-250.png?fit=250%2C231&ssl=1\",\"contentUrl\":\"https:\\\/\\\/i0.wp.com\\\/nodusbarbera.cat\\\/wp-content\\\/uploads\\\/logo-footer-250.png?fit=250%2C231&ssl=1\",\"width\":250,\"height\":231,\"caption\":\"Nodus Barber\u00e0\"},\"image\":{\"@id\":\"https:\\\/\\\/nodusbarbera.cat\\\/#\\\/schema\\\/logo\\\/image\\\/\"},\"sameAs\":[\"https:\\\/\\\/www.facebook.com\\\/nodusbarbera\",\"https:\\\/\\\/x.com\\\/nodusbarbera\",\"https:\\\/\\\/www.instagram.com\\\/nodusbarbera\\\/\",\"https:\\\/\\\/www.linkedin.com\\\/company\\\/nodus-barbera\\\/\",\"https:\\\/\\\/www.youtube.com\\\/channel\\\/UCLJYdjFDfFQP1aGYuzUFd6A\"]},{\"@type\":\"Person\",\"@id\":\"https:\\\/\\\/nodusbarbera.cat\\\/#\\\/schema\\\/person\\\/f3356bf21f659e7e41d958bbb784cfe4\",\"name\":\"webmaster\",\"image\":{\"@type\":\"ImageObject\",\"inLanguage\":\"es\",\"@id\":\"https:\\\/\\\/secure.gravatar.com\\\/avatar\\\/73641b46ed44db8f663f428fc279f909e9f48696e06a190b1e330f4634071610?s=96&d=mm&r=g\",\"url\":\"https:\\\/\\\/secure.gravatar.com\\\/avatar\\\/73641b46ed44db8f663f428fc279f909e9f48696e06a190b1e330f4634071610?s=96&d=mm&r=g\",\"contentUrl\":\"https:\\\/\\\/secure.gravatar.com\\\/avatar\\\/73641b46ed44db8f663f428fc279f909e9f48696e06a190b1e330f4634071610?s=96&d=mm&r=g\",\"caption\":\"webmaster\"}}]}<\/script>\n<!-- \/ Yoast SEO plugin. -->","yoast_head_json":{"title":"Estamos contratando: Dinamizador\/a Jardinero\/a para Pla de Barris - Nodus Barber\u00e0","robots":{"index":"index","follow":"follow","max-snippet":"max-snippet:-1","max-image-preview":"max-image-preview:large","max-video-preview":"max-video-preview:-1"},"canonical":"https:\/\/nodusbarbera.cat\/es\/estem-contractant-dinamitzador-a-jardiner-a-per-pla-de-barris\/","og_locale":"es_ES","og_type":"article","og_title":"Estamos contratando: Dinamizador\/a Jardinero\/a para Pla de Barris - Nodus Barber\u00e0","og_description":"*AISA, empresa municipal del Ayuntamiento de Barber\u00e0 del Vall\u00e8s, t\u00e9 como objetivo la promoci\u00f3n econ\u00f3mica a trav\u00e9s de la dinamizaci\u00f3n de los pol\u00edgonos industriales, con los siguientes ejes: la innovaci\u00f3n, cooperaci\u00f3n empresarial y la promoci\u00f3n del tejido productivo, as\u00ed como el desarrollo local.","og_url":"https:\/\/nodusbarbera.cat\/es\/estem-contractant-dinamitzador-a-jardiner-a-per-pla-de-barris\/","og_site_name":"Nodus Barber\u00e0","article_publisher":"https:\/\/www.facebook.com\/nodusbarbera","article_published_time":"2023-03-22T13:48:40+00:00","article_modified_time":"2023-03-24T13:36:28+00:00","og_image":[{"width":1200,"height":700,"url":"https:\/\/nodusbarbera.cat\/wp-content\/uploads\/oferta-feina-castellano.jpg","type":"image\/jpeg"}],"author":"webmaster","twitter_card":"summary_large_image","twitter_creator":"@nodusbarbera","twitter_site":"@nodusbarbera","twitter_misc":{"Escrito por":"webmaster","Tiempo de lectura":"2 minutos"},"schema":{"@context":"https:\/\/schema.org","@graph":[{"@type":"Article","@id":"https:\/\/nodusbarbera.cat\/es\/estem-contractant-dinamitzador-a-jardiner-a-per-pla-de-barris\/#article","isPartOf":{"@id":"https:\/\/nodusbarbera.cat\/es\/estem-contractant-dinamitzador-a-jardiner-a-per-pla-de-barris\/"},"author":{"name":"webmaster","@id":"https:\/\/nodusbarbera.cat\/#\/schema\/person\/f3356bf21f659e7e41d958bbb784cfe4"},"headline":"Estamos contratando: Dinamizador\/a Jardinero\/a para Pla de Barris","datePublished":"2023-03-22T13:48:40+00:00","dateModified":"2023-03-24T13:36:28+00:00","mainEntityOfPage":{"@id":"https:\/\/nodusbarbera.cat\/es\/estem-contractant-dinamitzador-a-jardiner-a-per-pla-de-barris\/"},"wordCount":317,"publisher":{"@id":"https:\/\/nodusbarbera.cat\/#organization"},"image":{"@id":"https:\/\/nodusbarbera.cat\/es\/estem-contractant-dinamitzador-a-jardiner-a-per-pla-de-barris\/#primaryimage"},"thumbnailUrl":"https:\/\/nodusbarbera.cat\/wp-content\/uploads\/oferta-feina-castellano.jpg","articleSection":["Anuncios","Noticias"],"inLanguage":"es"},{"@type":"WebPage","@id":"https:\/\/nodusbarbera.cat\/es\/estem-contractant-dinamitzador-a-jardiner-a-per-pla-de-barris\/","url":"https:\/\/nodusbarbera.cat\/es\/estem-contractant-dinamitzador-a-jardiner-a-per-pla-de-barris\/","name":"Estamos contratando: Dinamizador\/a Jardinero\/a para Pla de Barris - Nodus Barber\u00e0","isPartOf":{"@id":"https:\/\/nodusbarbera.cat\/#website"},"primaryImageOfPage":{"@id":"https:\/\/nodusbarbera.cat\/es\/estem-contractant-dinamitzador-a-jardiner-a-per-pla-de-barris\/#primaryimage"},"image":{"@id":"https:\/\/nodusbarbera.cat\/es\/estem-contractant-dinamitzador-a-jardiner-a-per-pla-de-barris\/#primaryimage"},"thumbnailUrl":"https:\/\/nodusbarbera.cat\/wp-content\/uploads\/oferta-feina-castellano.jpg","datePublished":"2023-03-22T13:48:40+00:00","dateModified":"2023-03-24T13:36:28+00:00","breadcrumb":{"@id":"https:\/\/nodusbarbera.cat\/es\/estem-contractant-dinamitzador-a-jardiner-a-per-pla-de-barris\/#breadcrumb"},"inLanguage":"es","potentialAction":[{"@type":"ReadAction","target":["https:\/\/nodusbarbera.cat\/es\/estem-contractant-dinamitzador-a-jardiner-a-per-pla-de-barris\/"]}]},{"@type":"ImageObject","inLanguage":"es","@id":"https:\/\/nodusbarbera.cat\/es\/estem-contractant-dinamitzador-a-jardiner-a-per-pla-de-barris\/#primaryimage","url":"https:\/\/nodusbarbera.cat\/wp-content\/uploads\/oferta-feina-castellano.jpg","contentUrl":"https:\/\/nodusbarbera.cat\/wp-content\/uploads\/oferta-feina-castellano.jpg","width":1200,"height":700},{"@type":"BreadcrumbList","@id":"https:\/\/nodusbarbera.cat\/es\/estem-contractant-dinamitzador-a-jardiner-a-per-pla-de-barris\/#breadcrumb","itemListElement":[{"@type":"ListItem","position":1,"name":"Inici","item":"https:\/\/nodusbarbera.cat\/"},{"@type":"ListItem","position":2,"name":"Estamos contratando: Dinamizador\/a Jardinero\/a para Pla de Barris"}]},{"@type":"WebSite","@id":"https:\/\/nodusbarbera.cat\/#website","url":"https:\/\/nodusbarbera.cat\/","name":"Nodus Barber\u00e0","description":"Lloguer d&#039;oficines i despatxos a Barber\u00e0 del Vall\u00e8s, Barcelona.","publisher":{"@id":"https:\/\/nodusbarbera.cat\/#organization"},"potentialAction":[{"@type":"SearchAction","target":{"@type":"EntryPoint","urlTemplate":"https:\/\/nodusbarbera.cat\/?s={search_term_string}"},"query-input":{"@type":"PropertyValueSpecification","valueRequired":true,"valueName":"search_term_string"}}],"inLanguage":"es"},{"@type":"Organization","@id":"https:\/\/nodusbarbera.cat\/#organization","name":"Nodus Barber\u00e0","url":"https:\/\/nodusbarbera.cat\/","logo":{"@type":"ImageObject","inLanguage":"es","@id":"https:\/\/nodusbarbera.cat\/#\/schema\/logo\/image\/","url":"https:\/\/i0.wp.com\/nodusbarbera.cat\/wp-content\/uploads\/logo-footer-250.png?fit=250%2C231&ssl=1","contentUrl":"https:\/\/i0.wp.com\/nodusbarbera.cat\/wp-content\/uploads\/logo-footer-250.png?fit=250%2C231&ssl=1","width":250,"height":231,"caption":"Nodus Barber\u00e0"},"image":{"@id":"https:\/\/nodusbarbera.cat\/#\/schema\/logo\/image\/"},"sameAs":["https:\/\/www.facebook.com\/nodusbarbera","https:\/\/x.com\/nodusbarbera","https:\/\/www.instagram.com\/nodusbarbera\/","https:\/\/www.linkedin.com\/company\/nodus-barbera\/","https:\/\/www.youtube.com\/channel\/UCLJYdjFDfFQP1aGYuzUFd6A"]},{"@type":"Person","@id":"https:\/\/nodusbarbera.cat\/#\/schema\/person\/f3356bf21f659e7e41d958bbb784cfe4","name":"webmaster","image":{"@type":"ImageObject","inLanguage":"es","@id":"https:\/\/secure.gravatar.com\/avatar\/73641b46ed44db8f663f428fc279f909e9f48696e06a190b1e330f4634071610?s=96&d=mm&r=g","url":"https:\/\/secure.gravatar.com\/avatar\/73641b46ed44db8f663f428fc279f909e9f48696e06a190b1e330f4634071610?s=96&d=mm&r=g","contentUrl":"https:\/\/secure.gravatar.com\/avatar\/73641b46ed44db8f663f428fc279f909e9f48696e06a190b1e330f4634071610?s=96&d=mm&r=g","caption":"webmaster"}}]}},"_links":{"self":[{"href":"https:\/\/nodusbarbera.cat\/es\/wp-json\/wp\/v2\/posts\/7042","targetHints":{"allow":["GET"]}}],"collection":[{"href":"https:\/\/nodusbarbera.cat\/es\/wp-json\/wp\/v2\/posts"}],"about":[{"href":"https:\/\/nodusbarbera.cat\/es\/wp-json\/wp\/v2\/types\/post"}],"author":[{"embeddable":true,"href":"https:\/\/nodusbarbera.cat\/es\/wp-json\/wp\/v2\/users\/2"}],"replies":[{"embeddable":true,"href":"https:\/\/nodusbarbera.cat\/es\/wp-json\/wp\/v2\/comments?post=7042"}],"version-history":[{"count":2,"href":"https:\/\/nodusbarbera.cat\/es\/wp-json\/wp\/v2\/posts\/7042\/revisions"}],"predecessor-version":[{"id":7045,"href":"https:\/\/nodusbarbera.cat\/es\/wp-json\/wp\/v2\/posts\/7042\/revisions\/7045"}],"wp:featuredmedia":[{"embeddable":true,"href":"https:\/\/nodusbarbera.cat\/es\/wp-json\/wp\/v2\/media\/6313"}],"wp:attachment":[{"href":"https:\/\/nodusbarbera.cat\/es\/wp-json\/wp\/v2\/media?parent=7042"}],"wp:term":[{"taxonomy":"category","embeddable":true,"href":"https:\/\/nodusbarbera.cat\/es\/wp-json\/wp\/v2\/categories?post=7042"},{"taxonomy":"post_tag","embeddable":true,"href":"https:\/\/nodusbarbera.cat\/es\/wp-json\/wp\/v2\/tags?post=7042"}],"curies":[{"name":"wp","href":"https:\/\/api.w.org\/{rel}","templated":true}]}}