{"id":7912,"date":"2024-06-06T08:16:21","date_gmt":"2024-06-06T07:16:21","guid":{"rendered":"https:\/\/new.nodusbarbera.cat\/la-xarxa-dempresaries-barbera-nou-pla-estrategic\/"},"modified":"2024-10-15T15:26:36","modified_gmt":"2024-10-15T14:26:36","slug":"la-xarxa-dempresaries-barbera-nou-pla-estrategic","status":"publish","type":"post","link":"https:\/\/nodusbarbera.cat\/es\/la-xarxa-dempresaries-barbera-nou-pla-estrategic\/","title":{"rendered":"La Red de Empresarias y Directivas de Barber\u00e0 del Vall\u00e8s presenta su nuevo plan estrat\u00e9gico en un Encuentro con la presencia de m\u00e1s de 30 empresas"},"content":{"rendered":"\n<!--more-->\n\n\n\n<ul class=\"wp-block-list\">\n<li><strong>El acto enmarcado como 1r caf\u00e9 de Ideas ha contado con la ponencia marco de Teresa Sanfeliu, economista y asesora de empresas y la clausura del Alcalde de Barber\u00e0 del Vall\u00e8s, Xavier Garc\u00e9s<\/strong><\/li>\n<\/ul>\n\n\n\n<p class=\"has-text-align-justify\">Nodus Barber\u00e0 ha acogido el primer caf\u00e9 de Ideas organizado por la Red de Empresarias y Directivas de Barber\u00e0 del Vall\u00e8s, como punto de partida de la segunda fase de la iniciativa que promueve la visibilizaci\u00f3n de las mujeres en el tejido productivo de la ciudad y su rol en el incremento de la competitividad de las empresas.<\/p>\n\n\n\n<p class=\"has-text-align-justify\">El acto ha tenido como objetivo presentar este nuevo marco estrat\u00e9gico y reflexionar sobre la importancia de la perspectiva econ\u00f3mica en las empresas a trav\u00e9s de la <strong>ponencia \u00ab\u00bfEl dinero da la felicidad?\u00bb<\/strong> a cargo de Teresa Sanfeliu, CEO y fundadora de TS Grup. Este encuentro ha constado de un espacio de networking y la dinamizaci\u00f3n de Imma P\u00e9rez, directora de Nottopic.<\/p>\n\n\n\n<p>La asistencia de 30 empresas de la ciudad ha dejado patente la importancia de apostar por un modelo territorial que suma visiones en clave de g\u00e9nero apostando por la igualdad como elemento de competitividad de las empresas industriales, el comercio de proximidad y los servicios.<\/p>\n\n\n\n<p class=\"has-text-align-justify\">En el marco de los pr\u00f3ximos meses, la Red realizar\u00e1 diferentes sesiones presenciales basadas en el conocimiento compartido a trav\u00e9s de formatos como el de hoy, talleres de competencias, encuentros de Afterwork y jornadas de gran formato, con el objetivo de consolidar el espacio de encuentro como un marco eficiente por las alianzas y la colaboraci\u00f3n entre las personas integrantes.<\/p>\n\n\n\n<p><strong>Sobre la Red de Empresarias y Directivas de Barber\u00e0 del Vall\u00e8s<\/strong><\/p>\n\n\n\n<p class=\"has-text-align-justify\">Iniciativa local impulsada en marzo de 2022 para visibilizar el papel de las mujeres en la empresa, sumar esfuerzos y promover un modelo econ\u00f3mico y social innovador y sostenible de alta competitividad, cuenta con m\u00e1s de 40 integrantes y trabaja desde su grupo motor para a consolidar un espacio de encuentro, aprendizaje y sinergias entre mujeres emprendedoras, directivas y profesionales de Barber\u00e0 del Vall\u00e8s y la comarca.<\/p>\n\n\n\n<p>Para m\u00e1s informaci\u00f3n <a href=\"https:\/\/www.xarxaempresariesbdv.cat\/\" target=\"_blank\" rel=\"noreferrer noopener\">www.xarxaempresariesbdv.cat<\/a> Tel. 937297272<\/p>\n\n\n\n<p><img loading=\"lazy\" decoding=\"async\" width=\"304\" height=\"105\" src=\"https:\/\/lh7-us.googleusercontent.com\/docsz\/AD_4nXc9JKe69Z4HBAfbZq-nUKSMUPS1l8pkOWYiB4W04jZoi6mVrTYHRT6KrlMy3Qhav6yroyeGwA1X9LGWM7ogp0w5Ctb0Fxhx4_yTw_ajOH-SlBPQP2JlnNG66D0dZq5ZUnOSAo_8gtVSXtxsNMnlyc-b12yoORNAjVd8Yr8jSBuYXAOKx8ZdfZE?key=VWxoJF4ydrSMAL4GLWgoUQ\"><\/p>\n\n\n\n<p>Contacto. Alba Muniesa \/ Correo <a href=\"mailto:xarxaempresariesbdv@gmail.com\">xarxaempresariesbdv@gmail.com<\/a><\/p>\n\n\n\n<p>IG <a href=\"https:\/\/www.instagram.com\/xarxaempresariesbdv\/\" target=\"_blank\" rel=\"noreferrer noopener\">@xarxaempresariesbdv<\/a><\/p>\n","protected":false},"excerpt":{"rendered":"","protected":false},"author":2,"featured_media":7898,"comment_status":"closed","ping_status":"closed","sticky":false,"template":"","format":"standard","meta":{"footnotes":""},"categories":[19,9],"tags":[],"class_list":["post-7912","post","type-post","status-publish","format-standard","has-post-thumbnail","hentry","category-anuncios","category-noticias"],"yoast_head":"<!-- This site is optimized with the Yoast SEO plugin v27.5 - https:\/\/yoast.com\/product\/yoast-seo-wordpress\/ -->\n<title>La Red de Empresarias y Directivas de Barber\u00e0 del Vall\u00e8s presenta su nuevo plan estrat\u00e9gico en un Encuentro con la presencia de m\u00e1s de 30 empresas - Nodus Barber\u00e0<\/title>\n<meta name=\"robots\" content=\"index, follow, max-snippet:-1, max-image-preview:large, max-video-preview:-1\" \/>\n<link rel=\"canonical\" href=\"https:\/\/nodusbarbera.cat\/es\/la-xarxa-dempresaries-barbera-nou-pla-estrategic\/\" \/>\n<meta property=\"og:locale\" content=\"es_ES\" \/>\n<meta property=\"og:type\" content=\"article\" \/>\n<meta property=\"og:title\" content=\"La Red de Empresarias y Directivas de Barber\u00e0 del Vall\u00e8s presenta su nuevo plan estrat\u00e9gico en un Encuentro con la presencia de m\u00e1s de 30 empresas - Nodus Barber\u00e0\" \/>\n<meta property=\"og:url\" content=\"https:\/\/nodusbarbera.cat\/es\/la-xarxa-dempresaries-barbera-nou-pla-estrategic\/\" \/>\n<meta property=\"og:site_name\" content=\"Nodus Barber\u00e0\" \/>\n<meta property=\"article:publisher\" content=\"https:\/\/www.facebook.com\/nodusbarbera\" \/>\n<meta property=\"article:published_time\" content=\"2024-06-06T07:16:21+00:00\" \/>\n<meta property=\"article:modified_time\" content=\"2024-10-15T14:26:36+00:00\" \/>\n<meta property=\"og:image\" content=\"https:\/\/nodusbarbera.cat\/wp-content\/uploads\/xarxa-empresaries-1.jpeg\" \/>\n\t<meta property=\"og:image:width\" content=\"2048\" \/>\n\t<meta property=\"og:image:height\" content=\"1345\" \/>\n\t<meta property=\"og:image:type\" content=\"image\/jpeg\" \/>\n<meta name=\"author\" content=\"webmaster\" \/>\n<meta name=\"twitter:card\" content=\"summary_large_image\" \/>\n<meta name=\"twitter:creator\" content=\"@nodusbarbera\" \/>\n<meta name=\"twitter:site\" content=\"@nodusbarbera\" \/>\n<meta name=\"twitter:label1\" content=\"Escrito por\" \/>\n\t<meta name=\"twitter:data1\" content=\"webmaster\" \/>\n\t<meta name=\"twitter:label2\" content=\"Tiempo de lectura\" \/>\n\t<meta name=\"twitter:data2\" content=\"3 minutos\" \/>\n<script type=\"application\/ld+json\" class=\"yoast-schema-graph\">{\"@context\":\"https:\\\/\\\/schema.org\",\"@graph\":[{\"@type\":\"Article\",\"@id\":\"https:\\\/\\\/nodusbarbera.cat\\\/es\\\/la-xarxa-dempresaries-barbera-nou-pla-estrategic\\\/#article\",\"isPartOf\":{\"@id\":\"https:\\\/\\\/nodusbarbera.cat\\\/es\\\/la-xarxa-dempresaries-barbera-nou-pla-estrategic\\\/\"},\"author\":{\"name\":\"webmaster\",\"@id\":\"https:\\\/\\\/nodusbarbera.cat\\\/#\\\/schema\\\/person\\\/f3356bf21f659e7e41d958bbb784cfe4\"},\"headline\":\"La Red de Empresarias y Directivas de Barber\u00e0 del Vall\u00e8s presenta su nuevo plan estrat\u00e9gico en un Encuentro con la presencia de m\u00e1s de 30 empresas\",\"datePublished\":\"2024-06-06T07:16:21+00:00\",\"dateModified\":\"2024-10-15T14:26:36+00:00\",\"mainEntityOfPage\":{\"@id\":\"https:\\\/\\\/nodusbarbera.cat\\\/es\\\/la-xarxa-dempresaries-barbera-nou-pla-estrategic\\\/\"},\"wordCount\":396,\"publisher\":{\"@id\":\"https:\\\/\\\/nodusbarbera.cat\\\/#organization\"},\"image\":{\"@id\":\"https:\\\/\\\/nodusbarbera.cat\\\/es\\\/la-xarxa-dempresaries-barbera-nou-pla-estrategic\\\/#primaryimage\"},\"thumbnailUrl\":\"https:\\\/\\\/nodusbarbera.cat\\\/wp-content\\\/uploads\\\/xarxa-empresaries-1.jpeg\",\"articleSection\":[\"Anuncios\",\"Noticias\"],\"inLanguage\":\"es\"},{\"@type\":\"WebPage\",\"@id\":\"https:\\\/\\\/nodusbarbera.cat\\\/es\\\/la-xarxa-dempresaries-barbera-nou-pla-estrategic\\\/\",\"url\":\"https:\\\/\\\/nodusbarbera.cat\\\/es\\\/la-xarxa-dempresaries-barbera-nou-pla-estrategic\\\/\",\"name\":\"La Red de Empresarias y Directivas de Barber\u00e0 del Vall\u00e8s presenta su nuevo plan estrat\u00e9gico en un Encuentro con la presencia de m\u00e1s de 30 empresas - Nodus Barber\u00e0\",\"isPartOf\":{\"@id\":\"https:\\\/\\\/nodusbarbera.cat\\\/#website\"},\"primaryImageOfPage\":{\"@id\":\"https:\\\/\\\/nodusbarbera.cat\\\/es\\\/la-xarxa-dempresaries-barbera-nou-pla-estrategic\\\/#primaryimage\"},\"image\":{\"@id\":\"https:\\\/\\\/nodusbarbera.cat\\\/es\\\/la-xarxa-dempresaries-barbera-nou-pla-estrategic\\\/#primaryimage\"},\"thumbnailUrl\":\"https:\\\/\\\/nodusbarbera.cat\\\/wp-content\\\/uploads\\\/xarxa-empresaries-1.jpeg\",\"datePublished\":\"2024-06-06T07:16:21+00:00\",\"dateModified\":\"2024-10-15T14:26:36+00:00\",\"breadcrumb\":{\"@id\":\"https:\\\/\\\/nodusbarbera.cat\\\/es\\\/la-xarxa-dempresaries-barbera-nou-pla-estrategic\\\/#breadcrumb\"},\"inLanguage\":\"es\",\"potentialAction\":[{\"@type\":\"ReadAction\",\"target\":[\"https:\\\/\\\/nodusbarbera.cat\\\/es\\\/la-xarxa-dempresaries-barbera-nou-pla-estrategic\\\/\"]}]},{\"@type\":\"ImageObject\",\"inLanguage\":\"es\",\"@id\":\"https:\\\/\\\/nodusbarbera.cat\\\/es\\\/la-xarxa-dempresaries-barbera-nou-pla-estrategic\\\/#primaryimage\",\"url\":\"https:\\\/\\\/nodusbarbera.cat\\\/wp-content\\\/uploads\\\/xarxa-empresaries-1.jpeg\",\"contentUrl\":\"https:\\\/\\\/nodusbarbera.cat\\\/wp-content\\\/uploads\\\/xarxa-empresaries-1.jpeg\",\"width\":2048,\"height\":1345},{\"@type\":\"BreadcrumbList\",\"@id\":\"https:\\\/\\\/nodusbarbera.cat\\\/es\\\/la-xarxa-dempresaries-barbera-nou-pla-estrategic\\\/#breadcrumb\",\"itemListElement\":[{\"@type\":\"ListItem\",\"position\":1,\"name\":\"Inici\",\"item\":\"https:\\\/\\\/nodusbarbera.cat\\\/\"},{\"@type\":\"ListItem\",\"position\":2,\"name\":\"La Red de Empresarias y Directivas de Barber\u00e0 del Vall\u00e8s presenta su nuevo plan estrat\u00e9gico en un Encuentro con la presencia de m\u00e1s de 30 empresas\"}]},{\"@type\":\"WebSite\",\"@id\":\"https:\\\/\\\/nodusbarbera.cat\\\/#website\",\"url\":\"https:\\\/\\\/nodusbarbera.cat\\\/\",\"name\":\"Nodus Barber\u00e0\",\"description\":\"Lloguer d&#039;oficines i despatxos a Barber\u00e0 del Vall\u00e8s, Barcelona.\",\"publisher\":{\"@id\":\"https:\\\/\\\/nodusbarbera.cat\\\/#organization\"},\"potentialAction\":[{\"@type\":\"SearchAction\",\"target\":{\"@type\":\"EntryPoint\",\"urlTemplate\":\"https:\\\/\\\/nodusbarbera.cat\\\/?s={search_term_string}\"},\"query-input\":{\"@type\":\"PropertyValueSpecification\",\"valueRequired\":true,\"valueName\":\"search_term_string\"}}],\"inLanguage\":\"es\"},{\"@type\":\"Organization\",\"@id\":\"https:\\\/\\\/nodusbarbera.cat\\\/#organization\",\"name\":\"Nodus Barber\u00e0\",\"url\":\"https:\\\/\\\/nodusbarbera.cat\\\/\",\"logo\":{\"@type\":\"ImageObject\",\"inLanguage\":\"es\",\"@id\":\"https:\\\/\\\/nodusbarbera.cat\\\/#\\\/schema\\\/logo\\\/image\\\/\",\"url\":\"https:\\\/\\\/i0.wp.com\\\/nodusbarbera.cat\\\/wp-content\\\/uploads\\\/logo-footer-250.png?fit=250%2C231&ssl=1\",\"contentUrl\":\"https:\\\/\\\/i0.wp.com\\\/nodusbarbera.cat\\\/wp-content\\\/uploads\\\/logo-footer-250.png?fit=250%2C231&ssl=1\",\"width\":250,\"height\":231,\"caption\":\"Nodus Barber\u00e0\"},\"image\":{\"@id\":\"https:\\\/\\\/nodusbarbera.cat\\\/#\\\/schema\\\/logo\\\/image\\\/\"},\"sameAs\":[\"https:\\\/\\\/www.facebook.com\\\/nodusbarbera\",\"https:\\\/\\\/x.com\\\/nodusbarbera\",\"https:\\\/\\\/www.instagram.com\\\/nodusbarbera\\\/\",\"https:\\\/\\\/www.linkedin.com\\\/company\\\/nodus-barbera\\\/\",\"https:\\\/\\\/www.youtube.com\\\/channel\\\/UCLJYdjFDfFQP1aGYuzUFd6A\"]},{\"@type\":\"Person\",\"@id\":\"https:\\\/\\\/nodusbarbera.cat\\\/#\\\/schema\\\/person\\\/f3356bf21f659e7e41d958bbb784cfe4\",\"name\":\"webmaster\",\"image\":{\"@type\":\"ImageObject\",\"inLanguage\":\"es\",\"@id\":\"https:\\\/\\\/secure.gravatar.com\\\/avatar\\\/73641b46ed44db8f663f428fc279f909e9f48696e06a190b1e330f4634071610?s=96&d=mm&r=g\",\"url\":\"https:\\\/\\\/secure.gravatar.com\\\/avatar\\\/73641b46ed44db8f663f428fc279f909e9f48696e06a190b1e330f4634071610?s=96&d=mm&r=g\",\"contentUrl\":\"https:\\\/\\\/secure.gravatar.com\\\/avatar\\\/73641b46ed44db8f663f428fc279f909e9f48696e06a190b1e330f4634071610?s=96&d=mm&r=g\",\"caption\":\"webmaster\"}}]}<\/script>\n<!-- \/ Yoast SEO plugin. -->","yoast_head_json":{"title":"La Red de Empresarias y Directivas de Barber\u00e0 del Vall\u00e8s presenta su nuevo plan estrat\u00e9gico en un Encuentro con la presencia de m\u00e1s de 30 empresas - Nodus Barber\u00e0","robots":{"index":"index","follow":"follow","max-snippet":"max-snippet:-1","max-image-preview":"max-image-preview:large","max-video-preview":"max-video-preview:-1"},"canonical":"https:\/\/nodusbarbera.cat\/es\/la-xarxa-dempresaries-barbera-nou-pla-estrategic\/","og_locale":"es_ES","og_type":"article","og_title":"La Red de Empresarias y Directivas de Barber\u00e0 del Vall\u00e8s presenta su nuevo plan estrat\u00e9gico en un Encuentro con la presencia de m\u00e1s de 30 empresas - Nodus Barber\u00e0","og_url":"https:\/\/nodusbarbera.cat\/es\/la-xarxa-dempresaries-barbera-nou-pla-estrategic\/","og_site_name":"Nodus Barber\u00e0","article_publisher":"https:\/\/www.facebook.com\/nodusbarbera","article_published_time":"2024-06-06T07:16:21+00:00","article_modified_time":"2024-10-15T14:26:36+00:00","og_image":[{"width":2048,"height":1345,"url":"https:\/\/nodusbarbera.cat\/wp-content\/uploads\/xarxa-empresaries-1.jpeg","type":"image\/jpeg"}],"author":"webmaster","twitter_card":"summary_large_image","twitter_creator":"@nodusbarbera","twitter_site":"@nodusbarbera","twitter_misc":{"Escrito por":"webmaster","Tiempo de lectura":"3 minutos"},"schema":{"@context":"https:\/\/schema.org","@graph":[{"@type":"Article","@id":"https:\/\/nodusbarbera.cat\/es\/la-xarxa-dempresaries-barbera-nou-pla-estrategic\/#article","isPartOf":{"@id":"https:\/\/nodusbarbera.cat\/es\/la-xarxa-dempresaries-barbera-nou-pla-estrategic\/"},"author":{"name":"webmaster","@id":"https:\/\/nodusbarbera.cat\/#\/schema\/person\/f3356bf21f659e7e41d958bbb784cfe4"},"headline":"La Red de Empresarias y Directivas de Barber\u00e0 del Vall\u00e8s presenta su nuevo plan estrat\u00e9gico en un Encuentro con la presencia de m\u00e1s de 30 empresas","datePublished":"2024-06-06T07:16:21+00:00","dateModified":"2024-10-15T14:26:36+00:00","mainEntityOfPage":{"@id":"https:\/\/nodusbarbera.cat\/es\/la-xarxa-dempresaries-barbera-nou-pla-estrategic\/"},"wordCount":396,"publisher":{"@id":"https:\/\/nodusbarbera.cat\/#organization"},"image":{"@id":"https:\/\/nodusbarbera.cat\/es\/la-xarxa-dempresaries-barbera-nou-pla-estrategic\/#primaryimage"},"thumbnailUrl":"https:\/\/nodusbarbera.cat\/wp-content\/uploads\/xarxa-empresaries-1.jpeg","articleSection":["Anuncios","Noticias"],"inLanguage":"es"},{"@type":"WebPage","@id":"https:\/\/nodusbarbera.cat\/es\/la-xarxa-dempresaries-barbera-nou-pla-estrategic\/","url":"https:\/\/nodusbarbera.cat\/es\/la-xarxa-dempresaries-barbera-nou-pla-estrategic\/","name":"La Red de Empresarias y Directivas de Barber\u00e0 del Vall\u00e8s presenta su nuevo plan estrat\u00e9gico en un Encuentro con la presencia de m\u00e1s de 30 empresas - Nodus Barber\u00e0","isPartOf":{"@id":"https:\/\/nodusbarbera.cat\/#website"},"primaryImageOfPage":{"@id":"https:\/\/nodusbarbera.cat\/es\/la-xarxa-dempresaries-barbera-nou-pla-estrategic\/#primaryimage"},"image":{"@id":"https:\/\/nodusbarbera.cat\/es\/la-xarxa-dempresaries-barbera-nou-pla-estrategic\/#primaryimage"},"thumbnailUrl":"https:\/\/nodusbarbera.cat\/wp-content\/uploads\/xarxa-empresaries-1.jpeg","datePublished":"2024-06-06T07:16:21+00:00","dateModified":"2024-10-15T14:26:36+00:00","breadcrumb":{"@id":"https:\/\/nodusbarbera.cat\/es\/la-xarxa-dempresaries-barbera-nou-pla-estrategic\/#breadcrumb"},"inLanguage":"es","potentialAction":[{"@type":"ReadAction","target":["https:\/\/nodusbarbera.cat\/es\/la-xarxa-dempresaries-barbera-nou-pla-estrategic\/"]}]},{"@type":"ImageObject","inLanguage":"es","@id":"https:\/\/nodusbarbera.cat\/es\/la-xarxa-dempresaries-barbera-nou-pla-estrategic\/#primaryimage","url":"https:\/\/nodusbarbera.cat\/wp-content\/uploads\/xarxa-empresaries-1.jpeg","contentUrl":"https:\/\/nodusbarbera.cat\/wp-content\/uploads\/xarxa-empresaries-1.jpeg","width":2048,"height":1345},{"@type":"BreadcrumbList","@id":"https:\/\/nodusbarbera.cat\/es\/la-xarxa-dempresaries-barbera-nou-pla-estrategic\/#breadcrumb","itemListElement":[{"@type":"ListItem","position":1,"name":"Inici","item":"https:\/\/nodusbarbera.cat\/"},{"@type":"ListItem","position":2,"name":"La Red de Empresarias y Directivas de Barber\u00e0 del Vall\u00e8s presenta su nuevo plan estrat\u00e9gico en un Encuentro con la presencia de m\u00e1s de 30 empresas"}]},{"@type":"WebSite","@id":"https:\/\/nodusbarbera.cat\/#website","url":"https:\/\/nodusbarbera.cat\/","name":"Nodus Barber\u00e0","description":"Lloguer d&#039;oficines i despatxos a Barber\u00e0 del Vall\u00e8s, Barcelona.","publisher":{"@id":"https:\/\/nodusbarbera.cat\/#organization"},"potentialAction":[{"@type":"SearchAction","target":{"@type":"EntryPoint","urlTemplate":"https:\/\/nodusbarbera.cat\/?s={search_term_string}"},"query-input":{"@type":"PropertyValueSpecification","valueRequired":true,"valueName":"search_term_string"}}],"inLanguage":"es"},{"@type":"Organization","@id":"https:\/\/nodusbarbera.cat\/#organization","name":"Nodus Barber\u00e0","url":"https:\/\/nodusbarbera.cat\/","logo":{"@type":"ImageObject","inLanguage":"es","@id":"https:\/\/nodusbarbera.cat\/#\/schema\/logo\/image\/","url":"https:\/\/i0.wp.com\/nodusbarbera.cat\/wp-content\/uploads\/logo-footer-250.png?fit=250%2C231&ssl=1","contentUrl":"https:\/\/i0.wp.com\/nodusbarbera.cat\/wp-content\/uploads\/logo-footer-250.png?fit=250%2C231&ssl=1","width":250,"height":231,"caption":"Nodus Barber\u00e0"},"image":{"@id":"https:\/\/nodusbarbera.cat\/#\/schema\/logo\/image\/"},"sameAs":["https:\/\/www.facebook.com\/nodusbarbera","https:\/\/x.com\/nodusbarbera","https:\/\/www.instagram.com\/nodusbarbera\/","https:\/\/www.linkedin.com\/company\/nodus-barbera\/","https:\/\/www.youtube.com\/channel\/UCLJYdjFDfFQP1aGYuzUFd6A"]},{"@type":"Person","@id":"https:\/\/nodusbarbera.cat\/#\/schema\/person\/f3356bf21f659e7e41d958bbb784cfe4","name":"webmaster","image":{"@type":"ImageObject","inLanguage":"es","@id":"https:\/\/secure.gravatar.com\/avatar\/73641b46ed44db8f663f428fc279f909e9f48696e06a190b1e330f4634071610?s=96&d=mm&r=g","url":"https:\/\/secure.gravatar.com\/avatar\/73641b46ed44db8f663f428fc279f909e9f48696e06a190b1e330f4634071610?s=96&d=mm&r=g","contentUrl":"https:\/\/secure.gravatar.com\/avatar\/73641b46ed44db8f663f428fc279f909e9f48696e06a190b1e330f4634071610?s=96&d=mm&r=g","caption":"webmaster"}}]}},"_links":{"self":[{"href":"https:\/\/nodusbarbera.cat\/es\/wp-json\/wp\/v2\/posts\/7912","targetHints":{"allow":["GET"]}}],"collection":[{"href":"https:\/\/nodusbarbera.cat\/es\/wp-json\/wp\/v2\/posts"}],"about":[{"href":"https:\/\/nodusbarbera.cat\/es\/wp-json\/wp\/v2\/types\/post"}],"author":[{"embeddable":true,"href":"https:\/\/nodusbarbera.cat\/es\/wp-json\/wp\/v2\/users\/2"}],"replies":[{"embeddable":true,"href":"https:\/\/nodusbarbera.cat\/es\/wp-json\/wp\/v2\/comments?post=7912"}],"version-history":[{"count":1,"href":"https:\/\/nodusbarbera.cat\/es\/wp-json\/wp\/v2\/posts\/7912\/revisions"}],"predecessor-version":[{"id":7914,"href":"https:\/\/nodusbarbera.cat\/es\/wp-json\/wp\/v2\/posts\/7912\/revisions\/7914"}],"wp:featuredmedia":[{"embeddable":true,"href":"https:\/\/nodusbarbera.cat\/es\/wp-json\/wp\/v2\/media\/7898"}],"wp:attachment":[{"href":"https:\/\/nodusbarbera.cat\/es\/wp-json\/wp\/v2\/media?parent=7912"}],"wp:term":[{"taxonomy":"category","embeddable":true,"href":"https:\/\/nodusbarbera.cat\/es\/wp-json\/wp\/v2\/categories?post=7912"},{"taxonomy":"post_tag","embeddable":true,"href":"https:\/\/nodusbarbera.cat\/es\/wp-json\/wp\/v2\/tags?post=7912"}],"curies":[{"name":"wp","href":"https:\/\/api.w.org\/{rel}","templated":true}]}}