{"id":7919,"date":"2024-07-19T09:54:56","date_gmt":"2024-07-19T08:54:56","guid":{"rendered":"https:\/\/new.nodusbarbera.cat\/oferta-peo-jardi-agroecologic\/"},"modified":"2025-05-21T11:52:20","modified_gmt":"2025-05-21T10:52:20","slug":"oferta-peo-jardi-agroecologic","status":"publish","type":"post","link":"https:\/\/nodusbarbera.cat\/es\/oferta-peo-jardi-agroecologic\/","title":{"rendered":"Oferta Pe\u00f3n Jard\u00edn Agroecol\u00f3gico"},"content":{"rendered":"\n<!--more-->\n\n\n\n<p><strong>LUGAR DE TRABAJO<\/strong>: JARD\u00cdN AGROECOL\u00d3GICO MUNICIPAL DE BARBER\u00c0 DEL VALL\u00c8S<\/p>\n\n\n\n<p><strong>PE\u00d3N DE JARDINER\u00cdA AGROECOL\u00d3GICA<\/strong><\/p>\n\n\n\n<p><strong>DESCRIPCI\u00d3N DEL PROYECTO:<\/strong><\/p>\n\n\n\n<p>El Ayuntamiento de Barber\u00e0, junto con Actividades Integradas S.A., han creado un jard\u00edn agroecol\u00f3gico de 8.000 m2 en la ribera del r\u00edo Ripoll, ubicado concretamente en la calle de la Verneda S\/N. Los cultivos de este jard\u00edn consisten principalmente en plantas medicinales, arom\u00e1ticas y culinarias.<\/p>\n\n\n\n<p>El prop\u00f3sito de este espacio es desarrollar actividades educativas, divulgativas o tur\u00edsticas relacionadas con la preservaci\u00f3n de la naturaleza, la agroecolog\u00eda, el uso de las plantas medicinales, y la mitigaci\u00f3n y adaptaci\u00f3n al cambio clim\u00e1tico.<\/p>\n\n\n\n<p>Asimismo, tambi\u00e9n dispone de un secadero y obrador con destilador para poder producir diferentes productos extra\u00eddos de los cultivos existentes del jard\u00edn. Para en un futuro poder abrir una agroboutique propia dentro del recinto donde comercializar toda esta producci\u00f3n.<\/p>\n\n\n\n<p>Al mismo tiempo, tambi\u00e9n es un espacio de dinamizaci\u00f3n que est\u00e1 a disposici\u00f3n de los diferentes planes que se est\u00e1n llevando a cabo en la ciudad. Actualmente colaborando con la dinamizaci\u00f3n del plan<br>de barrios del casco antiguo.<\/p>\n\n\n\n<p><strong>OBJETIVOS:<\/strong><\/p>\n\n\n\n<p>Incorporar al equipo de trabajo a una persona polivalente, con conocimientos en explotaciones agrarias y cultivos agroecol\u00f3gicos para tareas de mantenimiento y dinamizaci\u00f3n.<\/p>\n\n\n\n<p><strong>FUNCIONES Y TAREAS:<\/strong><\/p>\n\n\n\n<p>El trabajo del pe\u00f3n se podr\u00eda concretar en las siguientes tareas:<\/p>\n\n\n\n<ul class=\"wp-block-list\">\n<li>Coordinaci\u00f3n con el gestor actual en planificaci\u00f3n, gesti\u00f3n, en la producci\u00f3n de cultivos basados en la agroecolog\u00eda.<\/li>\n\n\n\n<li>Realizaci\u00f3n de tareas de mantenimiento de los cultivos: desherbar, labrar, podar, tratamientos fitosanitarios y cosecha.<\/li>\n\n\n\n<li>Realizaci\u00f3n de tareas de mantenimiento en las infraestructuras del jard\u00edn: sistema de riego, construcciones, estanque, invernadero y maquinaria.<\/li>\n\n\n\n<li>Propagaci\u00f3n y mantenimiento del material gen\u00e9tico vegetal del jard\u00edn. As\u00ed como hacer esquejes, semilleros a partir de semillas y recolecci\u00f3n de semillas.<\/li>\n\n\n\n<li>Preparar el terreno, manteniendo la fertilidad de la tierra, para la implantaci\u00f3n de cultivos ecol\u00f3gicos.<\/li>\n\n\n\n<li>Sembrar, plantar y\/o trasplantar el material vegetal seg\u00fan la planificaci\u00f3n establecida.<\/li>\n\n\n\n<li>Obtener productos y subproductos agroecol\u00f3gicos atendiendo a criterios de calidad y rentabilidad, realizando operaciones de producci\u00f3n y mantenimiento de las instalaciones y equipos.<\/li>\n\n\n\n<li>Establecer procedimientos para la mejora del cultivo y comercializaci\u00f3n.<\/li>\n\n\n\n<li>Colaboraci\u00f3n en la implantaci\u00f3n de talleres y visitas guiadas y otras actividades en el marco de la oferta divulgativa y de ocio.<\/li>\n<\/ul>\n\n\n\n<p><strong>REQUISITOS:<\/strong><\/p>\n\n\n\n<ul class=\"wp-block-list\">\n<li>Ciclo Medio o Superior de la rama de jardiner\u00eda, agraria o agroecol\u00f3gica o Licenciatura o Grado universitario en Biolog\u00eda, Ciencias Ambientales, Ingenier\u00eda Agr\u00edcola, u otras ramas relacionadas.<\/li>\n\n\n\n<li>Conocimiento en TIC (paquetes de ofim\u00e1tica e internet y otros que aporten valor a\u00f1adido al perfil requerido).<\/li>\n\n\n\n<li>Experiencia laboral y conocimiento en jardiner\u00eda o explotaciones agrarias y cultivos agroecol\u00f3gicos.<\/li>\n<\/ul>\n\n\n\n<p><strong>COMPETENCIAS :<\/strong><\/p>\n\n\n\n<ul class=\"wp-block-list\">\n<li>Persona din\u00e1mica con capacidad de trabajar en equipo<\/li>\n\n\n\n<li>Proactiva y con alto grado de responsabilidad y constancia<\/li>\n\n\n\n<li>Planificaci\u00f3n y organizaci\u00f3n<\/li>\n\n\n\n<li>Con visi\u00f3n estrat\u00e9gica e innovadora<\/li>\n\n\n\n<li>Capacidad para trabajar en equipo<\/li>\n\n\n\n<li>Comunicaci\u00f3n y asertividad<\/li>\n\n\n\n<li>Flexibilidad y gesti\u00f3n del cambio<\/li>\n\n\n\n<li>Agilidad en la b\u00fasqueda de soluciones<\/li>\n\n\n\n<li>Eficiencia a la hora de realizar las tareas<\/li>\n\n\n\n<li>Habilidad para desarrollar las tareas de manera cuidadosa y detallada<\/li>\n\n\n\n<li>Conocimientos de jardiner\u00eda y gesti\u00f3n de los cultivos<\/li>\n\n\n\n<li>Conocimientos en maquinaria agr\u00edcola y experiencia demostrada<\/li>\n<\/ul>\n\n\n\n<p><strong>SE VALORAR\u00c1:<\/strong><\/p>\n\n\n\n<ul class=\"wp-block-list\">\n<li>Experiencia en gesti\u00f3n, planificaci\u00f3n y mantenimiento de instalaciones de producci\u00f3n agraria y\/o ecol\u00f3gica\/agroecol\u00f3gica.<\/li>\n\n\n\n<li>Experiencia en impartir formaci\u00f3n relacionada con la agroecolog\u00eda, plantas y propiedades y\/o la econom\u00eda verde y circular.<\/li>\n\n\n\n<li>Experiencia en la siembra, cosecha, post-cosecha de cultivos agroecol\u00f3gicos y sus aplicaciones.<\/li>\n<\/ul>\n\n\n\n<p><strong>CONDICIONES LABORALES:<\/strong><\/p>\n\n\n\n<ul class=\"wp-block-list\">\n<li>Curr\u00edculum Vitae<\/li>\n\n\n\n<li>Fotocopia de la titulaci\u00f3n requerida<\/li>\n<\/ul>\n\n\n\n<p>Presentar por mail a: <a href=\"mailto:nodus@nodusbarbera.cat\">nodus@nodusbarbera.cat<\/a> o personalmente a:<\/p>\n\n\n\n<p>C\/ Mogoda, 1 Pol\u00edgono Industrial Can Salvatella (Barber\u00e0 del Vall\u00e8s)<\/p>\n\n\n\n<p><strong>PLAZO DE PRESENTACI\u00d3N DE CANDIDATURAS:<\/strong><\/p>\n\n\n\n<ul class=\"wp-block-list\">\n<li>Enviar candidaturas hasta el 23 de agosto<\/li>\n<\/ul>\n\n\n\n<p><strong>PROCESO DE SELECCI\u00d3N:<\/strong><\/p>\n\n\n\n<ul class=\"wp-block-list\">\n<li>Prueba escrita y pr\u00e1ctica<\/li>\n\n\n\n<li>Entrevista personal<\/li>\n<\/ul>\n\n\n\n<p><strong>INFORMACI\u00d3N:<\/strong><\/p>\n\n\n\n<p><strong>ACTIVIDADES INTEGRADAS, S.A.<br>CENTRO DE NEGOCIOS NODUS BARBER\u00c0<\/strong><\/p>\n\n\n\n<p>Carrer Mogoda, 1 Pol\u00edgono Industrial Can Salvatella<br>Barber\u00e0 del Vall\u00e8s, 25 de septiembre de 2023<\/p>\n\n\n\n<p>08210- BARBER\u00c0 DEL VALL\u00c8S<\/p>\n\n\n\n<p>Tel.: 93 729 72 72 &#8211; <a href=\"mailto:nodus@nodusbarbera.cat\">nodus@nodusbarbera.ca<\/a><\/p>\n","protected":false},"excerpt":{"rendered":"","protected":false},"author":2,"featured_media":6313,"comment_status":"closed","ping_status":"closed","sticky":false,"template":"","format":"standard","meta":{"footnotes":""},"categories":[19,9],"tags":[],"class_list":["post-7919","post","type-post","status-publish","format-standard","has-post-thumbnail","hentry","category-anuncios","category-noticias"],"yoast_head":"<!-- This site is optimized with the Yoast SEO plugin v27.5 - https:\/\/yoast.com\/product\/yoast-seo-wordpress\/ -->\n<title>Oferta Pe\u00f3n Jard\u00edn Agroecol\u00f3gico - Nodus Barber\u00e0<\/title>\n<meta name=\"robots\" content=\"index, follow, max-snippet:-1, max-image-preview:large, max-video-preview:-1\" \/>\n<link rel=\"canonical\" href=\"https:\/\/nodusbarbera.cat\/es\/oferta-peo-jardi-agroecologic\/\" \/>\n<meta property=\"og:locale\" content=\"es_ES\" \/>\n<meta property=\"og:type\" content=\"article\" \/>\n<meta property=\"og:title\" content=\"Oferta Pe\u00f3n Jard\u00edn Agroecol\u00f3gico - Nodus Barber\u00e0\" \/>\n<meta property=\"og:url\" content=\"https:\/\/nodusbarbera.cat\/es\/oferta-peo-jardi-agroecologic\/\" \/>\n<meta property=\"og:site_name\" content=\"Nodus Barber\u00e0\" \/>\n<meta property=\"article:publisher\" content=\"https:\/\/www.facebook.com\/nodusbarbera\" \/>\n<meta property=\"article:published_time\" content=\"2024-07-19T08:54:56+00:00\" \/>\n<meta property=\"article:modified_time\" content=\"2025-05-21T10:52:20+00:00\" \/>\n<meta property=\"og:image\" content=\"https:\/\/nodusbarbera.cat\/wp-content\/uploads\/oferta-feina-castellano.jpg\" \/>\n\t<meta property=\"og:image:width\" content=\"1200\" \/>\n\t<meta property=\"og:image:height\" content=\"700\" \/>\n\t<meta property=\"og:image:type\" content=\"image\/jpeg\" \/>\n<meta name=\"author\" content=\"webmaster\" \/>\n<meta name=\"twitter:card\" content=\"summary_large_image\" \/>\n<meta name=\"twitter:creator\" content=\"@nodusbarbera\" \/>\n<meta name=\"twitter:site\" content=\"@nodusbarbera\" \/>\n<meta name=\"twitter:label1\" content=\"Escrito por\" \/>\n\t<meta name=\"twitter:data1\" content=\"webmaster\" \/>\n\t<meta name=\"twitter:label2\" content=\"Tiempo de lectura\" \/>\n\t<meta name=\"twitter:data2\" content=\"4 minutos\" \/>\n<script type=\"application\/ld+json\" class=\"yoast-schema-graph\">{\"@context\":\"https:\\\/\\\/schema.org\",\"@graph\":[{\"@type\":\"Article\",\"@id\":\"https:\\\/\\\/nodusbarbera.cat\\\/es\\\/oferta-peo-jardi-agroecologic\\\/#article\",\"isPartOf\":{\"@id\":\"https:\\\/\\\/nodusbarbera.cat\\\/es\\\/oferta-peo-jardi-agroecologic\\\/\"},\"author\":{\"name\":\"webmaster\",\"@id\":\"https:\\\/\\\/nodusbarbera.cat\\\/#\\\/schema\\\/person\\\/f3356bf21f659e7e41d958bbb784cfe4\"},\"headline\":\"Oferta Pe\u00f3n Jard\u00edn Agroecol\u00f3gico\",\"datePublished\":\"2024-07-19T08:54:56+00:00\",\"dateModified\":\"2025-05-21T10:52:20+00:00\",\"mainEntityOfPage\":{\"@id\":\"https:\\\/\\\/nodusbarbera.cat\\\/es\\\/oferta-peo-jardi-agroecologic\\\/\"},\"wordCount\":725,\"publisher\":{\"@id\":\"https:\\\/\\\/nodusbarbera.cat\\\/#organization\"},\"image\":{\"@id\":\"https:\\\/\\\/nodusbarbera.cat\\\/es\\\/oferta-peo-jardi-agroecologic\\\/#primaryimage\"},\"thumbnailUrl\":\"https:\\\/\\\/nodusbarbera.cat\\\/wp-content\\\/uploads\\\/oferta-feina-castellano.jpg\",\"articleSection\":[\"Anuncios\",\"Noticias\"],\"inLanguage\":\"es\"},{\"@type\":\"WebPage\",\"@id\":\"https:\\\/\\\/nodusbarbera.cat\\\/es\\\/oferta-peo-jardi-agroecologic\\\/\",\"url\":\"https:\\\/\\\/nodusbarbera.cat\\\/es\\\/oferta-peo-jardi-agroecologic\\\/\",\"name\":\"Oferta Pe\u00f3n Jard\u00edn Agroecol\u00f3gico - Nodus Barber\u00e0\",\"isPartOf\":{\"@id\":\"https:\\\/\\\/nodusbarbera.cat\\\/#website\"},\"primaryImageOfPage\":{\"@id\":\"https:\\\/\\\/nodusbarbera.cat\\\/es\\\/oferta-peo-jardi-agroecologic\\\/#primaryimage\"},\"image\":{\"@id\":\"https:\\\/\\\/nodusbarbera.cat\\\/es\\\/oferta-peo-jardi-agroecologic\\\/#primaryimage\"},\"thumbnailUrl\":\"https:\\\/\\\/nodusbarbera.cat\\\/wp-content\\\/uploads\\\/oferta-feina-castellano.jpg\",\"datePublished\":\"2024-07-19T08:54:56+00:00\",\"dateModified\":\"2025-05-21T10:52:20+00:00\",\"breadcrumb\":{\"@id\":\"https:\\\/\\\/nodusbarbera.cat\\\/es\\\/oferta-peo-jardi-agroecologic\\\/#breadcrumb\"},\"inLanguage\":\"es\",\"potentialAction\":[{\"@type\":\"ReadAction\",\"target\":[\"https:\\\/\\\/nodusbarbera.cat\\\/es\\\/oferta-peo-jardi-agroecologic\\\/\"]}]},{\"@type\":\"ImageObject\",\"inLanguage\":\"es\",\"@id\":\"https:\\\/\\\/nodusbarbera.cat\\\/es\\\/oferta-peo-jardi-agroecologic\\\/#primaryimage\",\"url\":\"https:\\\/\\\/nodusbarbera.cat\\\/wp-content\\\/uploads\\\/oferta-feina-castellano.jpg\",\"contentUrl\":\"https:\\\/\\\/nodusbarbera.cat\\\/wp-content\\\/uploads\\\/oferta-feina-castellano.jpg\",\"width\":1200,\"height\":700},{\"@type\":\"BreadcrumbList\",\"@id\":\"https:\\\/\\\/nodusbarbera.cat\\\/es\\\/oferta-peo-jardi-agroecologic\\\/#breadcrumb\",\"itemListElement\":[{\"@type\":\"ListItem\",\"position\":1,\"name\":\"Inici\",\"item\":\"https:\\\/\\\/nodusbarbera.cat\\\/\"},{\"@type\":\"ListItem\",\"position\":2,\"name\":\"Oferta Pe\u00f3n Jard\u00edn Agroecol\u00f3gico\"}]},{\"@type\":\"WebSite\",\"@id\":\"https:\\\/\\\/nodusbarbera.cat\\\/#website\",\"url\":\"https:\\\/\\\/nodusbarbera.cat\\\/\",\"name\":\"Nodus Barber\u00e0\",\"description\":\"Lloguer d&#039;oficines i despatxos a Barber\u00e0 del Vall\u00e8s, Barcelona.\",\"publisher\":{\"@id\":\"https:\\\/\\\/nodusbarbera.cat\\\/#organization\"},\"potentialAction\":[{\"@type\":\"SearchAction\",\"target\":{\"@type\":\"EntryPoint\",\"urlTemplate\":\"https:\\\/\\\/nodusbarbera.cat\\\/?s={search_term_string}\"},\"query-input\":{\"@type\":\"PropertyValueSpecification\",\"valueRequired\":true,\"valueName\":\"search_term_string\"}}],\"inLanguage\":\"es\"},{\"@type\":\"Organization\",\"@id\":\"https:\\\/\\\/nodusbarbera.cat\\\/#organization\",\"name\":\"Nodus Barber\u00e0\",\"url\":\"https:\\\/\\\/nodusbarbera.cat\\\/\",\"logo\":{\"@type\":\"ImageObject\",\"inLanguage\":\"es\",\"@id\":\"https:\\\/\\\/nodusbarbera.cat\\\/#\\\/schema\\\/logo\\\/image\\\/\",\"url\":\"https:\\\/\\\/i0.wp.com\\\/nodusbarbera.cat\\\/wp-content\\\/uploads\\\/logo-footer-250.png?fit=250%2C231&ssl=1\",\"contentUrl\":\"https:\\\/\\\/i0.wp.com\\\/nodusbarbera.cat\\\/wp-content\\\/uploads\\\/logo-footer-250.png?fit=250%2C231&ssl=1\",\"width\":250,\"height\":231,\"caption\":\"Nodus Barber\u00e0\"},\"image\":{\"@id\":\"https:\\\/\\\/nodusbarbera.cat\\\/#\\\/schema\\\/logo\\\/image\\\/\"},\"sameAs\":[\"https:\\\/\\\/www.facebook.com\\\/nodusbarbera\",\"https:\\\/\\\/x.com\\\/nodusbarbera\",\"https:\\\/\\\/www.instagram.com\\\/nodusbarbera\\\/\",\"https:\\\/\\\/www.linkedin.com\\\/company\\\/nodus-barbera\\\/\",\"https:\\\/\\\/www.youtube.com\\\/channel\\\/UCLJYdjFDfFQP1aGYuzUFd6A\"]},{\"@type\":\"Person\",\"@id\":\"https:\\\/\\\/nodusbarbera.cat\\\/#\\\/schema\\\/person\\\/f3356bf21f659e7e41d958bbb784cfe4\",\"name\":\"webmaster\",\"image\":{\"@type\":\"ImageObject\",\"inLanguage\":\"es\",\"@id\":\"https:\\\/\\\/secure.gravatar.com\\\/avatar\\\/73641b46ed44db8f663f428fc279f909e9f48696e06a190b1e330f4634071610?s=96&d=mm&r=g\",\"url\":\"https:\\\/\\\/secure.gravatar.com\\\/avatar\\\/73641b46ed44db8f663f428fc279f909e9f48696e06a190b1e330f4634071610?s=96&d=mm&r=g\",\"contentUrl\":\"https:\\\/\\\/secure.gravatar.com\\\/avatar\\\/73641b46ed44db8f663f428fc279f909e9f48696e06a190b1e330f4634071610?s=96&d=mm&r=g\",\"caption\":\"webmaster\"}}]}<\/script>\n<!-- \/ Yoast SEO plugin. -->","yoast_head_json":{"title":"Oferta Pe\u00f3n Jard\u00edn Agroecol\u00f3gico - Nodus Barber\u00e0","robots":{"index":"index","follow":"follow","max-snippet":"max-snippet:-1","max-image-preview":"max-image-preview:large","max-video-preview":"max-video-preview:-1"},"canonical":"https:\/\/nodusbarbera.cat\/es\/oferta-peo-jardi-agroecologic\/","og_locale":"es_ES","og_type":"article","og_title":"Oferta Pe\u00f3n Jard\u00edn Agroecol\u00f3gico - Nodus Barber\u00e0","og_url":"https:\/\/nodusbarbera.cat\/es\/oferta-peo-jardi-agroecologic\/","og_site_name":"Nodus Barber\u00e0","article_publisher":"https:\/\/www.facebook.com\/nodusbarbera","article_published_time":"2024-07-19T08:54:56+00:00","article_modified_time":"2025-05-21T10:52:20+00:00","og_image":[{"width":1200,"height":700,"url":"https:\/\/nodusbarbera.cat\/wp-content\/uploads\/oferta-feina-castellano.jpg","type":"image\/jpeg"}],"author":"webmaster","twitter_card":"summary_large_image","twitter_creator":"@nodusbarbera","twitter_site":"@nodusbarbera","twitter_misc":{"Escrito por":"webmaster","Tiempo de lectura":"4 minutos"},"schema":{"@context":"https:\/\/schema.org","@graph":[{"@type":"Article","@id":"https:\/\/nodusbarbera.cat\/es\/oferta-peo-jardi-agroecologic\/#article","isPartOf":{"@id":"https:\/\/nodusbarbera.cat\/es\/oferta-peo-jardi-agroecologic\/"},"author":{"name":"webmaster","@id":"https:\/\/nodusbarbera.cat\/#\/schema\/person\/f3356bf21f659e7e41d958bbb784cfe4"},"headline":"Oferta Pe\u00f3n Jard\u00edn Agroecol\u00f3gico","datePublished":"2024-07-19T08:54:56+00:00","dateModified":"2025-05-21T10:52:20+00:00","mainEntityOfPage":{"@id":"https:\/\/nodusbarbera.cat\/es\/oferta-peo-jardi-agroecologic\/"},"wordCount":725,"publisher":{"@id":"https:\/\/nodusbarbera.cat\/#organization"},"image":{"@id":"https:\/\/nodusbarbera.cat\/es\/oferta-peo-jardi-agroecologic\/#primaryimage"},"thumbnailUrl":"https:\/\/nodusbarbera.cat\/wp-content\/uploads\/oferta-feina-castellano.jpg","articleSection":["Anuncios","Noticias"],"inLanguage":"es"},{"@type":"WebPage","@id":"https:\/\/nodusbarbera.cat\/es\/oferta-peo-jardi-agroecologic\/","url":"https:\/\/nodusbarbera.cat\/es\/oferta-peo-jardi-agroecologic\/","name":"Oferta Pe\u00f3n Jard\u00edn Agroecol\u00f3gico - Nodus Barber\u00e0","isPartOf":{"@id":"https:\/\/nodusbarbera.cat\/#website"},"primaryImageOfPage":{"@id":"https:\/\/nodusbarbera.cat\/es\/oferta-peo-jardi-agroecologic\/#primaryimage"},"image":{"@id":"https:\/\/nodusbarbera.cat\/es\/oferta-peo-jardi-agroecologic\/#primaryimage"},"thumbnailUrl":"https:\/\/nodusbarbera.cat\/wp-content\/uploads\/oferta-feina-castellano.jpg","datePublished":"2024-07-19T08:54:56+00:00","dateModified":"2025-05-21T10:52:20+00:00","breadcrumb":{"@id":"https:\/\/nodusbarbera.cat\/es\/oferta-peo-jardi-agroecologic\/#breadcrumb"},"inLanguage":"es","potentialAction":[{"@type":"ReadAction","target":["https:\/\/nodusbarbera.cat\/es\/oferta-peo-jardi-agroecologic\/"]}]},{"@type":"ImageObject","inLanguage":"es","@id":"https:\/\/nodusbarbera.cat\/es\/oferta-peo-jardi-agroecologic\/#primaryimage","url":"https:\/\/nodusbarbera.cat\/wp-content\/uploads\/oferta-feina-castellano.jpg","contentUrl":"https:\/\/nodusbarbera.cat\/wp-content\/uploads\/oferta-feina-castellano.jpg","width":1200,"height":700},{"@type":"BreadcrumbList","@id":"https:\/\/nodusbarbera.cat\/es\/oferta-peo-jardi-agroecologic\/#breadcrumb","itemListElement":[{"@type":"ListItem","position":1,"name":"Inici","item":"https:\/\/nodusbarbera.cat\/"},{"@type":"ListItem","position":2,"name":"Oferta Pe\u00f3n Jard\u00edn Agroecol\u00f3gico"}]},{"@type":"WebSite","@id":"https:\/\/nodusbarbera.cat\/#website","url":"https:\/\/nodusbarbera.cat\/","name":"Nodus Barber\u00e0","description":"Lloguer d&#039;oficines i despatxos a Barber\u00e0 del Vall\u00e8s, Barcelona.","publisher":{"@id":"https:\/\/nodusbarbera.cat\/#organization"},"potentialAction":[{"@type":"SearchAction","target":{"@type":"EntryPoint","urlTemplate":"https:\/\/nodusbarbera.cat\/?s={search_term_string}"},"query-input":{"@type":"PropertyValueSpecification","valueRequired":true,"valueName":"search_term_string"}}],"inLanguage":"es"},{"@type":"Organization","@id":"https:\/\/nodusbarbera.cat\/#organization","name":"Nodus Barber\u00e0","url":"https:\/\/nodusbarbera.cat\/","logo":{"@type":"ImageObject","inLanguage":"es","@id":"https:\/\/nodusbarbera.cat\/#\/schema\/logo\/image\/","url":"https:\/\/i0.wp.com\/nodusbarbera.cat\/wp-content\/uploads\/logo-footer-250.png?fit=250%2C231&ssl=1","contentUrl":"https:\/\/i0.wp.com\/nodusbarbera.cat\/wp-content\/uploads\/logo-footer-250.png?fit=250%2C231&ssl=1","width":250,"height":231,"caption":"Nodus Barber\u00e0"},"image":{"@id":"https:\/\/nodusbarbera.cat\/#\/schema\/logo\/image\/"},"sameAs":["https:\/\/www.facebook.com\/nodusbarbera","https:\/\/x.com\/nodusbarbera","https:\/\/www.instagram.com\/nodusbarbera\/","https:\/\/www.linkedin.com\/company\/nodus-barbera\/","https:\/\/www.youtube.com\/channel\/UCLJYdjFDfFQP1aGYuzUFd6A"]},{"@type":"Person","@id":"https:\/\/nodusbarbera.cat\/#\/schema\/person\/f3356bf21f659e7e41d958bbb784cfe4","name":"webmaster","image":{"@type":"ImageObject","inLanguage":"es","@id":"https:\/\/secure.gravatar.com\/avatar\/73641b46ed44db8f663f428fc279f909e9f48696e06a190b1e330f4634071610?s=96&d=mm&r=g","url":"https:\/\/secure.gravatar.com\/avatar\/73641b46ed44db8f663f428fc279f909e9f48696e06a190b1e330f4634071610?s=96&d=mm&r=g","contentUrl":"https:\/\/secure.gravatar.com\/avatar\/73641b46ed44db8f663f428fc279f909e9f48696e06a190b1e330f4634071610?s=96&d=mm&r=g","caption":"webmaster"}}]}},"_links":{"self":[{"href":"https:\/\/nodusbarbera.cat\/es\/wp-json\/wp\/v2\/posts\/7919","targetHints":{"allow":["GET"]}}],"collection":[{"href":"https:\/\/nodusbarbera.cat\/es\/wp-json\/wp\/v2\/posts"}],"about":[{"href":"https:\/\/nodusbarbera.cat\/es\/wp-json\/wp\/v2\/types\/post"}],"author":[{"embeddable":true,"href":"https:\/\/nodusbarbera.cat\/es\/wp-json\/wp\/v2\/users\/2"}],"replies":[{"embeddable":true,"href":"https:\/\/nodusbarbera.cat\/es\/wp-json\/wp\/v2\/comments?post=7919"}],"version-history":[{"count":1,"href":"https:\/\/nodusbarbera.cat\/es\/wp-json\/wp\/v2\/posts\/7919\/revisions"}],"predecessor-version":[{"id":7920,"href":"https:\/\/nodusbarbera.cat\/es\/wp-json\/wp\/v2\/posts\/7919\/revisions\/7920"}],"wp:featuredmedia":[{"embeddable":true,"href":"https:\/\/nodusbarbera.cat\/es\/wp-json\/wp\/v2\/media\/6313"}],"wp:attachment":[{"href":"https:\/\/nodusbarbera.cat\/es\/wp-json\/wp\/v2\/media?parent=7919"}],"wp:term":[{"taxonomy":"category","embeddable":true,"href":"https:\/\/nodusbarbera.cat\/es\/wp-json\/wp\/v2\/categories?post=7919"},{"taxonomy":"post_tag","embeddable":true,"href":"https:\/\/nodusbarbera.cat\/es\/wp-json\/wp\/v2\/tags?post=7919"}],"curies":[{"name":"wp","href":"https:\/\/api.w.org\/{rel}","templated":true}]}}