{"id":8156,"date":"2025-05-21T10:48:37","date_gmt":"2025-05-21T09:48:37","guid":{"rendered":"https:\/\/nodusbarbera.cat\/estem-contractant\/"},"modified":"2025-05-21T11:45:53","modified_gmt":"2025-05-21T10:45:53","slug":"estem-contractant","status":"publish","type":"post","link":"https:\/\/nodusbarbera.cat\/es\/estem-contractant\/","title":{"rendered":"Estamos contratando: Administrativo\/va \u2013 Econom\u00eda, Finanzas y Comercial"},"content":{"rendered":"\n<!--more-->\n\n\n\n<h3 class=\"wp-block-heading\">DESCRIPCI\u00d3N DEL TRABAJO:<\/h3>\n\n\n\n<p>Desde Actividades Integradas, S.A. de Barber\u00e0 del Vall\u00e8s, se contratar\u00e1 a una persona para el puesto de administrativo\/a con ciclo formativo de grado superior en econom\u00eda y finanzas y perfil comercial.<br>Buscamos a una persona proactiva y organizada para incorporarse a nuestro equipo administrativo, con conocimientos en econom\u00eda, finanzas y gesti\u00f3n comercial. Ser\u00e1 responsable de dar soporte administrativo y financiero, as\u00ed como de colaborar en la gesti\u00f3n de clientes y proveedores y en la recepci\u00f3n.<\/p>\n\n\n\n<h3 class=\"wp-block-heading\">FUNCIONES:<\/h3>\n\n\n\n<div class=\"wp-block-group is-vertical is-layout-flex wp-container-core-group-is-layout-8cf370e7 wp-block-group-is-layout-flex\">\n<ul class=\"wp-block-list\">\n<li>Apoyo en la contabilidad b\u00e1sica y conciliaciones bancarias.<\/li>\n\n\n\n<li>Elaboraci\u00f3n de presupuestos y seguimiento de pedidos.<\/li>\n\n\n\n<li>Control de stocks y pedidos a proveedores.<\/li>\n\n\n\n<li>Atenci\u00f3n al cliente y soporte comercial (tel\u00e9fono, correo, presencial).<\/li>\n\n\n\n<li>Tareas de facturaci\u00f3n y control de cobros\/pagos.<\/li>\n\n\n\n<li>Recepci\u00f3n.<\/li>\n\n\n\n<li>Gesti\u00f3n documental y archivo.<\/li>\n<\/ul>\n<\/div>\n\n\n\n<h3 class=\"wp-block-heading\">REQUISITOS:<\/h3>\n\n\n\n<ul class=\"wp-block-list\">\n<li>Formaci\u00f3n en <strong>Administraci\u00f3n y Finanzas<\/strong>, ciclo formativo de grado superior en administraci\u00f3n o similar.<\/li>\n\n\n\n<li>Alto conocimiento del paquete Office 365 y gesti\u00f3n de notificaciones electr\u00f3nicas (por correo, Hacienda, EACAT, Enotum, 060, etc.) y firmas electr\u00f3nicas.<\/li>\n\n\n\n<li>Conocimientos de software de gesti\u00f3n (SAGE 50\/CONTAPLUS).<\/li>\n\n\n\n<li>Capacidad para trabajar en equipo y de forma aut\u00f3noma.<\/li>\n\n\n\n<li>Experiencia laboral en el \u00e1mbito administrativo de al menos 3 a\u00f1os.<\/li>\n\n\n\n<li>Experiencia en un puesto de trabajo similar.<\/li>\n\n\n\n<li>Nivel C de catal\u00e1n. Se valorar\u00e1 el ingl\u00e9s.<\/li>\n\n\n\n<li>Carn\u00e9 de conducir.<\/li>\n<\/ul>\n\n\n\n<h3 class=\"wp-block-heading\">COMPETENCIAS :<\/h3>\n\n\n\n<ul class=\"wp-block-list\">\n<li>Iniciativa y proactividad.<\/li>\n\n\n\n<li>Capacidad de comunicaci\u00f3n e innovaci\u00f3n.<\/li>\n\n\n\n<li>Empat\u00eda en el trato con empresas.<\/li>\n\n\n\n<li>Orientaci\u00f3n al cliente.<\/li>\n\n\n\n<li>Capacidad para trabajar en equipo.<\/li>\n<\/ul>\n\n\n\n<h3 class=\"wp-block-heading\">OFRECEMOS:<\/h3>\n\n\n\n<ul class=\"wp-block-list\">\n<li>Contrato indefinido.<\/li>\n\n\n\n<li>Buen ambiente de trabajo y posibilidad de desarrollo profesional.<\/li>\n\n\n\n<li>Retribuci\u00f3n seg\u00fan convenio y experiencia aportada.<\/li>\n\n\n\n<li>Horario de lunes a jueves de 9:15 a 13:00 h y de 15:00 a 18:00 h, y viernes de 8:00 a 16:00 h (35 horas semanales).<\/li>\n\n\n\n<li><strong>Jornada:<\/strong> Completa.<\/li>\n\n\n\n<li><strong>Incorporaci\u00f3n:<\/strong> Inmediata.<\/li>\n<\/ul>\n\n\n\n<h3 class=\"wp-block-heading\">PROCESO DE SELECCI\u00d3N:<\/h3>\n\n\n\n<ul class=\"wp-block-list\">\n<li>Enviar CV actualitzdo a: <a href=\"mailto:nodus@nodusbarbera.cat\">nodus@nodusbarbera.cat<\/a> con Asunto \u201cCandidatura Administraci\u00f3n Econ\u00f3mica y Comercial\u201d (se valorar\u00e1n los requisitos indicados).<\/li>\n\n\n\n<li>Se realizar\u00e1n pruebas escritas (te\u00f3ricas y pr\u00e1cticas).<\/li>\n\n\n\n<li>Entrevista individual.<\/li>\n<\/ul>\n\n\n\n<p>(cada fase del proceso es eliminatoria)<\/p>\n\n\n\n<p><\/p>\n","protected":false},"excerpt":{"rendered":"","protected":false},"author":2,"featured_media":6313,"comment_status":"closed","ping_status":"closed","sticky":false,"template":"","format":"standard","meta":{"footnotes":""},"categories":[19,9],"tags":[],"class_list":["post-8156","post","type-post","status-publish","format-standard","has-post-thumbnail","hentry","category-anuncios","category-noticias"],"yoast_head":"<!-- This site is optimized with the Yoast SEO plugin v27.5 - https:\/\/yoast.com\/product\/yoast-seo-wordpress\/ -->\n<title>Estamos contratando: Administrativo\/va \u2013 Econom\u00eda, Finanzas y Comercial - Nodus Barber\u00e0<\/title>\n<meta name=\"robots\" content=\"index, follow, max-snippet:-1, max-image-preview:large, max-video-preview:-1\" \/>\n<link rel=\"canonical\" href=\"https:\/\/nodusbarbera.cat\/es\/estem-contractant\/\" \/>\n<meta property=\"og:locale\" content=\"es_ES\" \/>\n<meta property=\"og:type\" content=\"article\" \/>\n<meta property=\"og:title\" content=\"Estamos contratando: Administrativo\/va \u2013 Econom\u00eda, Finanzas y Comercial - Nodus Barber\u00e0\" \/>\n<meta property=\"og:url\" content=\"https:\/\/nodusbarbera.cat\/es\/estem-contractant\/\" \/>\n<meta property=\"og:site_name\" content=\"Nodus Barber\u00e0\" \/>\n<meta property=\"article:publisher\" content=\"https:\/\/www.facebook.com\/nodusbarbera\" \/>\n<meta property=\"article:published_time\" content=\"2025-05-21T09:48:37+00:00\" \/>\n<meta property=\"article:modified_time\" content=\"2025-05-21T10:45:53+00:00\" \/>\n<meta property=\"og:image\" content=\"https:\/\/nodusbarbera.cat\/wp-content\/uploads\/oferta-feina-castellano.jpg\" \/>\n\t<meta property=\"og:image:width\" content=\"1200\" \/>\n\t<meta property=\"og:image:height\" content=\"700\" \/>\n\t<meta property=\"og:image:type\" content=\"image\/jpeg\" \/>\n<meta name=\"author\" content=\"webmaster\" \/>\n<meta name=\"twitter:card\" content=\"summary_large_image\" \/>\n<meta name=\"twitter:creator\" content=\"@nodusbarbera\" \/>\n<meta name=\"twitter:site\" content=\"@nodusbarbera\" \/>\n<meta name=\"twitter:label1\" content=\"Escrito por\" \/>\n\t<meta name=\"twitter:data1\" content=\"webmaster\" \/>\n\t<meta name=\"twitter:label2\" content=\"Tiempo de lectura\" \/>\n\t<meta name=\"twitter:data2\" content=\"2 minutos\" \/>\n<script type=\"application\/ld+json\" class=\"yoast-schema-graph\">{\"@context\":\"https:\\\/\\\/schema.org\",\"@graph\":[{\"@type\":\"Article\",\"@id\":\"https:\\\/\\\/nodusbarbera.cat\\\/es\\\/estem-contractant\\\/#article\",\"isPartOf\":{\"@id\":\"https:\\\/\\\/nodusbarbera.cat\\\/es\\\/estem-contractant\\\/\"},\"author\":{\"name\":\"webmaster\",\"@id\":\"https:\\\/\\\/nodusbarbera.cat\\\/#\\\/schema\\\/person\\\/f3356bf21f659e7e41d958bbb784cfe4\"},\"headline\":\"Estamos contratando: Administrativo\\\/va \u2013 Econom\u00eda, Finanzas y Comercial\",\"datePublished\":\"2025-05-21T09:48:37+00:00\",\"dateModified\":\"2025-05-21T10:45:53+00:00\",\"mainEntityOfPage\":{\"@id\":\"https:\\\/\\\/nodusbarbera.cat\\\/es\\\/estem-contractant\\\/\"},\"wordCount\":352,\"publisher\":{\"@id\":\"https:\\\/\\\/nodusbarbera.cat\\\/#organization\"},\"image\":{\"@id\":\"https:\\\/\\\/nodusbarbera.cat\\\/es\\\/estem-contractant\\\/#primaryimage\"},\"thumbnailUrl\":\"https:\\\/\\\/nodusbarbera.cat\\\/wp-content\\\/uploads\\\/oferta-feina-castellano.jpg\",\"articleSection\":[\"Anuncios\",\"Noticias\"],\"inLanguage\":\"es\"},{\"@type\":\"WebPage\",\"@id\":\"https:\\\/\\\/nodusbarbera.cat\\\/es\\\/estem-contractant\\\/\",\"url\":\"https:\\\/\\\/nodusbarbera.cat\\\/es\\\/estem-contractant\\\/\",\"name\":\"Estamos contratando: Administrativo\\\/va \u2013 Econom\u00eda, Finanzas y Comercial - Nodus Barber\u00e0\",\"isPartOf\":{\"@id\":\"https:\\\/\\\/nodusbarbera.cat\\\/#website\"},\"primaryImageOfPage\":{\"@id\":\"https:\\\/\\\/nodusbarbera.cat\\\/es\\\/estem-contractant\\\/#primaryimage\"},\"image\":{\"@id\":\"https:\\\/\\\/nodusbarbera.cat\\\/es\\\/estem-contractant\\\/#primaryimage\"},\"thumbnailUrl\":\"https:\\\/\\\/nodusbarbera.cat\\\/wp-content\\\/uploads\\\/oferta-feina-castellano.jpg\",\"datePublished\":\"2025-05-21T09:48:37+00:00\",\"dateModified\":\"2025-05-21T10:45:53+00:00\",\"breadcrumb\":{\"@id\":\"https:\\\/\\\/nodusbarbera.cat\\\/es\\\/estem-contractant\\\/#breadcrumb\"},\"inLanguage\":\"es\",\"potentialAction\":[{\"@type\":\"ReadAction\",\"target\":[\"https:\\\/\\\/nodusbarbera.cat\\\/es\\\/estem-contractant\\\/\"]}]},{\"@type\":\"ImageObject\",\"inLanguage\":\"es\",\"@id\":\"https:\\\/\\\/nodusbarbera.cat\\\/es\\\/estem-contractant\\\/#primaryimage\",\"url\":\"https:\\\/\\\/nodusbarbera.cat\\\/wp-content\\\/uploads\\\/oferta-feina-castellano.jpg\",\"contentUrl\":\"https:\\\/\\\/nodusbarbera.cat\\\/wp-content\\\/uploads\\\/oferta-feina-castellano.jpg\",\"width\":1200,\"height\":700},{\"@type\":\"BreadcrumbList\",\"@id\":\"https:\\\/\\\/nodusbarbera.cat\\\/es\\\/estem-contractant\\\/#breadcrumb\",\"itemListElement\":[{\"@type\":\"ListItem\",\"position\":1,\"name\":\"Inici\",\"item\":\"https:\\\/\\\/nodusbarbera.cat\\\/\"},{\"@type\":\"ListItem\",\"position\":2,\"name\":\"Estamos contratando: Administrativo\\\/va \u2013 Econom\u00eda, Finanzas y Comercial\"}]},{\"@type\":\"WebSite\",\"@id\":\"https:\\\/\\\/nodusbarbera.cat\\\/#website\",\"url\":\"https:\\\/\\\/nodusbarbera.cat\\\/\",\"name\":\"Nodus Barber\u00e0\",\"description\":\"Lloguer d&#039;oficines i despatxos a Barber\u00e0 del Vall\u00e8s, Barcelona.\",\"publisher\":{\"@id\":\"https:\\\/\\\/nodusbarbera.cat\\\/#organization\"},\"potentialAction\":[{\"@type\":\"SearchAction\",\"target\":{\"@type\":\"EntryPoint\",\"urlTemplate\":\"https:\\\/\\\/nodusbarbera.cat\\\/?s={search_term_string}\"},\"query-input\":{\"@type\":\"PropertyValueSpecification\",\"valueRequired\":true,\"valueName\":\"search_term_string\"}}],\"inLanguage\":\"es\"},{\"@type\":\"Organization\",\"@id\":\"https:\\\/\\\/nodusbarbera.cat\\\/#organization\",\"name\":\"Nodus Barber\u00e0\",\"url\":\"https:\\\/\\\/nodusbarbera.cat\\\/\",\"logo\":{\"@type\":\"ImageObject\",\"inLanguage\":\"es\",\"@id\":\"https:\\\/\\\/nodusbarbera.cat\\\/#\\\/schema\\\/logo\\\/image\\\/\",\"url\":\"https:\\\/\\\/i0.wp.com\\\/nodusbarbera.cat\\\/wp-content\\\/uploads\\\/logo-footer-250.png?fit=250%2C231&ssl=1\",\"contentUrl\":\"https:\\\/\\\/i0.wp.com\\\/nodusbarbera.cat\\\/wp-content\\\/uploads\\\/logo-footer-250.png?fit=250%2C231&ssl=1\",\"width\":250,\"height\":231,\"caption\":\"Nodus Barber\u00e0\"},\"image\":{\"@id\":\"https:\\\/\\\/nodusbarbera.cat\\\/#\\\/schema\\\/logo\\\/image\\\/\"},\"sameAs\":[\"https:\\\/\\\/www.facebook.com\\\/nodusbarbera\",\"https:\\\/\\\/x.com\\\/nodusbarbera\",\"https:\\\/\\\/www.instagram.com\\\/nodusbarbera\\\/\",\"https:\\\/\\\/www.linkedin.com\\\/company\\\/nodus-barbera\\\/\",\"https:\\\/\\\/www.youtube.com\\\/channel\\\/UCLJYdjFDfFQP1aGYuzUFd6A\"]},{\"@type\":\"Person\",\"@id\":\"https:\\\/\\\/nodusbarbera.cat\\\/#\\\/schema\\\/person\\\/f3356bf21f659e7e41d958bbb784cfe4\",\"name\":\"webmaster\",\"image\":{\"@type\":\"ImageObject\",\"inLanguage\":\"es\",\"@id\":\"https:\\\/\\\/secure.gravatar.com\\\/avatar\\\/73641b46ed44db8f663f428fc279f909e9f48696e06a190b1e330f4634071610?s=96&d=mm&r=g\",\"url\":\"https:\\\/\\\/secure.gravatar.com\\\/avatar\\\/73641b46ed44db8f663f428fc279f909e9f48696e06a190b1e330f4634071610?s=96&d=mm&r=g\",\"contentUrl\":\"https:\\\/\\\/secure.gravatar.com\\\/avatar\\\/73641b46ed44db8f663f428fc279f909e9f48696e06a190b1e330f4634071610?s=96&d=mm&r=g\",\"caption\":\"webmaster\"}}]}<\/script>\n<!-- \/ Yoast SEO plugin. -->","yoast_head_json":{"title":"Estamos contratando: Administrativo\/va \u2013 Econom\u00eda, Finanzas y Comercial - Nodus Barber\u00e0","robots":{"index":"index","follow":"follow","max-snippet":"max-snippet:-1","max-image-preview":"max-image-preview:large","max-video-preview":"max-video-preview:-1"},"canonical":"https:\/\/nodusbarbera.cat\/es\/estem-contractant\/","og_locale":"es_ES","og_type":"article","og_title":"Estamos contratando: Administrativo\/va \u2013 Econom\u00eda, Finanzas y Comercial - Nodus Barber\u00e0","og_url":"https:\/\/nodusbarbera.cat\/es\/estem-contractant\/","og_site_name":"Nodus Barber\u00e0","article_publisher":"https:\/\/www.facebook.com\/nodusbarbera","article_published_time":"2025-05-21T09:48:37+00:00","article_modified_time":"2025-05-21T10:45:53+00:00","og_image":[{"width":1200,"height":700,"url":"https:\/\/nodusbarbera.cat\/wp-content\/uploads\/oferta-feina-castellano.jpg","type":"image\/jpeg"}],"author":"webmaster","twitter_card":"summary_large_image","twitter_creator":"@nodusbarbera","twitter_site":"@nodusbarbera","twitter_misc":{"Escrito por":"webmaster","Tiempo de lectura":"2 minutos"},"schema":{"@context":"https:\/\/schema.org","@graph":[{"@type":"Article","@id":"https:\/\/nodusbarbera.cat\/es\/estem-contractant\/#article","isPartOf":{"@id":"https:\/\/nodusbarbera.cat\/es\/estem-contractant\/"},"author":{"name":"webmaster","@id":"https:\/\/nodusbarbera.cat\/#\/schema\/person\/f3356bf21f659e7e41d958bbb784cfe4"},"headline":"Estamos contratando: Administrativo\/va \u2013 Econom\u00eda, Finanzas y Comercial","datePublished":"2025-05-21T09:48:37+00:00","dateModified":"2025-05-21T10:45:53+00:00","mainEntityOfPage":{"@id":"https:\/\/nodusbarbera.cat\/es\/estem-contractant\/"},"wordCount":352,"publisher":{"@id":"https:\/\/nodusbarbera.cat\/#organization"},"image":{"@id":"https:\/\/nodusbarbera.cat\/es\/estem-contractant\/#primaryimage"},"thumbnailUrl":"https:\/\/nodusbarbera.cat\/wp-content\/uploads\/oferta-feina-castellano.jpg","articleSection":["Anuncios","Noticias"],"inLanguage":"es"},{"@type":"WebPage","@id":"https:\/\/nodusbarbera.cat\/es\/estem-contractant\/","url":"https:\/\/nodusbarbera.cat\/es\/estem-contractant\/","name":"Estamos contratando: Administrativo\/va \u2013 Econom\u00eda, Finanzas y Comercial - Nodus Barber\u00e0","isPartOf":{"@id":"https:\/\/nodusbarbera.cat\/#website"},"primaryImageOfPage":{"@id":"https:\/\/nodusbarbera.cat\/es\/estem-contractant\/#primaryimage"},"image":{"@id":"https:\/\/nodusbarbera.cat\/es\/estem-contractant\/#primaryimage"},"thumbnailUrl":"https:\/\/nodusbarbera.cat\/wp-content\/uploads\/oferta-feina-castellano.jpg","datePublished":"2025-05-21T09:48:37+00:00","dateModified":"2025-05-21T10:45:53+00:00","breadcrumb":{"@id":"https:\/\/nodusbarbera.cat\/es\/estem-contractant\/#breadcrumb"},"inLanguage":"es","potentialAction":[{"@type":"ReadAction","target":["https:\/\/nodusbarbera.cat\/es\/estem-contractant\/"]}]},{"@type":"ImageObject","inLanguage":"es","@id":"https:\/\/nodusbarbera.cat\/es\/estem-contractant\/#primaryimage","url":"https:\/\/nodusbarbera.cat\/wp-content\/uploads\/oferta-feina-castellano.jpg","contentUrl":"https:\/\/nodusbarbera.cat\/wp-content\/uploads\/oferta-feina-castellano.jpg","width":1200,"height":700},{"@type":"BreadcrumbList","@id":"https:\/\/nodusbarbera.cat\/es\/estem-contractant\/#breadcrumb","itemListElement":[{"@type":"ListItem","position":1,"name":"Inici","item":"https:\/\/nodusbarbera.cat\/"},{"@type":"ListItem","position":2,"name":"Estamos contratando: Administrativo\/va \u2013 Econom\u00eda, Finanzas y Comercial"}]},{"@type":"WebSite","@id":"https:\/\/nodusbarbera.cat\/#website","url":"https:\/\/nodusbarbera.cat\/","name":"Nodus Barber\u00e0","description":"Lloguer d&#039;oficines i despatxos a Barber\u00e0 del Vall\u00e8s, Barcelona.","publisher":{"@id":"https:\/\/nodusbarbera.cat\/#organization"},"potentialAction":[{"@type":"SearchAction","target":{"@type":"EntryPoint","urlTemplate":"https:\/\/nodusbarbera.cat\/?s={search_term_string}"},"query-input":{"@type":"PropertyValueSpecification","valueRequired":true,"valueName":"search_term_string"}}],"inLanguage":"es"},{"@type":"Organization","@id":"https:\/\/nodusbarbera.cat\/#organization","name":"Nodus Barber\u00e0","url":"https:\/\/nodusbarbera.cat\/","logo":{"@type":"ImageObject","inLanguage":"es","@id":"https:\/\/nodusbarbera.cat\/#\/schema\/logo\/image\/","url":"https:\/\/i0.wp.com\/nodusbarbera.cat\/wp-content\/uploads\/logo-footer-250.png?fit=250%2C231&ssl=1","contentUrl":"https:\/\/i0.wp.com\/nodusbarbera.cat\/wp-content\/uploads\/logo-footer-250.png?fit=250%2C231&ssl=1","width":250,"height":231,"caption":"Nodus Barber\u00e0"},"image":{"@id":"https:\/\/nodusbarbera.cat\/#\/schema\/logo\/image\/"},"sameAs":["https:\/\/www.facebook.com\/nodusbarbera","https:\/\/x.com\/nodusbarbera","https:\/\/www.instagram.com\/nodusbarbera\/","https:\/\/www.linkedin.com\/company\/nodus-barbera\/","https:\/\/www.youtube.com\/channel\/UCLJYdjFDfFQP1aGYuzUFd6A"]},{"@type":"Person","@id":"https:\/\/nodusbarbera.cat\/#\/schema\/person\/f3356bf21f659e7e41d958bbb784cfe4","name":"webmaster","image":{"@type":"ImageObject","inLanguage":"es","@id":"https:\/\/secure.gravatar.com\/avatar\/73641b46ed44db8f663f428fc279f909e9f48696e06a190b1e330f4634071610?s=96&d=mm&r=g","url":"https:\/\/secure.gravatar.com\/avatar\/73641b46ed44db8f663f428fc279f909e9f48696e06a190b1e330f4634071610?s=96&d=mm&r=g","contentUrl":"https:\/\/secure.gravatar.com\/avatar\/73641b46ed44db8f663f428fc279f909e9f48696e06a190b1e330f4634071610?s=96&d=mm&r=g","caption":"webmaster"}}]}},"_links":{"self":[{"href":"https:\/\/nodusbarbera.cat\/es\/wp-json\/wp\/v2\/posts\/8156","targetHints":{"allow":["GET"]}}],"collection":[{"href":"https:\/\/nodusbarbera.cat\/es\/wp-json\/wp\/v2\/posts"}],"about":[{"href":"https:\/\/nodusbarbera.cat\/es\/wp-json\/wp\/v2\/types\/post"}],"author":[{"embeddable":true,"href":"https:\/\/nodusbarbera.cat\/es\/wp-json\/wp\/v2\/users\/2"}],"replies":[{"embeddable":true,"href":"https:\/\/nodusbarbera.cat\/es\/wp-json\/wp\/v2\/comments?post=8156"}],"version-history":[{"count":2,"href":"https:\/\/nodusbarbera.cat\/es\/wp-json\/wp\/v2\/posts\/8156\/revisions"}],"predecessor-version":[{"id":8160,"href":"https:\/\/nodusbarbera.cat\/es\/wp-json\/wp\/v2\/posts\/8156\/revisions\/8160"}],"wp:featuredmedia":[{"embeddable":true,"href":"https:\/\/nodusbarbera.cat\/es\/wp-json\/wp\/v2\/media\/6313"}],"wp:attachment":[{"href":"https:\/\/nodusbarbera.cat\/es\/wp-json\/wp\/v2\/media?parent=8156"}],"wp:term":[{"taxonomy":"category","embeddable":true,"href":"https:\/\/nodusbarbera.cat\/es\/wp-json\/wp\/v2\/categories?post=8156"},{"taxonomy":"post_tag","embeddable":true,"href":"https:\/\/nodusbarbera.cat\/es\/wp-json\/wp\/v2\/tags?post=8156"}],"curies":[{"name":"wp","href":"https:\/\/api.w.org\/{rel}","templated":true}]}}